{"id":11038,"date":"2020-02-20T07:56:45","date_gmt":"2020-02-20T06:56:45","guid":{"rendered":"https:\/\/www.bustreff.de\/busmagazin\/?p=11038"},"modified":"2020-02-14T15:58:09","modified_gmt":"2020-02-14T14:58:09","slug":"mercedes-benz-stellt-sprinter-fuer-den-duesseldorfer-karneval","status":"publish","type":"post","link":"https:\/\/www.bustreff.de\/busmagazin\/mercedes-benz-stellt-sprinter-fuer-den-duesseldorfer-karneval\/","title":{"rendered":"Mercedes-Benz stellt Sprinter f\u00fcr den D\u00fcsseldorfer Karneval"},"content":{"rendered":"<div id=\"pl-11038\"  class=\"panel-layout\" ><div id=\"pg-11038-0\"  class=\"panel-grid panel-no-style\" ><div id=\"pgc-11038-0-0\"  class=\"panel-grid-cell\" ><div id=\"panel-11038-0-0-0\" class=\"so-panel widget widget_sow-editor panel-first-child panel-last-child\" data-index=\"0\" ><div\n\t\t\t\n\t\t\tclass=\"so-widget-sow-editor so-widget-sow-editor-base\"\n\t\t\t\n\t\t>\n<div class=\"siteorigin-widget-tinymce textwidget\">\n\t<p>Beim Rosenmontagszug am 24. Februar sind auch in diesem Jahr wieder 30 Mercedes-Benz Sprinter als Bagagewagen im Einsatz. Erstmals stellt der Fahrzeugbauer zus\u00e4tzlich einen eSprinter aus D\u00fcsseldorfer Produktion f\u00fcr den Zug. Alle Fahrzeuge sind selbstverst\u00e4ndlich mit karnevalistischen Motiven bunt verziert.<\/p>\n<p>Die symbolische Schl\u00fcssel\u00fcbergabe an das Prinzenpaar in der nordrhein-westf\u00e4lischen Landeshauptstadt fand k\u00fcrzlich im Mercedes-Benz Werk an der Rather Stra\u00dfe statt. Den Schl\u00fcssel \u00fcberreichte Standort- und Produktionsleiter Dr. Armin Willy an Prinz Axel I. und Venetia Jula.<\/p>\n<p>&nbsp;<\/p>\n<p>Bildquelle: Daimler<\/p>\n<\/div>\n<\/div><\/div><\/div><div id=\"pgc-11038-0-1\"  class=\"panel-grid-cell\" ><div id=\"panel-11038-0-1-0\" class=\"so-panel widget widget_sow-image panel-first-child panel-last-child\" data-index=\"1\" ><div\n\t\t\t\n\t\t\tclass=\"so-widget-sow-image so-widget-sow-image-default-8b5b6f678277-11038\"\n\t\t\t\n\t\t>\n<div class=\"sow-image-container\">\n\t\t<img \n\tsrc=\"https:\/\/www.bustreff.de\/busmagazin\/wp-content\/uploads\/2020\/02\/mb-karneval-512x342.jpg\" width=\"512\" height=\"342\" srcset=\"https:\/\/www.bustreff.de\/busmagazin\/wp-content\/uploads\/2020\/02\/mb-karneval-512x342.jpg 512w, https:\/\/www.bustreff.de\/busmagazin\/wp-content\/uploads\/2020\/02\/mb-karneval-200x133.jpg 200w, https:\/\/www.bustreff.de\/busmagazin\/wp-content\/uploads\/2020\/02\/mb-karneval-768x512.jpg 768w, https:\/\/www.bustreff.de\/busmagazin\/wp-content\/uploads\/2020\/02\/mb-karneval-272x182.jpg 272w, https:\/\/www.bustreff.de\/busmagazin\/wp-content\/uploads\/2020\/02\/mb-karneval.jpg 1024w\" sizes=\"(max-width: 512px) 100vw, 512px\" title=\"Helau in D\u00fcsseldorf: Mercedes-Benz Werk stellt 30 Bagagewagen und einen eSprinter f\u00fcr den D\u00fcsseldorfer Karneval\" alt=\"\" \t\tclass=\"so-widget-image\"\/>\n\t<\/div>\n\n<\/div><\/div><\/div><\/div><\/div>","protected":false},"excerpt":{"rendered":"<p>Beim Rosenmontagszug am 24. Februar sind auch in diesem Jahr wieder 30 Mercedes-Benz Sprinter als Bagagewagen im Einsatz. Erstmals stellt der Fahrzeugbauer zus\u00e4tzlich einen eSprinter aus D\u00fcsseldorfer Produktion f\u00fcr den Zug. Alle Fahrzeuge sind selbstverst\u00e4ndlich mit karnevalistischen Motiven bunt verziert. Die symbolische Schl\u00fcssel\u00fcbergabe an das Prinzenpaar in der nordrhein-westf\u00e4lischen Landeshauptstadt fand k\u00fcrzlich im Mercedes-Benz Werk &#8230; <a href=\"https:\/\/www.bustreff.de\/busmagazin\/mercedes-benz-stellt-sprinter-fuer-den-duesseldorfer-karneval\/\" class=\"more-link\">mehr<\/a><\/p>\n","protected":false},"author":10,"featured_media":11039,"comment_status":"closed","ping_status":"closed","sticky":false,"template":"","format":"standard","meta":{"footnotes":""},"categories":[5],"tags":[],"class_list":["post-11038","post","type-post","status-publish","format-standard","has-post-thumbnail","hentry","category-busmagazin"],"_links":{"self":[{"href":"https:\/\/www.bustreff.de\/busmagazin\/wp-json\/wp\/v2\/posts\/11038","targetHints":{"allow":["GET"]}}],"collection":[{"href":"https:\/\/www.bustreff.de\/busmagazin\/wp-json\/wp\/v2\/posts"}],"about":[{"href":"https:\/\/www.bustreff.de\/busmagazin\/wp-json\/wp\/v2\/types\/post"}],"author":[{"embeddable":true,"href":"https:\/\/www.bustreff.de\/busmagazin\/wp-json\/wp\/v2\/users\/10"}],"replies":[{"embeddable":true,"href":"https:\/\/www.bustreff.de\/busmagazin\/wp-json\/wp\/v2\/comments?post=11038"}],"version-history":[{"count":4,"href":"https:\/\/www.bustreff.de\/busmagazin\/wp-json\/wp\/v2\/posts\/11038\/revisions"}],"predecessor-version":[{"id":11043,"href":"https:\/\/www.bustreff.de\/busmagazin\/wp-json\/wp\/v2\/posts\/11038\/revisions\/11043"}],"wp:featuredmedia":[{"embeddable":true,"href":"https:\/\/www.bustreff.de\/busmagazin\/wp-json\/wp\/v2\/media\/11039"}],"wp:attachment":[{"href":"https:\/\/www.bustreff.de\/busmagazin\/wp-json\/wp\/v2\/media?parent=11038"}],"wp:term":[{"taxonomy":"category","embeddable":true,"href":"https:\/\/www.bustreff.de\/busmagazin\/wp-json\/wp\/v2\/categories?post=11038"},{"taxonomy":"post_tag","embeddable":true,"href":"https:\/\/www.bustreff.de\/busmagazin\/wp-json\/wp\/v2\/tags?post=11038"}],"curies":[{"name":"wp","href":"https:\/\/api.w.org\/{rel}","templated":true}]}}