{"id":11052,"date":"2020-02-25T08:12:19","date_gmt":"2020-02-25T07:12:19","guid":{"rendered":"https:\/\/www.bustreff.de\/busmagazin\/?p=11052"},"modified":"2020-02-17T12:28:31","modified_gmt":"2020-02-17T11:28:31","slug":"setra-linieneinsatz-im-suedpazifik","status":"publish","type":"post","link":"https:\/\/www.bustreff.de\/busmagazin\/setra-linieneinsatz-im-suedpazifik\/","title":{"rendered":"Setra: Linieneinsatz im S\u00fcdpazifik"},"content":{"rendered":"<div id=\"pl-11052\"  class=\"panel-layout\" ><div id=\"pg-11052-0\"  class=\"panel-grid panel-no-style\" ><div id=\"pgc-11052-0-0\"  class=\"panel-grid-cell\" ><div id=\"panel-11052-0-0-0\" class=\"so-panel widget widget_sow-editor panel-first-child panel-last-child\" data-index=\"0\" ><div\n\t\t\t\n\t\t\tclass=\"so-widget-sow-editor so-widget-sow-editor-base\"\n\t\t\t\n\t\t>\n<div class=\"siteorigin-widget-tinymce textwidget\">\n\t<p>Das Busunternehmen Carsud in Neukaledonien hat erstmals 24 neue Setra Low Entry Busse S 416 LE business in Dienst genommen. Die Fahrzeuge werden ebenso wie 12 neue Sprinter City 35 auf den \u00f6ffentlichen Taneo-Nahverkehrslinien eingesetzt, die die Vororte mit der Hauptstadt Noum\u00e9a auf der Hauptinsel Grande Terre verbinden. Die Busse sind behindertengerecht ausgestattet und haben USB-Stecker, WLAN-Zugang sowie ein Fahrgastinformations-System an Bord.<\/p>\n<p>Mehr als 9.000 Passagiere t\u00e4glich nutzen das Angebot des Linienbetreibers, der insgesamt 50 Fahrzeuge in seinem Fuhrpark hat. Die Inselgruppe Neukaledonien ist franz\u00f6sisches \u00dcberseegebiet und liegt etwa 1500 km \u00f6stlich von Australien im S\u00fcdpazifik.<\/p>\n<p>&nbsp;<\/p>\n<p>Bildquelle: Daimler<\/p>\n<\/div>\n<\/div><\/div><\/div><div id=\"pgc-11052-0-1\"  class=\"panel-grid-cell\" ><div id=\"panel-11052-0-1-0\" class=\"so-panel widget widget_sow-image panel-first-child panel-last-child\" data-index=\"1\" ><div\n\t\t\t\n\t\t\tclass=\"so-widget-sow-image so-widget-sow-image-default-8b5b6f678277-11052\"\n\t\t\t\n\t\t>\n<div class=\"sow-image-container\">\n\t\t<img \n\tsrc=\"https:\/\/www.bustreff.de\/busmagazin\/wp-content\/uploads\/2020\/02\/daimler-s\u00fcdpazifik-512x385.jpg\" width=\"512\" height=\"385\" srcset=\"https:\/\/www.bustreff.de\/busmagazin\/wp-content\/uploads\/2020\/02\/daimler-s\u00fcdpazifik-512x385.jpg 512w, https:\/\/www.bustreff.de\/busmagazin\/wp-content\/uploads\/2020\/02\/daimler-s\u00fcdpazifik-200x150.jpg 200w, https:\/\/www.bustreff.de\/busmagazin\/wp-content\/uploads\/2020\/02\/daimler-s\u00fcdpazifik-768x577.jpg 768w, https:\/\/www.bustreff.de\/busmagazin\/wp-content\/uploads\/2020\/02\/daimler-s\u00fcdpazifik.jpg 1000w\" sizes=\"(max-width: 512px) 100vw, 512px\" alt=\"\" \t\tclass=\"so-widget-image\"\/>\n\t<\/div>\n\n<\/div><\/div><\/div><\/div><\/div>","protected":false},"excerpt":{"rendered":"<p>Das Busunternehmen Carsud in Neukaledonien hat erstmals 24 neue Setra Low Entry Busse S 416 LE business in Dienst genommen. Die Fahrzeuge werden ebenso wie 12 neue Sprinter City 35 auf den \u00f6ffentlichen Taneo-Nahverkehrslinien eingesetzt, die die Vororte mit der Hauptstadt Noum\u00e9a auf der Hauptinsel Grande Terre verbinden. Die Busse sind behindertengerecht ausgestattet und haben &#8230; <a href=\"https:\/\/www.bustreff.de\/busmagazin\/setra-linieneinsatz-im-suedpazifik\/\" class=\"more-link\">mehr<\/a><\/p>\n","protected":false},"author":10,"featured_media":11053,"comment_status":"closed","ping_status":"closed","sticky":false,"template":"","format":"standard","meta":{"footnotes":""},"categories":[5],"tags":[],"class_list":["post-11052","post","type-post","status-publish","format-standard","has-post-thumbnail","hentry","category-busmagazin"],"_links":{"self":[{"href":"https:\/\/www.bustreff.de\/busmagazin\/wp-json\/wp\/v2\/posts\/11052","targetHints":{"allow":["GET"]}}],"collection":[{"href":"https:\/\/www.bustreff.de\/busmagazin\/wp-json\/wp\/v2\/posts"}],"about":[{"href":"https:\/\/www.bustreff.de\/busmagazin\/wp-json\/wp\/v2\/types\/post"}],"author":[{"embeddable":true,"href":"https:\/\/www.bustreff.de\/busmagazin\/wp-json\/wp\/v2\/users\/10"}],"replies":[{"embeddable":true,"href":"https:\/\/www.bustreff.de\/busmagazin\/wp-json\/wp\/v2\/comments?post=11052"}],"version-history":[{"count":4,"href":"https:\/\/www.bustreff.de\/busmagazin\/wp-json\/wp\/v2\/posts\/11052\/revisions"}],"predecessor-version":[{"id":11057,"href":"https:\/\/www.bustreff.de\/busmagazin\/wp-json\/wp\/v2\/posts\/11052\/revisions\/11057"}],"wp:featuredmedia":[{"embeddable":true,"href":"https:\/\/www.bustreff.de\/busmagazin\/wp-json\/wp\/v2\/media\/11053"}],"wp:attachment":[{"href":"https:\/\/www.bustreff.de\/busmagazin\/wp-json\/wp\/v2\/media?parent=11052"}],"wp:term":[{"taxonomy":"category","embeddable":true,"href":"https:\/\/www.bustreff.de\/busmagazin\/wp-json\/wp\/v2\/categories?post=11052"},{"taxonomy":"post_tag","embeddable":true,"href":"https:\/\/www.bustreff.de\/busmagazin\/wp-json\/wp\/v2\/tags?post=11052"}],"curies":[{"name":"wp","href":"https:\/\/api.w.org\/{rel}","templated":true}]}}