{"id":11086,"date":"2020-02-18T06:28:46","date_gmt":"2020-02-18T05:28:46","guid":{"rendered":"https:\/\/www.bustreff.de\/busmagazin\/?p=11086"},"modified":"2020-02-17T12:32:35","modified_gmt":"2020-02-17T11:32:35","slug":"bmvi-schecks-fuer-mehr-e-mobiltaet","status":"publish","type":"post","link":"https:\/\/www.bustreff.de\/busmagazin\/bmvi-schecks-fuer-mehr-e-mobiltaet\/","title":{"rendered":"BMVI: Schecks f\u00fcr mehr E-Mobilt\u00e4t"},"content":{"rendered":"<div id=\"pl-11086\"  class=\"panel-layout\" ><div id=\"pg-11086-0\"  class=\"panel-grid panel-no-style\" ><div id=\"pgc-11086-0-0\"  class=\"panel-grid-cell\" ><div id=\"panel-11086-0-0-0\" class=\"so-panel widget widget_sow-editor panel-first-child panel-last-child\" data-index=\"0\" ><div\n\t\t\t\n\t\t\tclass=\"so-widget-sow-editor so-widget-sow-editor-base\"\n\t\t\t\n\t\t>\n<div class=\"siteorigin-widget-tinymce textwidget\">\n\t<p>Das Bundesministerium f\u00fcr Verkehr und digitale Infrastruktur (BMVI) vergab aktuell 168 \u201eZukunftsschecks\u201c in H\u00f6he von insgesamt 90 Mio. Euro aus der F\u00f6rderrichtlinie Elektromobilit\u00e4t. Ziel dieser Finanzspritze ist die Elektrifizierung kommunaler Fahrzeugflotten zur Senkung der Stickstoffdioxidbelastung in St\u00e4dten.<\/p>\n<p>Mit diesem Geld soll der Kauf von \u00fcber 3.800 E-Fahrzeugen (mehr als 3.000 Pkw, \u00fcber 30 Busse und bis zu 400 Nutzfahrzeuge) und den dazugeh\u00f6rigen fast 2.000 Ladem\u00f6glichkeiten mitfinanziert werden. Auch wird erstmals eine E-F\u00e4hre in Kiel gef\u00f6rdert.<\/p>\n<p>Mit der F\u00f6rderrichtlinie Elektromobilit\u00e4t vom 5. Dezember 2017 unterst\u00fctzt das BMVI gezielt Kommunen und Unternehmen im kommunalen Kontext. Ziel des F\u00f6rderprogramms: Kommunen bei der Gestaltung umweltfreundlicher Mobilit\u00e4t zu unterst\u00fctzen. Schwerpunkte der F\u00f6rderung sind neben der Beschaffung von E-Fahrzeugen (insbesondere bei Fahrzeugen mit hoher Verkehrsleistung) und der passenden Ladeinfrastruktur auch die F\u00f6rderung von Elektromobilit\u00e4tskonzepten und Forschungsvorhaben.<\/p>\n<p>Insgesamt stehen im Rahmen des Sofortprogramms \u201eSaubere Luft 2017-2020\u201c 265 Millionen Euro f\u00fcr die Beschaffung von Elektrofahrzeugen und der dazugeh\u00f6rigen Ladeinfrastruktur f\u00fcr Kommunen mit zu hohen Stickstoffbelastungen zur Verf\u00fcgung. Damit werden 385 Vorhaben f\u00fcr den Kauf von fast 9.000 E-Fahrzeugen (rund 8.000 Pkw, mehr als 300 Busse und bis zu 700 Nutzfahrzeuge) sowie die hierf\u00fcr erforderlichen fast 5.000 Ladem\u00f6glichkeiten erm\u00f6glicht.<\/p>\n<p>Bildquelle: pixabay\/A. Krebs<\/p>\n<\/div>\n<\/div><\/div><\/div><div id=\"pgc-11086-0-1\"  class=\"panel-grid-cell\" ><div id=\"panel-11086-0-1-0\" class=\"so-panel widget widget_sow-image panel-first-child panel-last-child\" data-index=\"1\" ><div\n\t\t\t\n\t\t\tclass=\"so-widget-sow-image so-widget-sow-image-default-8b5b6f678277-11086\"\n\t\t\t\n\t\t>\n<div class=\"sow-image-container\">\n\t\t<img \n\tsrc=\"https:\/\/www.bustreff.de\/busmagazin\/wp-content\/uploads\/2020\/02\/charging-station-4632700_1920-512x341.jpg\" width=\"512\" height=\"341\" srcset=\"https:\/\/www.bustreff.de\/busmagazin\/wp-content\/uploads\/2020\/02\/charging-station-4632700_1920-512x341.jpg 512w, https:\/\/www.bustreff.de\/busmagazin\/wp-content\/uploads\/2020\/02\/charging-station-4632700_1920-200x133.jpg 200w, https:\/\/www.bustreff.de\/busmagazin\/wp-content\/uploads\/2020\/02\/charging-station-4632700_1920-768x512.jpg 768w, https:\/\/www.bustreff.de\/busmagazin\/wp-content\/uploads\/2020\/02\/charging-station-4632700_1920-1536x1024.jpg 1536w, https:\/\/www.bustreff.de\/busmagazin\/wp-content\/uploads\/2020\/02\/charging-station-4632700_1920-272x182.jpg 272w, https:\/\/www.bustreff.de\/busmagazin\/wp-content\/uploads\/2020\/02\/charging-station-4632700_1920.jpg 1920w\" sizes=\"(max-width: 512px) 100vw, 512px\" alt=\"\" \t\tclass=\"so-widget-image\"\/>\n\t<\/div>\n\n<\/div><\/div><\/div><\/div><\/div>","protected":false},"excerpt":{"rendered":"<p>Das Bundesministerium f\u00fcr Verkehr und digitale Infrastruktur (BMVI) vergab aktuell 168 \u201eZukunftsschecks\u201c in H\u00f6he von insgesamt 90 Mio. Euro aus der F\u00f6rderrichtlinie Elektromobilit\u00e4t. Ziel dieser Finanzspritze ist die Elektrifizierung kommunaler Fahrzeugflotten zur Senkung der Stickstoffdioxidbelastung in St\u00e4dten. Mit diesem Geld soll der Kauf von \u00fcber 3.800 E-Fahrzeugen (mehr als 3.000 Pkw, \u00fcber 30 Busse und &#8230; <a href=\"https:\/\/www.bustreff.de\/busmagazin\/bmvi-schecks-fuer-mehr-e-mobiltaet\/\" class=\"more-link\">mehr<\/a><\/p>\n","protected":false},"author":6,"featured_media":11087,"comment_status":"closed","ping_status":"closed","sticky":false,"template":"","format":"standard","meta":{"footnotes":""},"categories":[5],"tags":[],"class_list":["post-11086","post","type-post","status-publish","format-standard","has-post-thumbnail","hentry","category-busmagazin"],"_links":{"self":[{"href":"https:\/\/www.bustreff.de\/busmagazin\/wp-json\/wp\/v2\/posts\/11086","targetHints":{"allow":["GET"]}}],"collection":[{"href":"https:\/\/www.bustreff.de\/busmagazin\/wp-json\/wp\/v2\/posts"}],"about":[{"href":"https:\/\/www.bustreff.de\/busmagazin\/wp-json\/wp\/v2\/types\/post"}],"author":[{"embeddable":true,"href":"https:\/\/www.bustreff.de\/busmagazin\/wp-json\/wp\/v2\/users\/6"}],"replies":[{"embeddable":true,"href":"https:\/\/www.bustreff.de\/busmagazin\/wp-json\/wp\/v2\/comments?post=11086"}],"version-history":[{"count":8,"href":"https:\/\/www.bustreff.de\/busmagazin\/wp-json\/wp\/v2\/posts\/11086\/revisions"}],"predecessor-version":[{"id":11095,"href":"https:\/\/www.bustreff.de\/busmagazin\/wp-json\/wp\/v2\/posts\/11086\/revisions\/11095"}],"wp:featuredmedia":[{"embeddable":true,"href":"https:\/\/www.bustreff.de\/busmagazin\/wp-json\/wp\/v2\/media\/11087"}],"wp:attachment":[{"href":"https:\/\/www.bustreff.de\/busmagazin\/wp-json\/wp\/v2\/media?parent=11086"}],"wp:term":[{"taxonomy":"category","embeddable":true,"href":"https:\/\/www.bustreff.de\/busmagazin\/wp-json\/wp\/v2\/categories?post=11086"},{"taxonomy":"post_tag","embeddable":true,"href":"https:\/\/www.bustreff.de\/busmagazin\/wp-json\/wp\/v2\/tags?post=11086"}],"curies":[{"name":"wp","href":"https:\/\/api.w.org\/{rel}","templated":true}]}}