{"id":11117,"date":"2020-02-21T06:20:46","date_gmt":"2020-02-21T05:20:46","guid":{"rendered":"https:\/\/www.bustreff.de\/busmagazin\/?p=11117"},"modified":"2020-08-26T09:45:37","modified_gmt":"2020-08-26T07:45:37","slug":"traumhafte-welten","status":"publish","type":"post","link":"https:\/\/www.bustreff.de\/busmagazin\/traumhafte-welten\/","title":{"rendered":"Traumhafte Welten"},"content":{"rendered":"<div id=\"pl-11117\"  class=\"panel-layout\" ><div id=\"pg-11117-0\"  class=\"panel-grid panel-no-style\" ><div id=\"pgc-11117-0-0\"  class=\"panel-grid-cell\" ><div id=\"panel-11117-0-0-0\" class=\"so-panel widget widget_sow-editor panel-first-child panel-last-child\" data-index=\"0\" ><div\n\t\t\t\n\t\t\tclass=\"so-widget-sow-editor so-widget-sow-editor-base\"\n\t\t\t\n\t\t>\n<div class=\"siteorigin-widget-tinymce textwidget\">\n\t<p>Einen gr\u00fcnen Daumen haben, das sagt sich so leicht, ist aber gar nicht so leicht umzusetzen. Wer diese Art von Finger hat, hat ein besonderes Talent f\u00fcrs G\u00e4rtnern. Pflanzen in derartigen H\u00e4nden gedeihen pr\u00e4chtig und strotzen nur so vor Gesundheit. Egal welche Pflanze man diesen Spezialisten in Obhut gibt, sie wirken Wunder, das beweisen z. B. immer wieder die Landesgartenschauen in den Bundesl\u00e4ndern. Und w\u00e4hrend das eigene Gr\u00fcnzeug daheim vielleicht im Halbschatten dahinvegetiert oder sich unter voller Sonne das Blattgr\u00fcn verbrennt und so manche Sukkulente als Sumpfpflanze missdeutet wird, schaffen jene mit dem gr\u00fcnen Daumen wunderbare Pflanzenwelten. Bei ihnen sprie\u00dft, w\u00e4chst und bl\u00fcht alles, was sie ber\u00fchren.<\/p>\n<p>Die <strong>2. Landesgartenschau Ingolstadt<\/strong> startet z. B. am 24. April in die Saison, die bis zum 4. Okt. geht. Man darf gespannt sein, ob sie an den Erfolg der ersten ankn\u00fcpfen kann.<\/p>\n<p>Das bl\u00fchende Gartenschaugel\u00e4nde und das abwechslungsreiche Rahmenprogramm mit \u00fcber 17.000 Veranstaltungen lockten 1992 \u00fcber 700.000 G\u00e4ste an.<\/p>\n<p><strong>Die ehemalige Festungsstadt der bayerischen Armee<\/strong> besitzt mehrere Gr\u00fcng\u00fcrtel rund um die Altstadt, sie bildeten und bilden den Kern der bl\u00fchenden Schau. Mit der Landesgartenschau 2020 wurde nun ein neuer B\u00fcrgerpark geschaffen, der den zweiten Gr\u00fcng\u00fcrtel vollendet. Dieses neue Naherholungszentrum bietet den Bewohnern und den kommenden G\u00e4sten Lebensqualit\u00e4t. Die Landesgartenschau mit ihren 23 ha Gesamtfl\u00e4che ist dann das \u201eEinweihungsfest f\u00fcr die kommenden Monate\u201c, wie die Gartenspezialisten vor Ort betonen.<br \/>\nEtliche Schau- und Themeng\u00e4rten von rund 90 Ausstellern pr\u00e4sentieren dann neue Ideen f\u00fcr eine zeitgem\u00e4\u00dfe und \u2013 das ist den Ingolst\u00e4dtern wichtig \u2013 nachhaltige Gartengestaltung. Den Sinnen wird dabei fiel geboten: Farbenfrohe Staudenpflanzungen oder tausende Fr\u00fchjahrs- und Sommerblumen erstrecken sich mit ihrer Bl\u00fctenpracht auf \u00fcber 2500 m<sup>2<\/sup> Wechselflorfl\u00e4che und in der insgesamt spannungsvoll gestalteten Parklandschaft.<br \/>\n<strong>\u201eViele zukunftsweisende Ausstellungsthemen<\/strong>, Beitr\u00e4ge und Fachvortr\u00e4ge von Experten\u201c bereichern diese Gartenschaumonate. Kunst, Theater, Musik und Tanz erg\u00e4nzen die s\u00fcddeutsche Pflanzenwelt und \u2013pracht.<\/p>\n<p>Zu den floristischen H\u00f6hepunkten z\u00e4hlen u. a. \u201eRosenduft und Bl\u00fctenzauber \u2013 Die Rosenschau\u201c (26.-30.6.), \u201eAus der Schatzkammer der Natur \u2013 Botanische Pflanzenrarit\u00e4ten\u201c (14.-23.8.), \u201eHerbstzauber \u2013 wogende Gr\u00e4sern und strahlende Chrysanthemen\u201c (11.-20.9.).<\/p>\n<p>Folgende Festivit\u00e4ten empfehlen die Ingolst\u00e4dter Gruppenreiseveranstaltern zudem: \u201eWochenende der Blasmusik\u201c (9.-10.5.), \u201eDonaugau Trachtenverband\u201c (27.-28.6), Sommerfest mit diversen Bands (18.7.), \u201eHelter Skelter\u201c (Coverband 80er Rock, 25.7.) und \u201eKeller Steff Big Band\u201c (5.9.).<\/p>\n<p>Auch die Parks der <strong>Landesgartenschau Kamp-Lintfort<\/strong> bieten ihren G\u00e4sten einiges an Gartenkunst, die man allein, in der Gruppe oder in Rahmen einer F\u00fchrung (1,5 Std) erkunden kann. Diese kosten 60 Euro bei max. 20 Pers. pro F\u00fchrung durch das Kamper Gartenreich oder im Zechenpark der alten Zeche Friedrich Heinrich.<\/p>\n<p>Sechs Ausflugsprogramme stehen zudem als Alternativen zur Auswahl. \u201eGartenlust und Gartenkunst\u201c auf dem Zechengel\u00e4nde (vormittags) soll ganz bewusst <strong>Anregungen f\u00fcr die Gestaltung des eigenen Gartens<\/strong> liefern bzw. f\u00fcr jene, die \u00fcber keinen eigene verf\u00fcgen, Idee f\u00fcr die Balkonk\u00fcbel geben. Nach einem Mittagsessen stehen dann am Nachmittag die historischen Gartenanlagen des Kamper Gartenreichs im Fokus; min. 15 P., 39 Euro p. P.<\/p>\n<p>\u201eLaga und Bergbau\u201c nennt sich das zweite Angebot. Neben der Gartenschau steht die Arbeit der Kumpels im Fokus. Der Steinkohlenabbau endete bereits Dez. 2012, aber im Lehrstollen kann man noch viele Informationen mitnehmen.<\/p>\n<p>Um die Mittagszeit genie\u00dfen die Teilnehmer am Quartiersplatz am F\u00f6rderturm mit Blick auf die spektakul\u00e4re Industriekulisse ein gemeinsames Mahl, 15 \u2013 30 Pers., 39 Euro p. P.<\/p>\n<p>Nummer drei ist <strong>\u201eLaga und Kloster Kamp\u201c<\/strong>. Den ersten Teil des Tages f\u00fcllt eine F\u00fchrung durch den Zechenpark. Dann geht es am Nachmittag zur ehemaligen Zisterzienserabtei, die bereits 1123 ihre \u201eArbeit\u201c aufnahm und damit die erste ihrer Art in Deutschland war. Die Anlage liegt auf einem H\u00fcgel, an dem s\u00fcdlich der historische Kanal Fossa Eugeniana entlangf\u00fchrt. Ein Bauvorhaben von 1626, das Rhein und Maas verbinden sollte, jedoch nie fertiggestellt wurde. Dieses Programm ist nur donnerstags buchbar (min. 15 Pers., 39 Euro p.P).<br \/>\nWer ein bisschen mehr Bewegung denn Stille und innere Einkehr sucht, ist vielleicht bei \u201eLaga und Kutschfahrten\u201c richtig. Nach dem Landesgartenschaubesuch geht\u2019s n\u00e4mlich nach dem Mittagsmahl mit bespannten Wagen durch die <strong>niederrheinische Kulturlandschaft<\/strong> und an dem erw\u00e4hnten Kanalprojekt entlang (min. 15 Pers., 64 Euro p. P.).<br \/>\n\u201eLaga und Rindersafari\u201c klingt nicht nur spannend, sondern ist es auch. Nach Park und dem Essen geht\u2018s dann auf zum 8 km entfernten Biolandhof Frohnenbruch (eigene Anfahrt!). Das ehemalige Rittergut samt seinen Weiden erkundet die Gruppe per Traktor und erf\u00e4hrt an verschiedenen Stationen alles \u00fcber den fachgerechten Umgang mit den Tieren. Wer will kann sich auch noch im Hofladen mit den hier erzeugten Produkten eindecken, min 15 Pers. 43,50 Euro p. P.<\/p>\n<p>Letzte ausgearbeitete Idee firmiert unter dem Titel \u201eMitten im Leben\u201c. Dieses Programm beinhaltet eine Kurzf\u00fchrung durch die Landesgartenschau auf der Zeche und ein gemeinsames Kaffeetrinken in der Gastronomie am Quartiersplatz. Am Nachmittag erf\u00e4hrt die Gruppe vieles \u00fcber den Zechenpark mit seinen Themeng\u00e4rten und dem Bergbau, min. 15 Pers. 26 Euro p. P.<\/p>\n<p><strong>1250 Jahre \u00dcberlingen und 179 Tage Landesgartenschau am Bodensee<\/strong> (\u00fcbrigens die erste am gr\u00f6\u00dften deutschen Binnengew\u00e4sser), so erschallt der Ruf aus \u201eIberlinge\u201c wie die Kleinstadt im alemannischen Dialekt hei\u00dft. Das geplante Programm f\u00fcr den Zeitraum vom 23. April bis 18. Okt. ist voll und bunt! 3.000 Events verschiedenster Couleur sind gedacht. Diverse Ausstellungen und immer wieder neue g\u00e4rtnerische Pracht im Wechsel der Jahreszeiten geh\u00f6ren ebenfalls dazu.<\/p>\n<p>An zentralen Pl\u00e4tzen in der Innenstadt der ehemaligen Reichsstadt sowie am Seeufer bl\u00fcht die Landesgartenschau wortw\u00f6rtlich auf. Aus f\u00fcnf eintrittspflichtigen Bereichen (zwei am See) besteht das floristische Event. Mit 6 ha ist dabei der neugeschaffene Uferpark im Westen der Stadt der gr\u00f6\u00dfte.<\/p>\n<p><strong>Verbunden sind sie alle durch einen Rundweg<\/strong> (5 km), der ein \u201eunvergleichliches Panorama\u201c bieten soll. Unmittelbar beim ZOB beginnt der Einstieg zum Rundweg.<\/p>\n<p>Zu den Highlights, neben den vielen Veranstaltungen, <strong>z\u00e4hlen die schwimmenden G\u00e4rten<\/strong>, eine Seeb\u00fchne, ein Kirschschiff, eine Open-Air-Bibliothek, 3.000 m<sup>2 <\/sup>Wechselflor sowie Blumenschauen in der Kapuzinerkirche, die alle 14 Tage wechseln werden. Wem das nicht reicht, der kann \u00fcbrigens per Boot und eigener Schiffsanlagestelle zur Blumeninsel Mainau \u00fcbersetzen.<\/p>\n<p>Monatlich steht zudem ein Highlight-Wochenende auf dem Programm, mit einer besonderen Veranstaltung wie einem gro\u00dfen Pop- oder Rockkonzert oder einem gro\u00dfen Fest. 1250 Jahre \u00dcberlingen m\u00fcssen schlie\u00dflich auch ordentlich gefeiert werden.<\/p>\n<p>Bei diesem Doppelevent spielt nat\u00fcrlich auch das Wasser eine gro\u00dfe Rolle, nicht nur durch die Seeb\u00fchne mit ihrer einmaligen Chance, die Besucher mit ungew\u00f6hnlichen Inszenierungen zu begeistern. <strong>Ein mehrt\u00e4giges Wassersportfestival<\/strong> mit vielen Mitmachaktionen z\u00e4hlt zu den Highlights rund um den Wassersport.<\/p>\n<p>Gruppen ab 20 Pers. zahlen \u00fcbrigens einen reduzierten Eintrittspreis von 15 Euro p. P. Busfahrer und zertifizierten Reiseleiter haben freien Eintritt. F\u00fcr den Fahrer gibt es dar\u00fcber hinaus einen Verzehrbon und eine Buslounge. Die Busparkpl\u00e4tze sind kostenfrei.<\/p>\n<p>&nbsp;<\/p>\n<p>Bild: Die schwimmenden G\u00e4rten am Ufer des Bodensees sind ein Highlight der dortigen Gartenschau<\/p>\n<p>&nbsp;<\/p>\n<p>Text: Dirk Sanne<\/p>\n<p>Bildquelle: Dreiseitl Consulting<\/p>\n<p>&nbsp;<\/p>\n<p>&nbsp;<\/p>\n<\/div>\n<\/div><\/div><\/div><div id=\"pgc-11117-0-1\"  class=\"panel-grid-cell\" ><div id=\"panel-11117-0-1-0\" class=\"so-panel widget widget_sow-image panel-first-child panel-last-child\" data-index=\"1\" ><div\n\t\t\t\n\t\t\tclass=\"so-widget-sow-image so-widget-sow-image-default-8b5b6f678277-11117\"\n\t\t\t\n\t\t>\n<div class=\"sow-image-container\">\n\t\t<img \n\tsrc=\"https:\/\/www.bustreff.de\/busmagazin\/wp-content\/uploads\/2020\/02\/556-512x288.jpg\" width=\"512\" height=\"288\" srcset=\"https:\/\/www.bustreff.de\/busmagazin\/wp-content\/uploads\/2020\/02\/556-512x288.jpg 512w, https:\/\/www.bustreff.de\/busmagazin\/wp-content\/uploads\/2020\/02\/556-200x113.jpg 200w, https:\/\/www.bustreff.de\/busmagazin\/wp-content\/uploads\/2020\/02\/556-768x432.jpg 768w, https:\/\/www.bustreff.de\/busmagazin\/wp-content\/uploads\/2020\/02\/556-1536x864.jpg 1536w, https:\/\/www.bustreff.de\/busmagazin\/wp-content\/uploads\/2020\/02\/556-2048x1152.jpg 2048w\" sizes=\"(max-width: 512px) 100vw, 512px\" title=\"556\" alt=\"\" \t\tclass=\"so-widget-image\"\/>\n\t<\/div>\n\n<\/div><\/div><\/div><\/div><\/div>","protected":false},"excerpt":{"rendered":"<p>Einen gr\u00fcnen Daumen haben, das sagt sich so leicht, ist aber gar nicht so leicht umzusetzen. Wer diese Art von Finger hat, hat ein besonderes Talent f\u00fcrs G\u00e4rtnern. Pflanzen in derartigen H\u00e4nden gedeihen pr\u00e4chtig und strotzen nur so vor Gesundheit. Egal welche Pflanze man diesen Spezialisten in Obhut gibt, sie wirken Wunder, das beweisen z. &#8230; <a href=\"https:\/\/www.bustreff.de\/busmagazin\/traumhafte-welten\/\" class=\"more-link\">mehr<\/a><\/p>\n","protected":false},"author":6,"featured_media":11118,"comment_status":"closed","ping_status":"closed","sticky":false,"template":"","format":"standard","meta":{"footnotes":""},"categories":[5],"tags":[],"class_list":["post-11117","post","type-post","status-publish","format-standard","has-post-thumbnail","hentry","category-busmagazin"],"_links":{"self":[{"href":"https:\/\/www.bustreff.de\/busmagazin\/wp-json\/wp\/v2\/posts\/11117","targetHints":{"allow":["GET"]}}],"collection":[{"href":"https:\/\/www.bustreff.de\/busmagazin\/wp-json\/wp\/v2\/posts"}],"about":[{"href":"https:\/\/www.bustreff.de\/busmagazin\/wp-json\/wp\/v2\/types\/post"}],"author":[{"embeddable":true,"href":"https:\/\/www.bustreff.de\/busmagazin\/wp-json\/wp\/v2\/users\/6"}],"replies":[{"embeddable":true,"href":"https:\/\/www.bustreff.de\/busmagazin\/wp-json\/wp\/v2\/comments?post=11117"}],"version-history":[{"count":4,"href":"https:\/\/www.bustreff.de\/busmagazin\/wp-json\/wp\/v2\/posts\/11117\/revisions"}],"predecessor-version":[{"id":11122,"href":"https:\/\/www.bustreff.de\/busmagazin\/wp-json\/wp\/v2\/posts\/11117\/revisions\/11122"}],"wp:featuredmedia":[{"embeddable":true,"href":"https:\/\/www.bustreff.de\/busmagazin\/wp-json\/wp\/v2\/media\/11118"}],"wp:attachment":[{"href":"https:\/\/www.bustreff.de\/busmagazin\/wp-json\/wp\/v2\/media?parent=11117"}],"wp:term":[{"taxonomy":"category","embeddable":true,"href":"https:\/\/www.bustreff.de\/busmagazin\/wp-json\/wp\/v2\/categories?post=11117"},{"taxonomy":"post_tag","embeddable":true,"href":"https:\/\/www.bustreff.de\/busmagazin\/wp-json\/wp\/v2\/tags?post=11117"}],"curies":[{"name":"wp","href":"https:\/\/api.w.org\/{rel}","templated":true}]}}