{"id":11123,"date":"2020-02-18T13:26:48","date_gmt":"2020-02-18T12:26:48","guid":{"rendered":"https:\/\/www.bustreff.de\/busmagazin\/?p=11123"},"modified":"2020-02-18T13:26:48","modified_gmt":"2020-02-18T12:26:48","slug":"vip-treff-der-kurzen-wege-rundum-erfolgreiches-jubilaeum","status":"publish","type":"post","link":"https:\/\/www.bustreff.de\/busmagazin\/vip-treff-der-kurzen-wege-rundum-erfolgreiches-jubilaeum\/","title":{"rendered":"VIP-Treff der kurzen Wege \u2013 rundum erfolgreiches Jubil\u00e4um"},"content":{"rendered":"<div id=\"pl-11123\"  class=\"panel-layout\" ><div id=\"pg-11123-0\"  class=\"panel-grid panel-no-style\" ><div id=\"pgc-11123-0-0\"  class=\"panel-grid-cell\" ><div id=\"panel-11123-0-0-0\" class=\"so-panel widget widget_sow-editor panel-first-child panel-last-child\" data-index=\"0\" ><div\n\t\t\t\n\t\t\tclass=\"so-widget-sow-editor so-widget-sow-editor-base\"\n\t\t\t\n\t\t>\n<div class=\"siteorigin-widget-tinymce textwidget\">\n\t<p>Den Auftakt des 25. VPR VIP-Treffs 2020 (13.-16. Februar) bildeten am Donnerstag Vortr\u00e4ge und Kurzseminare im Maritim Hotel Stuttgart, dem Ursprungsort der VIP-Treffs in 1995. Der Hamburger Schauspieler und Event-Veranstalter Till Demtr\u00f8der gab bei seinem Vortrag Einblicke hinter die Kulissen der Filmund Eventwelt unter dem Motto \u201eInszenierung mit Leidenschaft\u201c. Die Unter nehmen Mydays, Ehrich &amp; Kollegen sowie das Startup Passolution informierten \u00fcber die Themen Mitarbeitergewinnung, Mitarbeitermotivation, Unternehmensnachfolge, Einreisebestimmun gen und Reiseformalit\u00e4ten. <strong>Erstmals fand im Anschluss die Verleihung des QualityBus Awards f\u00fcr Deutschlands beste Busreiseveranstalter statt<\/strong> - in Terminkooperation mit dem VIP-Treffstatt und zwar im nahegelegenen Cinemaxx. Nach den Veranstaltungen im Tropical Islands 2018 sowie in der Autostadt in Wolfsburg 2019 nun also \u201evolles Kino\u201c 2020 in Stuttgart.<\/p>\n<p>Ein unterhaltsames Programm mit vielen Videos, Stimmen und Statements von Busreise-Kunden gab der Preisverleihung in diesem Jahr einen besonderen Rahmen. Insgesamt wurden die <strong>18 besten Busreiseveranstalter des Jahres 2019<\/strong> nach Kundenbewertungen mit dem \u201eOscar der Bustouristik\u201c in den Kategorien \u201egut\u201c und \u201esehr gut\u201c ausgezeichnet. Erfreulich ist der wachsende Zuspruch bei den Bewertungen, wie Gastgeber Matthias Kopp ausf\u00fchrlich erkl\u00e4rte. Besonders spannend war auch ein<strong> Impulsvortrag \u201eBusreisen zum Mond\u201c<\/strong> von Finn Peters von Peters-Reisen (BUSMAGAZIN berichtet in der April-Ausgabe ausf\u00fchrlich dar\u00fcber).<\/p>\n<p>Danach bot der VPR-Welcome Abend einige Meter weiter in der Event-Location \u201eMash\u201c Gelegenheit zum Netzwerken, bevor am Freitag die Reisemesse begann. 76 Aussteller mit 147 Personen, 92 Kundenfirmen mit 142 Kundenpersonen inklusive Begleitung, davon 20 Tagesg\u00e4ste, 12 neue Kunden und 1.730 vor ab vereinbarte Termine <strong>sorgten f\u00fcr zufriedene Gesichter<\/strong> beim VPR-Pr\u00e4sidium, aber auch f\u00fcr eine gute Stimmung bei Besuchern und allen Ausstellern. Der 25. VPR VIP-Treff kann somit als Erfolg gewertet werden.<\/p>\n<p>Das Kundenaufkommen im Vergleich zu den VIP-Treffs der zur\u00fcckliegenden Jahre konnte auf konstant hohem Niveau gehalten werden und die Veranstaltung steht als\u00a0 bew\u00e4hrtes Format, das von den Kunden gut angenommen wird, au\u00dfer Frage, so VPR-Pr\u00e4sidentin Tina Behringer. Ausstellerbefragungen ergaben, dass bisher auf den VIP-Treffs vor allem kurzfristige Anfragen gemacht und Winter- und Silvesterreisen gebucht wurden. Dieses Jahr wurden vermehrt Reiseprogramme und Rundreisen f\u00fcr das Jahr 2021 nachgefragt.\u00a0 <strong>Der Gala-Abend<\/strong> in der historischen Stuttgarter Reithalle mit seinem abwechslungsreichen Programm mit verschiedenen Variet\u00e9-K\u00fcnstlern des Wintergarten Berlin war dann ein sehr glanzvollfunkelnder Ausklang des Messetages. H\u00f6hepunkt des Abends waren aber die <strong>Ehrungen verdienter Personen der VPR-Familie<\/strong>, wie Dietmar Droste, Hakan En\u00fcst\u00fcn, Anja Hopf, Dr. Volker Jorczyk, Uwe Schneider, Joachim Schweda, Werner Volkert und Karin Urban.<\/p>\n<p><strong>\u201eZukunft funktioniert nur miteinander\u201c<\/strong>, betonte die VPR-Pr\u00e4sidentin. Am Samstag hatten dann die Teilnehmer bei verschiedenen Ausflugsprogrammen ausgiebig Gelegenheit, zu entdecken, welch gruppentouristisch attraktive Reisedestinationen Stuttgart und das nahegelegene Heilbronn sind. Die Weinberg- und auch Stadtrundfahrt, die Tour auf den Stuttgarter Fernsehturm sowie der Stuttgarter Stadtspaziergang wurden genauso stark angenommen wie der Besuch des Porsche- und Mercedes-Benz-Museums sowie des Musicals im SI Centrum.<\/p>\n<p>Wo der 26. VPR VIP-Treff 2021 stattfinden wird und auch der genaue Termin stehen noch nicht fest, der Austragungsort wird aber eher n\u00f6rdlich der Main-Linie liegen. BUSMAGAZIN hat einige Teilnehmer und Aussteller befragt und diese w\u00fcrden sich im n\u00e4chsten Jahr auch wieder eine Terminkooperation mit der QualityBus Award Verleihung w\u00fcnschen.<\/p>\n<p>&nbsp;<\/p>\n<p>Text und Bild: Michael Dietl<\/p>\n<\/div>\n<\/div><\/div><\/div><div id=\"pgc-11123-0-1\"  class=\"panel-grid-cell\" ><div id=\"panel-11123-0-1-0\" class=\"so-panel widget widget_sow-image panel-first-child panel-last-child\" data-index=\"1\" ><div\n\t\t\t\n\t\t\tclass=\"so-widget-sow-image so-widget-sow-image-default-8b5b6f678277-11123\"\n\t\t\t\n\t\t>\n<div class=\"sow-image-container\">\n\t\t<img \n\tsrc=\"https:\/\/www.bustreff.de\/busmagazin\/wp-content\/uploads\/2020\/02\/Gratulation-512x365.jpg\" width=\"512\" height=\"365\" srcset=\"https:\/\/www.bustreff.de\/busmagazin\/wp-content\/uploads\/2020\/02\/Gratulation-512x365.jpg 512w, https:\/\/www.bustreff.de\/busmagazin\/wp-content\/uploads\/2020\/02\/Gratulation-200x143.jpg 200w, https:\/\/www.bustreff.de\/busmagazin\/wp-content\/uploads\/2020\/02\/Gratulation-768x548.jpg 768w, https:\/\/www.bustreff.de\/busmagazin\/wp-content\/uploads\/2020\/02\/Gratulation.jpg 1241w\" sizes=\"(max-width: 512px) 100vw, 512px\" alt=\"\" \t\tclass=\"so-widget-image\"\/>\n\t<\/div>\n\n<\/div><\/div><\/div><\/div><\/div>","protected":false},"excerpt":{"rendered":"<p>Den Auftakt des 25. VPR VIP-Treffs 2020 (13.-16. Februar) bildeten am Donnerstag Vortr\u00e4ge und Kurzseminare im Maritim Hotel Stuttgart, dem Ursprungsort der VIP-Treffs in 1995. Der Hamburger Schauspieler und Event-Veranstalter Till Demtr\u00f8der gab bei seinem Vortrag Einblicke hinter die Kulissen der Filmund Eventwelt unter dem Motto \u201eInszenierung mit Leidenschaft\u201c. Die Unter nehmen Mydays, Ehrich &amp; &#8230; <a href=\"https:\/\/www.bustreff.de\/busmagazin\/vip-treff-der-kurzen-wege-rundum-erfolgreiches-jubilaeum\/\" class=\"more-link\">mehr<\/a><\/p>\n","protected":false},"author":6,"featured_media":11128,"comment_status":"closed","ping_status":"closed","sticky":false,"template":"","format":"standard","meta":{"footnotes":""},"categories":[5],"tags":[],"class_list":["post-11123","post","type-post","status-publish","format-standard","has-post-thumbnail","hentry","category-busmagazin"],"_links":{"self":[{"href":"https:\/\/www.bustreff.de\/busmagazin\/wp-json\/wp\/v2\/posts\/11123","targetHints":{"allow":["GET"]}}],"collection":[{"href":"https:\/\/www.bustreff.de\/busmagazin\/wp-json\/wp\/v2\/posts"}],"about":[{"href":"https:\/\/www.bustreff.de\/busmagazin\/wp-json\/wp\/v2\/types\/post"}],"author":[{"embeddable":true,"href":"https:\/\/www.bustreff.de\/busmagazin\/wp-json\/wp\/v2\/users\/6"}],"replies":[{"embeddable":true,"href":"https:\/\/www.bustreff.de\/busmagazin\/wp-json\/wp\/v2\/comments?post=11123"}],"version-history":[{"count":10,"href":"https:\/\/www.bustreff.de\/busmagazin\/wp-json\/wp\/v2\/posts\/11123\/revisions"}],"predecessor-version":[{"id":11134,"href":"https:\/\/www.bustreff.de\/busmagazin\/wp-json\/wp\/v2\/posts\/11123\/revisions\/11134"}],"wp:featuredmedia":[{"embeddable":true,"href":"https:\/\/www.bustreff.de\/busmagazin\/wp-json\/wp\/v2\/media\/11128"}],"wp:attachment":[{"href":"https:\/\/www.bustreff.de\/busmagazin\/wp-json\/wp\/v2\/media?parent=11123"}],"wp:term":[{"taxonomy":"category","embeddable":true,"href":"https:\/\/www.bustreff.de\/busmagazin\/wp-json\/wp\/v2\/categories?post=11123"},{"taxonomy":"post_tag","embeddable":true,"href":"https:\/\/www.bustreff.de\/busmagazin\/wp-json\/wp\/v2\/tags?post=11123"}],"curies":[{"name":"wp","href":"https:\/\/api.w.org\/{rel}","templated":true}]}}