{"id":11136,"date":"2020-02-19T09:58:14","date_gmt":"2020-02-19T08:58:14","guid":{"rendered":"https:\/\/www.bustreff.de\/busmagazin\/?p=11136"},"modified":"2020-02-19T09:58:14","modified_gmt":"2020-02-19T08:58:14","slug":"gruene-fordern-mehr-barrierefreie-reiseangebote","status":"publish","type":"post","link":"https:\/\/www.bustreff.de\/busmagazin\/gruene-fordern-mehr-barrierefreie-reiseangebote\/","title":{"rendered":"Gr\u00fcne fordern mehr barrierefreie Reiseangebote"},"content":{"rendered":"<div id=\"pl-11136\"  class=\"panel-layout\" ><div id=\"pg-11136-0\"  class=\"panel-grid panel-no-style\" ><div id=\"pgc-11136-0-0\"  class=\"panel-grid-cell\" ><div id=\"panel-11136-0-0-0\" class=\"so-panel widget widget_sow-editor panel-first-child panel-last-child\" data-index=\"0\" ><div\n\t\t\t\n\t\t\tclass=\"so-widget-sow-editor so-widget-sow-editor-base\"\n\t\t\t\n\t\t>\n<div class=\"siteorigin-widget-tinymce textwidget\">\n\t<p>B\u00fcndnis 90\/Die Gr\u00fcnen beklagen den Mangel an barrierefreien Angeboten in der Tourismusbranche und verlangen Abhilfe, wie die Parlamentsnachrichten aus dem Deutschen Bundestag berichten.<\/p>\n<p>In einem Antrag (<a href=\"http:\/\/dip21.bundestag.de\/dip21\/btd\/19\/171\/1917132.pdf\"><strong>19\/17132<\/strong><\/a>) vom 12.2.2020 schlagen die Gr\u00fcnen u. a. die Gr\u00fcndung einer entsprechenden \u201enationalen Kompetenzsstelle\u201c vor, um einen st\u00e4ndigen Austausch mit Behindertenverb\u00e4nden und touristischen Leistungstr\u00e4gern zu organisieren. Die Bundesregierung m\u00fcsse \u00fcberdies auch private Anbieter grunds\u00e4tzlich verpflichten, Barrierefreiheit schrittweise herzustellen, die verf\u00fcgbaren F\u00f6rdermittel bei Bedarf aufstocken und daf\u00fcr sorgen, dass der Abbau von Barrieren auf Bahnh\u00f6fen und in Z\u00fcgen beschleunigt werde. Die Unterlassung sei als Tatbestand der Benachteiligung ins Allgemeine Gleichbehandlungsgesetz (AGG) aufzunehmen.<\/p>\n<p>Die Antragsteller kritisieren, dass bisher nur ein Bruchteil der touristischen Unternehmen, Destinationen und Angebote auch f\u00fcr Menschen mit Behinderung uneingeschr\u00e4nkt zug\u00e4nglich sei. Nach dem bundesweiten Kennzeichnungssystem \u201eReisen f\u00fcr Alle\u201c seien bisher etwa 2.500 Betriebe und Angebote entsprechend zertifiziert. In Deutschland lebten aber mindestens 12,7 Mio. Menschen mit Beeintr\u00e4chtigungen. Die Ausweitung des barrierefreien Angebots werde der Tourismusbranche daher auch \u201eenorme wirtschaftliche Potentiale er\u00f6ffnen\u201c, so die Erwartungen der Gr\u00fcnen.<\/p>\n<p>&nbsp;<\/p>\n<p>Bildquelle: pixabay\/LonelyTaws<\/p>\n<p>&nbsp;<\/p>\n<\/div>\n<\/div><\/div><\/div><div id=\"pgc-11136-0-1\"  class=\"panel-grid-cell\" ><div id=\"panel-11136-0-1-0\" class=\"so-panel widget widget_sow-image panel-first-child panel-last-child\" data-index=\"1\" ><div\n\t\t\t\n\t\t\tclass=\"so-widget-sow-image so-widget-sow-image-default-8b5b6f678277-11136\"\n\t\t\t\n\t\t>\n<div class=\"sow-image-container\">\n\t\t<img \n\tsrc=\"https:\/\/www.bustreff.de\/busmagazin\/wp-content\/uploads\/2020\/02\/wheelchair-999622_1920-512x341.jpg\" width=\"512\" height=\"341\" srcset=\"https:\/\/www.bustreff.de\/busmagazin\/wp-content\/uploads\/2020\/02\/wheelchair-999622_1920-512x341.jpg 512w, https:\/\/www.bustreff.de\/busmagazin\/wp-content\/uploads\/2020\/02\/wheelchair-999622_1920-200x133.jpg 200w, https:\/\/www.bustreff.de\/busmagazin\/wp-content\/uploads\/2020\/02\/wheelchair-999622_1920-768x512.jpg 768w, https:\/\/www.bustreff.de\/busmagazin\/wp-content\/uploads\/2020\/02\/wheelchair-999622_1920-1536x1024.jpg 1536w, https:\/\/www.bustreff.de\/busmagazin\/wp-content\/uploads\/2020\/02\/wheelchair-999622_1920-272x182.jpg 272w, https:\/\/www.bustreff.de\/busmagazin\/wp-content\/uploads\/2020\/02\/wheelchair-999622_1920.jpg 1920w\" sizes=\"(max-width: 512px) 100vw, 512px\" alt=\"\" \t\tclass=\"so-widget-image\"\/>\n\t<\/div>\n\n<\/div><\/div><\/div><\/div><\/div>","protected":false},"excerpt":{"rendered":"<p>B\u00fcndnis 90\/Die Gr\u00fcnen beklagen den Mangel an barrierefreien Angeboten in der Tourismusbranche und verlangen Abhilfe, wie die Parlamentsnachrichten aus dem Deutschen Bundestag berichten. In einem Antrag (19\/17132) vom 12.2.2020 schlagen die Gr\u00fcnen u. a. die Gr\u00fcndung einer entsprechenden \u201enationalen Kompetenzsstelle\u201c vor, um einen st\u00e4ndigen Austausch mit Behindertenverb\u00e4nden und touristischen Leistungstr\u00e4gern zu organisieren. Die Bundesregierung m\u00fcsse &#8230; <a href=\"https:\/\/www.bustreff.de\/busmagazin\/gruene-fordern-mehr-barrierefreie-reiseangebote\/\" class=\"more-link\">mehr<\/a><\/p>\n","protected":false},"author":6,"featured_media":11139,"comment_status":"closed","ping_status":"closed","sticky":false,"template":"","format":"standard","meta":{"footnotes":""},"categories":[5],"tags":[],"class_list":["post-11136","post","type-post","status-publish","format-standard","has-post-thumbnail","hentry","category-busmagazin"],"_links":{"self":[{"href":"https:\/\/www.bustreff.de\/busmagazin\/wp-json\/wp\/v2\/posts\/11136","targetHints":{"allow":["GET"]}}],"collection":[{"href":"https:\/\/www.bustreff.de\/busmagazin\/wp-json\/wp\/v2\/posts"}],"about":[{"href":"https:\/\/www.bustreff.de\/busmagazin\/wp-json\/wp\/v2\/types\/post"}],"author":[{"embeddable":true,"href":"https:\/\/www.bustreff.de\/busmagazin\/wp-json\/wp\/v2\/users\/6"}],"replies":[{"embeddable":true,"href":"https:\/\/www.bustreff.de\/busmagazin\/wp-json\/wp\/v2\/comments?post=11136"}],"version-history":[{"count":6,"href":"https:\/\/www.bustreff.de\/busmagazin\/wp-json\/wp\/v2\/posts\/11136\/revisions"}],"predecessor-version":[{"id":11143,"href":"https:\/\/www.bustreff.de\/busmagazin\/wp-json\/wp\/v2\/posts\/11136\/revisions\/11143"}],"wp:featuredmedia":[{"embeddable":true,"href":"https:\/\/www.bustreff.de\/busmagazin\/wp-json\/wp\/v2\/media\/11139"}],"wp:attachment":[{"href":"https:\/\/www.bustreff.de\/busmagazin\/wp-json\/wp\/v2\/media?parent=11136"}],"wp:term":[{"taxonomy":"category","embeddable":true,"href":"https:\/\/www.bustreff.de\/busmagazin\/wp-json\/wp\/v2\/categories?post=11136"},{"taxonomy":"post_tag","embeddable":true,"href":"https:\/\/www.bustreff.de\/busmagazin\/wp-json\/wp\/v2\/tags?post=11136"}],"curies":[{"name":"wp","href":"https:\/\/api.w.org\/{rel}","templated":true}]}}