{"id":11190,"date":"2020-03-02T08:01:12","date_gmt":"2020-03-02T07:01:12","guid":{"rendered":"https:\/\/www.bustreff.de\/busmagazin\/?p=11190"},"modified":"2020-02-27T08:02:27","modified_gmt":"2020-02-27T07:02:27","slug":"evobus-wird-25","status":"publish","type":"post","link":"https:\/\/www.bustreff.de\/busmagazin\/evobus-wird-25\/","title":{"rendered":"EvoBus wird 25"},"content":{"rendered":"<div id=\"pl-11190\"  class=\"panel-layout\" ><div id=\"pg-11190-0\"  class=\"panel-grid panel-no-style\" ><div id=\"pgc-11190-0-0\"  class=\"panel-grid-cell\" ><div id=\"panel-11190-0-0-0\" class=\"so-panel widget widget_sow-editor panel-first-child panel-last-child\" data-index=\"0\" ><div\n\t\t\t\n\t\t\tclass=\"so-widget-sow-editor so-widget-sow-editor-base\"\n\t\t\t\n\t\t>\n<div class=\"siteorigin-widget-tinymce textwidget\">\n\t<p>Vor 25 Jahren schlossen die beiden europ\u00e4ischen Omnibusmarken Mercedes-Benz und Setra ein strategisches B\u00fcndnis. Das war der Startschuss f\u00fcr das erfolgreiche Omnibusgesch\u00e4ft von Daimler Buses, das heute weit \u00fcber Europa hinausgeht sowie Service- und Beratungsdienstleistungen beinhaltet.<\/p>\n<p>Der Zusammenschluss des Produktbereichs Mercedes-Benz Omnibusse der damaligen Mercedes-Benz AG und der Omnibusmarke Setra der ehemaligen Karl K\u00e4ssbohrer Fahrzeugwerke GmbH war in der R\u00fcckschau des Unternehmens allerdings alles andere als einfach. Da Mercedes-Benz und Setra Marktf\u00fchrer in der Busbranche waren, mussten beispielsweise politische und kartellrechtliche H\u00fcrden \u00fcberwunden werden.<\/p>\n<p>Heute ist die EvoBus GmbH mit 14 Tochtergesellschaften in L\u00e4ndern wie Frankreich, Spanien, Italien und Belgien f\u00fcr das europ\u00e4ische Gesch\u00e4ft von Daimler Buses verantwortlich. Neben der EvoBus GmbH geh\u00f6ren Buswerke und entsprechende L\u00e4ndergesellschaften rund um den gesamten Globus zum Gesch\u00e4ftsfeld Daimler Buses.<\/p>\n<p>&nbsp;<\/p>\n<p>Bildquelle: Daimler<\/p>\n<\/div>\n<\/div><\/div><\/div><div id=\"pgc-11190-0-1\"  class=\"panel-grid-cell\" ><div id=\"panel-11190-0-1-0\" class=\"so-panel widget widget_sow-image panel-first-child panel-last-child\" data-index=\"1\" ><div\n\t\t\t\n\t\t\tclass=\"so-widget-sow-image so-widget-sow-image-default-8b5b6f678277-11190\"\n\t\t\t\n\t\t>\n<div class=\"sow-image-container\">\n\t\t<img \n\tsrc=\"https:\/\/www.bustreff.de\/busmagazin\/wp-content\/uploads\/2020\/02\/evobus-web-512x345.jpg\" width=\"512\" height=\"345\" srcset=\"https:\/\/www.bustreff.de\/busmagazin\/wp-content\/uploads\/2020\/02\/evobus-web-512x345.jpg 512w, https:\/\/www.bustreff.de\/busmagazin\/wp-content\/uploads\/2020\/02\/evobus-web-200x135.jpg 200w, https:\/\/www.bustreff.de\/busmagazin\/wp-content\/uploads\/2020\/02\/evobus-web-768x518.jpg 768w, https:\/\/www.bustreff.de\/busmagazin\/wp-content\/uploads\/2020\/02\/evobus-web-272x182.jpg 272w, https:\/\/www.bustreff.de\/busmagazin\/wp-content\/uploads\/2020\/02\/evobus-web.jpg 1339w\" sizes=\"(max-width: 512px) 100vw, 512px\" alt=\"\" \t\tclass=\"so-widget-image\"\/>\n\t<\/div>\n\n<\/div><\/div><\/div><\/div><\/div>","protected":false},"excerpt":{"rendered":"<p>Vor 25 Jahren schlossen die beiden europ\u00e4ischen Omnibusmarken Mercedes-Benz und Setra ein strategisches B\u00fcndnis. Das war der Startschuss f\u00fcr das erfolgreiche Omnibusgesch\u00e4ft von Daimler Buses, das heute weit \u00fcber Europa hinausgeht sowie Service- und Beratungsdienstleistungen beinhaltet. Der Zusammenschluss des Produktbereichs Mercedes-Benz Omnibusse der damaligen Mercedes-Benz AG und der Omnibusmarke Setra der ehemaligen Karl K\u00e4ssbohrer Fahrzeugwerke &#8230; <a href=\"https:\/\/www.bustreff.de\/busmagazin\/evobus-wird-25\/\" class=\"more-link\">mehr<\/a><\/p>\n","protected":false},"author":10,"featured_media":11191,"comment_status":"closed","ping_status":"closed","sticky":false,"template":"","format":"standard","meta":{"footnotes":""},"categories":[5],"tags":[],"class_list":["post-11190","post","type-post","status-publish","format-standard","has-post-thumbnail","hentry","category-busmagazin"],"_links":{"self":[{"href":"https:\/\/www.bustreff.de\/busmagazin\/wp-json\/wp\/v2\/posts\/11190","targetHints":{"allow":["GET"]}}],"collection":[{"href":"https:\/\/www.bustreff.de\/busmagazin\/wp-json\/wp\/v2\/posts"}],"about":[{"href":"https:\/\/www.bustreff.de\/busmagazin\/wp-json\/wp\/v2\/types\/post"}],"author":[{"embeddable":true,"href":"https:\/\/www.bustreff.de\/busmagazin\/wp-json\/wp\/v2\/users\/10"}],"replies":[{"embeddable":true,"href":"https:\/\/www.bustreff.de\/busmagazin\/wp-json\/wp\/v2\/comments?post=11190"}],"version-history":[{"count":4,"href":"https:\/\/www.bustreff.de\/busmagazin\/wp-json\/wp\/v2\/posts\/11190\/revisions"}],"predecessor-version":[{"id":11195,"href":"https:\/\/www.bustreff.de\/busmagazin\/wp-json\/wp\/v2\/posts\/11190\/revisions\/11195"}],"wp:featuredmedia":[{"embeddable":true,"href":"https:\/\/www.bustreff.de\/busmagazin\/wp-json\/wp\/v2\/media\/11191"}],"wp:attachment":[{"href":"https:\/\/www.bustreff.de\/busmagazin\/wp-json\/wp\/v2\/media?parent=11190"}],"wp:term":[{"taxonomy":"category","embeddable":true,"href":"https:\/\/www.bustreff.de\/busmagazin\/wp-json\/wp\/v2\/categories?post=11190"},{"taxonomy":"post_tag","embeddable":true,"href":"https:\/\/www.bustreff.de\/busmagazin\/wp-json\/wp\/v2\/tags?post=11190"}],"curies":[{"name":"wp","href":"https:\/\/api.w.org\/{rel}","templated":true}]}}