{"id":11247,"date":"2020-03-03T14:05:56","date_gmt":"2020-03-03T13:05:56","guid":{"rendered":"https:\/\/www.bustreff.de\/busmagazin\/?p=11247"},"modified":"2020-03-03T14:05:56","modified_gmt":"2020-03-03T13:05:56","slug":"vdl-bus-coach-dtl-sagt-hausmesse-6-7-3-ab","status":"publish","type":"post","link":"https:\/\/www.bustreff.de\/busmagazin\/vdl-bus-coach-dtl-sagt-hausmesse-6-7-3-ab\/","title":{"rendered":"VDL Bus &#038; Coach Dtl. sagt Hausmesse (6.\/7.3.) ab"},"content":{"rendered":"<div id=\"pl-11247\"  class=\"panel-layout\" ><div id=\"pg-11247-0\"  class=\"panel-grid panel-no-style\" ><div id=\"pgc-11247-0-0\"  class=\"panel-grid-cell\" ><div id=\"panel-11247-0-0-0\" class=\"so-panel widget widget_sow-editor panel-first-child panel-last-child\" data-index=\"0\" ><div\n\t\t\t\n\t\t\tclass=\"so-widget-sow-editor so-widget-sow-editor-base\"\n\t\t\t\n\t\t>\n<div class=\"siteorigin-widget-tinymce textwidget\">\n\t<p>VDL Bus &amp; Coach Deutschland GmbH in B\u00fcren \u00f6ffnet am 6.\/7.3. nicht seine Tore zur traditionellen Hausmesse, sondern sagt diese ab. \u00a0Boris H\u00f6ltermann, Managing Director VDL Bus &amp; Coach Deutschland GmbH: \u201eAufgrund der zunehmenden Verbreitung des neuartigen Coronavirus SARS-CoV-2 haben wir uns dazu entschlossen, die Hausmesse 2020 auf einen sp\u00e4teren Zeitpunkt zu verschieben. Um eine m\u00f6gliche Verbreitung des Virus nicht zu unterst\u00fctzen, verzichten wir dieses Jahr erstmalig in der Geschichte von VDL Bus &amp; Coach Deutschland auf unsere traditionsreiche Veranstaltung. Wir bedauern es sehr, diese Entscheidung treffen zu m\u00fcssen, m\u00f6chten aber unserer Verantwortung f\u00fcr die Gesundheit und die Sicherheit unserer G\u00e4ste, Aussteller und Mitarbeiter, die uns sehr am Herzen liegt, gerecht werden\u201c.<\/p>\n<p>&nbsp;<\/p>\n<p>Bildquelle: VDL Bus &amp; Coach<\/p>\n<\/div>\n<\/div><\/div><\/div><div id=\"pgc-11247-0-1\"  class=\"panel-grid-cell\" ><div id=\"panel-11247-0-1-0\" class=\"so-panel widget widget_sow-image panel-first-child panel-last-child\" data-index=\"1\" ><div\n\t\t\t\n\t\t\tclass=\"so-widget-sow-image so-widget-sow-image-default-8b5b6f678277-11247\"\n\t\t\t\n\t\t>\n<div class=\"sow-image-container\">\n\t\t<img \n\tsrc=\"https:\/\/www.bustreff.de\/busmagazin\/wp-content\/uploads\/2020\/03\/vdl-bus-coach-logo.png\" width=\"459\" height=\"196\" srcset=\"https:\/\/www.bustreff.de\/busmagazin\/wp-content\/uploads\/2020\/03\/vdl-bus-coach-logo.png 459w, https:\/\/www.bustreff.de\/busmagazin\/wp-content\/uploads\/2020\/03\/vdl-bus-coach-logo-200x85.png 200w\" sizes=\"(max-width: 459px) 100vw, 459px\" alt=\"\" \t\tclass=\"so-widget-image\"\/>\n\t<\/div>\n\n<\/div><\/div><\/div><\/div><\/div>","protected":false},"excerpt":{"rendered":"<p>VDL Bus &amp; Coach Deutschland GmbH in B\u00fcren \u00f6ffnet am 6.\/7.3. nicht seine Tore zur traditionellen Hausmesse, sondern sagt diese ab. \u00a0Boris H\u00f6ltermann, Managing Director VDL Bus &amp; Coach Deutschland GmbH: \u201eAufgrund der zunehmenden Verbreitung des neuartigen Coronavirus SARS-CoV-2 haben wir uns dazu entschlossen, die Hausmesse 2020 auf einen sp\u00e4teren Zeitpunkt zu verschieben. Um eine &#8230; <a href=\"https:\/\/www.bustreff.de\/busmagazin\/vdl-bus-coach-dtl-sagt-hausmesse-6-7-3-ab\/\" class=\"more-link\">mehr<\/a><\/p>\n","protected":false},"author":6,"featured_media":11248,"comment_status":"closed","ping_status":"closed","sticky":false,"template":"","format":"standard","meta":{"footnotes":""},"categories":[5],"tags":[],"class_list":["post-11247","post","type-post","status-publish","format-standard","has-post-thumbnail","hentry","category-busmagazin"],"_links":{"self":[{"href":"https:\/\/www.bustreff.de\/busmagazin\/wp-json\/wp\/v2\/posts\/11247","targetHints":{"allow":["GET"]}}],"collection":[{"href":"https:\/\/www.bustreff.de\/busmagazin\/wp-json\/wp\/v2\/posts"}],"about":[{"href":"https:\/\/www.bustreff.de\/busmagazin\/wp-json\/wp\/v2\/types\/post"}],"author":[{"embeddable":true,"href":"https:\/\/www.bustreff.de\/busmagazin\/wp-json\/wp\/v2\/users\/6"}],"replies":[{"embeddable":true,"href":"https:\/\/www.bustreff.de\/busmagazin\/wp-json\/wp\/v2\/comments?post=11247"}],"version-history":[{"count":4,"href":"https:\/\/www.bustreff.de\/busmagazin\/wp-json\/wp\/v2\/posts\/11247\/revisions"}],"predecessor-version":[{"id":11252,"href":"https:\/\/www.bustreff.de\/busmagazin\/wp-json\/wp\/v2\/posts\/11247\/revisions\/11252"}],"wp:featuredmedia":[{"embeddable":true,"href":"https:\/\/www.bustreff.de\/busmagazin\/wp-json\/wp\/v2\/media\/11248"}],"wp:attachment":[{"href":"https:\/\/www.bustreff.de\/busmagazin\/wp-json\/wp\/v2\/media?parent=11247"}],"wp:term":[{"taxonomy":"category","embeddable":true,"href":"https:\/\/www.bustreff.de\/busmagazin\/wp-json\/wp\/v2\/categories?post=11247"},{"taxonomy":"post_tag","embeddable":true,"href":"https:\/\/www.bustreff.de\/busmagazin\/wp-json\/wp\/v2\/tags?post=11247"}],"curies":[{"name":"wp","href":"https:\/\/api.w.org\/{rel}","templated":true}]}}