{"id":11253,"date":"2020-03-03T16:52:04","date_gmt":"2020-03-03T15:52:04","guid":{"rendered":"https:\/\/www.bustreff.de\/busmagazin\/?p=11253"},"modified":"2020-03-03T16:52:04","modified_gmt":"2020-03-03T15:52:04","slug":"rda-umfrage-zu-buchungsrueckgaengen","status":"publish","type":"post","link":"https:\/\/www.bustreff.de\/busmagazin\/rda-umfrage-zu-buchungsrueckgaengen\/","title":{"rendered":"RDA: Umfrage zu Buchungsr\u00fcckg\u00e4ngen"},"content":{"rendered":"<div id=\"pl-11253\"  class=\"panel-layout\" ><div id=\"pg-11253-0\"  class=\"panel-grid panel-no-style\" ><div id=\"pgc-11253-0-0\"  class=\"panel-grid-cell\" ><div id=\"panel-11253-0-0-0\" class=\"so-panel widget widget_sow-editor panel-first-child panel-last-child\" data-index=\"0\" ><div\n\t\t\t\n\t\t\tclass=\"so-widget-sow-editor so-widget-sow-editor-base\"\n\t\t\t\n\t\t>\n<div class=\"siteorigin-widget-tinymce textwidget\">\n\t<p>Die Unsicherheit, die durch das Coronavirus zurzeit entsteht, belastet zunehmend die Wirtschaft. Bundeswirtschaftsminister Peter Altmaier sagte im Morgenmagazin, dass die deutsche Wirtschaft zwar gut ger\u00fcstet sei, aber man d\u00fcrfe nicht zulassen, \u201edass dieses Virus den Aufschwung infiziert\u201c. Daher werden in Berlin gerade \u00fcber ein Konjunkturprogramm, steuerliche Anreize und verbesserte Abschreibem\u00f6glichkeiten u. a. m. diskutiert.<\/p>\n<p>Auch der Tourismus und die Bus- und Gruppentouristik sind im besonderen Ma\u00dfe von dieser Unsicherheit betroffen. Die Branche, so der RDA Internationaler Bustouristik Verband e.V., beklagt Umsatzr\u00fcckg\u00e4nge als Folge von Reisestornierungen und -absagen sowie einen abrupten Abbruch der Reisenachfrage.<br \/>\nDer RDA f\u00fchrt daher derzeit eine landesweite eilige Umfrage durch, um den Schaden der Branche gegen\u00fcber dem Bundeswirtschaftsministerium zeitnah beziffern zu k\u00f6nnen. Mittlerweile haben sich weitere Verb\u00e4nde der Umfrage angeschlossen.<br \/>\n\u201eDie R\u00fcckmeldungen aus den Unternehmen erreichen uns im Minutentakt. Es ist zu erkennen, dass die gesamte Branche erheblich betroffen ist. Der Buchungsr\u00fcckgang liegt zwischen 20 bis 35 % zum Vorjahr. Die wirtschaftliche Herausforderung f\u00fcr die Betriebe ist beispiellos. Der RDA wird sich bei der Bundesregierung f\u00fcr rasche und unkomplizierte Hilfsma\u00dfnahmen einsetzen\u201c, betonte RDA Pr\u00e4sident Benedikt Esser.<br \/>\nBetroffene Unternehmen k\u00f6nnen bis Ende der Woche ihre Sch\u00e4den beim RDA melden. Die Unterlagen zur Schadensmeldung k\u00f6nnen per E-Mail an\u00a0<a href=\"mailto:info@rda.de\">info@rda.de<\/a>\u00a0angefragt werden.<\/p>\n<p>Bildquelle: pixabay\/mohamed Hassan<\/p>\n<p>&nbsp;<\/p>\n<\/div>\n<\/div><\/div><\/div><div id=\"pgc-11253-0-1\"  class=\"panel-grid-cell\" ><div id=\"panel-11253-0-1-0\" class=\"so-panel widget widget_sow-image panel-first-child panel-last-child\" data-index=\"1\" ><div\n\t\t\t\n\t\t\tclass=\"so-widget-sow-image so-widget-sow-image-default-8b5b6f678277-11253\"\n\t\t\t\n\t\t>\n<div class=\"sow-image-container\">\n\t\t<img \n\tsrc=\"https:\/\/www.bustreff.de\/busmagazin\/wp-content\/uploads\/2020\/03\/feedback-3709752_1920-512x342.jpg\" width=\"512\" height=\"342\" srcset=\"https:\/\/www.bustreff.de\/busmagazin\/wp-content\/uploads\/2020\/03\/feedback-3709752_1920-512x342.jpg 512w, https:\/\/www.bustreff.de\/busmagazin\/wp-content\/uploads\/2020\/03\/feedback-3709752_1920-200x134.jpg 200w, https:\/\/www.bustreff.de\/busmagazin\/wp-content\/uploads\/2020\/03\/feedback-3709752_1920-768x514.jpg 768w, https:\/\/www.bustreff.de\/busmagazin\/wp-content\/uploads\/2020\/03\/feedback-3709752_1920-1536x1027.jpg 1536w, https:\/\/www.bustreff.de\/busmagazin\/wp-content\/uploads\/2020\/03\/feedback-3709752_1920-272x182.jpg 272w, https:\/\/www.bustreff.de\/busmagazin\/wp-content\/uploads\/2020\/03\/feedback-3709752_1920.jpg 1920w\" sizes=\"(max-width: 512px) 100vw, 512px\" alt=\"\" \t\tclass=\"so-widget-image\"\/>\n\t<\/div>\n\n<\/div><\/div><\/div><\/div><\/div>","protected":false},"excerpt":{"rendered":"<p>Die Unsicherheit, die durch das Coronavirus zurzeit entsteht, belastet zunehmend die Wirtschaft. Bundeswirtschaftsminister Peter Altmaier sagte im Morgenmagazin, dass die deutsche Wirtschaft zwar gut ger\u00fcstet sei, aber man d\u00fcrfe nicht zulassen, \u201edass dieses Virus den Aufschwung infiziert\u201c. Daher werden in Berlin gerade \u00fcber ein Konjunkturprogramm, steuerliche Anreize und verbesserte Abschreibem\u00f6glichkeiten u. a. m. diskutiert. Auch &#8230; <a href=\"https:\/\/www.bustreff.de\/busmagazin\/rda-umfrage-zu-buchungsrueckgaengen\/\" class=\"more-link\">mehr<\/a><\/p>\n","protected":false},"author":6,"featured_media":11254,"comment_status":"closed","ping_status":"closed","sticky":false,"template":"","format":"standard","meta":{"footnotes":""},"categories":[5],"tags":[],"class_list":["post-11253","post","type-post","status-publish","format-standard","has-post-thumbnail","hentry","category-busmagazin"],"_links":{"self":[{"href":"https:\/\/www.bustreff.de\/busmagazin\/wp-json\/wp\/v2\/posts\/11253","targetHints":{"allow":["GET"]}}],"collection":[{"href":"https:\/\/www.bustreff.de\/busmagazin\/wp-json\/wp\/v2\/posts"}],"about":[{"href":"https:\/\/www.bustreff.de\/busmagazin\/wp-json\/wp\/v2\/types\/post"}],"author":[{"embeddable":true,"href":"https:\/\/www.bustreff.de\/busmagazin\/wp-json\/wp\/v2\/users\/6"}],"replies":[{"embeddable":true,"href":"https:\/\/www.bustreff.de\/busmagazin\/wp-json\/wp\/v2\/comments?post=11253"}],"version-history":[{"count":8,"href":"https:\/\/www.bustreff.de\/busmagazin\/wp-json\/wp\/v2\/posts\/11253\/revisions"}],"predecessor-version":[{"id":11262,"href":"https:\/\/www.bustreff.de\/busmagazin\/wp-json\/wp\/v2\/posts\/11253\/revisions\/11262"}],"wp:featuredmedia":[{"embeddable":true,"href":"https:\/\/www.bustreff.de\/busmagazin\/wp-json\/wp\/v2\/media\/11254"}],"wp:attachment":[{"href":"https:\/\/www.bustreff.de\/busmagazin\/wp-json\/wp\/v2\/media?parent=11253"}],"wp:term":[{"taxonomy":"category","embeddable":true,"href":"https:\/\/www.bustreff.de\/busmagazin\/wp-json\/wp\/v2\/categories?post=11253"},{"taxonomy":"post_tag","embeddable":true,"href":"https:\/\/www.bustreff.de\/busmagazin\/wp-json\/wp\/v2\/tags?post=11253"}],"curies":[{"name":"wp","href":"https:\/\/api.w.org\/{rel}","templated":true}]}}