{"id":11264,"date":"2020-03-05T16:42:29","date_gmt":"2020-03-05T15:42:29","guid":{"rendered":"https:\/\/www.bustreff.de\/busmagazin\/?p=11264"},"modified":"2020-03-05T16:42:29","modified_gmt":"2020-03-05T15:42:29","slug":"corona-virus-aktiv-der-reiseangst-entgegentreten","status":"publish","type":"post","link":"https:\/\/www.bustreff.de\/busmagazin\/corona-virus-aktiv-der-reiseangst-entgegentreten\/","title":{"rendered":"Corona-Virus: Aktiv der Reiseangst entgegentreten"},"content":{"rendered":"<div id=\"pl-11264\"  class=\"panel-layout\" ><div id=\"pg-11264-0\"  class=\"panel-grid panel-no-style\" ><div id=\"pgc-11264-0-0\"  class=\"panel-grid-cell\" ><div id=\"panel-11264-0-0-0\" class=\"so-panel widget widget_sow-editor panel-first-child panel-last-child\" data-index=\"0\" ><div\n\t\t\t\n\t\t\tclass=\"so-widget-sow-editor so-widget-sow-editor-base\"\n\t\t\t\n\t\t>\n<div class=\"siteorigin-widget-tinymce textwidget\">\n\t<p>Eberhardt Travel (Kesselsdorf) d\u00fcrfte wohl einer der ersten in der Branche sein, der dem Corona-Virus und vor allem der damit verbundenen allgemeinen Angst auf Reisen zu gehen, aktiv entgegentritt. In einer aktuellen Pressemitteilung und dem Stichwort <strong>\u201eLeben, Arbeiten und Reisen \u2013 ohne Angst!\u201c<\/strong> spricht Dr. Uwe Lorenz, Gesch\u00e4ftsf\u00fchrer der Eberhardt Travel GmbH, dabei aus, was er denkt:<\/p>\n<p><strong>\u201eF\u00fcr diese Woche wurde die gr\u00f6\u00dfte Touristikmesse der Welt, die ITB in Berlin, nach 55 Jahren das erste Mal abgesagt. Warum? Aus Angst.<\/strong> Viele unserer Leistungspartner aus der ganzen Welt treffen wir jetzt au\u00dferhalb der Messe. Warum? Weil wir keine Angst haben und wir mit unserer Arbeit die Menschheitsfamilie weiter zusammenhalten, wir weiter zusammenarbeiten und uns austauschen m\u00fcssen. Es geht uns dabei nicht nur ums Gesch\u00e4ft, sondern auch \u2013 und gerade jetzt! \u2013 um eine friedliche und angstfreie Zukunft! In diesen Tagen wird uns sehr bewusst, wie wichtig es ist, keine Angst vor anderen Menschen zu haben. Inzwischen gibt es auch wissenschaftlich und empirisch gesicherte Einsch\u00e4tzungen zur Gef\u00e4hrlichkeit des Virus und wir nehmen bewusst ohne Angst zur Kenntnis: Das Covid-19 wird sich ausbreiten und zu unserem Leben geh\u00f6ren. Im Moment n\u00fctzt es nur den Medien und schadet es nicht nur der Wirtschaft und dem Handel, sondern dem Gef\u00fchl gelingenden Lebens der Menschen, welches darauf beruht, dass wir gemeinsam wohnen, gemeinsam arbeiten, gemeinsam feiern und uns gegenseitig unbeschwert besuchen. Vertrauen Sie sich, Ihrem Immunsystem, <strong>reden Sie miteinander und geben Sie sich die Hand \u2013 und reisen Sie!<\/strong>\u201c<\/p>\n<p>Neben dieser positiven Positionierung des Unternehmens bietet Eberhardt Travel aber auch handfeste Unterst\u00fctzung, um die \u201eCorona-Virus-Hysterie\u201c in ihre Schranken zu weisen. So gibt es nun z. B. verl\u00e4ngerte Optionsfristen f\u00fcr die Busreisen. Die Reisespezialisten aus Kesselsdorf gew\u00e4hren f\u00fcr alle Neubuchungen auf Eberhardt-Busreisen mit Abreise bis 31.5.2020 eine Reservierung (Option) bis zum 22. Kalendertag vor Abreise und f\u00fcr alle Neubuchungen mit Abreise ab 1.6.2020 eine Reservierung (Option) bis zum 30.4.2020. In dieser Frist k\u00f6nnen die Eberhardt-Kunden kostenfrei von der geplanten Reise zur\u00fccktreten.<\/p>\n<p>Zudem \u00fcberarbeitet das Unternehmen mit Blick auf die Unsicherheit im Markt seine Reiseberatung. Die entsprechenden Informationen inkl. Verkaufshilfen, Flyer usw. gingen mittlerweile an 1.800 Partner-Reiseb\u00fcros.<\/p>\n<p>Dar\u00fcber hinaus richtete man einen Blog ein, auf welchen Mitarbeiter direkt aus den Reisel\u00e4ndern berichten und ihre pers\u00f6nlichen Eindr\u00fccke zu den Auswirkungen der Corona-Krise vor Ort widerspiegeln. Auch das soll der Entspannung der Lage dienen und wird sicherlich ihren Teil dazu beitragen.<\/p>\n<p>&nbsp;<\/p>\n<p><a href=\"https:\/\/www.eberhardt-travel.de\/reise-blog\/hausnotizen\/live-berichte-unserer-reiseleiter-von-aktuellen-reisen\/35693\">https:\/\/www.eberhardt-travel.de\/reise-blog\/hausnotizen\/live-berichte-unserer-reiseleiter-von-aktuellen-reisen\/35693<\/a><\/p>\n<p>&nbsp;<\/p>\n<p>Dirk Sanne<br \/>\nBUSMAGAZIN<\/p>\n<p>Bild: Symboldbild<\/p>\n<p>&nbsp;<\/p>\n<p>&nbsp;<\/p>\n<\/div>\n<\/div><\/div><\/div><div id=\"pgc-11264-0-1\"  class=\"panel-grid-cell\" ><div id=\"panel-11264-0-1-0\" class=\"so-panel widget widget_sow-image panel-first-child panel-last-child\" data-index=\"1\" ><div\n\t\t\t\n\t\t\tclass=\"so-widget-sow-image so-widget-sow-image-default-8b5b6f678277-11264\"\n\t\t\t\n\t\t>\n<div class=\"sow-image-container\">\n\t\t<img \n\tsrc=\"https:\/\/www.bustreff.de\/busmagazin\/wp-content\/uploads\/2020\/03\/BM_viruslogo_2020_Virus_no_1-512x486.png\" width=\"512\" height=\"486\" srcset=\"https:\/\/www.bustreff.de\/busmagazin\/wp-content\/uploads\/2020\/03\/BM_viruslogo_2020_Virus_no_1-512x486.png 512w, https:\/\/www.bustreff.de\/busmagazin\/wp-content\/uploads\/2020\/03\/BM_viruslogo_2020_Virus_no_1-200x190.png 200w, https:\/\/www.bustreff.de\/busmagazin\/wp-content\/uploads\/2020\/03\/BM_viruslogo_2020_Virus_no_1-158x150.png 158w, https:\/\/www.bustreff.de\/busmagazin\/wp-content\/uploads\/2020\/03\/BM_viruslogo_2020_Virus_no_1-768x730.png 768w, https:\/\/www.bustreff.de\/busmagazin\/wp-content\/uploads\/2020\/03\/BM_viruslogo_2020_Virus_no_1-1536x1459.png 1536w, https:\/\/www.bustreff.de\/busmagazin\/wp-content\/uploads\/2020\/03\/BM_viruslogo_2020_Virus_no_1.png 1800w\" sizes=\"(max-width: 512px) 100vw, 512px\" alt=\"\" \t\tclass=\"so-widget-image\"\/>\n\t<\/div>\n\n<\/div><\/div><\/div><\/div><\/div>","protected":false},"excerpt":{"rendered":"<p>Eberhardt Travel (Kesselsdorf) d\u00fcrfte wohl einer der ersten in der Branche sein, der dem Corona-Virus und vor allem der damit verbundenen allgemeinen Angst auf Reisen zu gehen, aktiv entgegentritt. In einer aktuellen Pressemitteilung und dem Stichwort \u201eLeben, Arbeiten und Reisen \u2013 ohne Angst!\u201c spricht Dr. Uwe Lorenz, Gesch\u00e4ftsf\u00fchrer der Eberhardt Travel GmbH, dabei aus, was &#8230; <a href=\"https:\/\/www.bustreff.de\/busmagazin\/corona-virus-aktiv-der-reiseangst-entgegentreten\/\" class=\"more-link\">mehr<\/a><\/p>\n","protected":false},"author":6,"featured_media":11273,"comment_status":"closed","ping_status":"closed","sticky":false,"template":"","format":"standard","meta":{"footnotes":""},"categories":[5],"tags":[],"class_list":["post-11264","post","type-post","status-publish","format-standard","has-post-thumbnail","hentry","category-busmagazin"],"_links":{"self":[{"href":"https:\/\/www.bustreff.de\/busmagazin\/wp-json\/wp\/v2\/posts\/11264","targetHints":{"allow":["GET"]}}],"collection":[{"href":"https:\/\/www.bustreff.de\/busmagazin\/wp-json\/wp\/v2\/posts"}],"about":[{"href":"https:\/\/www.bustreff.de\/busmagazin\/wp-json\/wp\/v2\/types\/post"}],"author":[{"embeddable":true,"href":"https:\/\/www.bustreff.de\/busmagazin\/wp-json\/wp\/v2\/users\/6"}],"replies":[{"embeddable":true,"href":"https:\/\/www.bustreff.de\/busmagazin\/wp-json\/wp\/v2\/comments?post=11264"}],"version-history":[{"count":18,"href":"https:\/\/www.bustreff.de\/busmagazin\/wp-json\/wp\/v2\/posts\/11264\/revisions"}],"predecessor-version":[{"id":11283,"href":"https:\/\/www.bustreff.de\/busmagazin\/wp-json\/wp\/v2\/posts\/11264\/revisions\/11283"}],"wp:featuredmedia":[{"embeddable":true,"href":"https:\/\/www.bustreff.de\/busmagazin\/wp-json\/wp\/v2\/media\/11273"}],"wp:attachment":[{"href":"https:\/\/www.bustreff.de\/busmagazin\/wp-json\/wp\/v2\/media?parent=11264"}],"wp:term":[{"taxonomy":"category","embeddable":true,"href":"https:\/\/www.bustreff.de\/busmagazin\/wp-json\/wp\/v2\/categories?post=11264"},{"taxonomy":"post_tag","embeddable":true,"href":"https:\/\/www.bustreff.de\/busmagazin\/wp-json\/wp\/v2\/tags?post=11264"}],"curies":[{"name":"wp","href":"https:\/\/api.w.org\/{rel}","templated":true}]}}