{"id":11296,"date":"2020-03-07T08:30:34","date_gmt":"2020-03-07T07:30:34","guid":{"rendered":"https:\/\/www.bustreff.de\/busmagazin\/?p=11296"},"modified":"2020-03-05T21:07:51","modified_gmt":"2020-03-05T20:07:51","slug":"zeitreise-ins-frankfurt-des-19-jahrhunderts","status":"publish","type":"post","link":"https:\/\/www.bustreff.de\/busmagazin\/zeitreise-ins-frankfurt-des-19-jahrhunderts\/","title":{"rendered":"Zeitreise ins Frankfurt des 19. Jahrhunderts"},"content":{"rendered":"<div id=\"pl-11296\"  class=\"panel-layout\" ><div id=\"pg-11296-0\"  class=\"panel-grid panel-no-style\" ><div id=\"pgc-11296-0-0\"  class=\"panel-grid-cell\" ><div id=\"panel-11296-0-0-0\" class=\"so-panel widget widget_sow-editor panel-first-child panel-last-child\" data-index=\"0\" ><div\n\t\t\t\n\t\t\tclass=\"so-widget-sow-editor so-widget-sow-editor-base\"\n\t\t\t\n\t\t>\n<div class=\"siteorigin-widget-tinymce textwidget\">\n\t<p>Ab April 2020 f\u00fchrt der Edutainment-Anbieter TimeRide GmbH seine Besucher erstmals auf eine erlebnisreiche Zeitreise ins historische Frankfurt am Main. Mit Virtual Reality (VR) und multisensorischen Inszenierungen, wie Fahrtwind, Ger\u00e4uschkulissen und sogar Ger\u00fcchen, l\u00e4sst sich dabei die bewegte Stadtgeschichte der Mainmetropole entdecken. Im detailgetreuen Nachbau einer Panoramakutsche geht es dabei in das Frankfurt des Jahres 1891. Die eingesetzten VR-Brillen erm\u00f6glichen dabei einen 360-Grad-Rundumblick auf die vom Zweiten Weltkrieg noch unversehrte Altstadt.<\/p>\n<p>Die Touren sind sowohl f\u00fcr Individualbesucher als auch f\u00fcr Gruppen ab acht Personen konzipiert und dauern rund 45 Minuten. Nach K\u00f6ln, Dresden, Berlin und M\u00fcnchen mit jeweils unterschiedlichen historischen Schwerpunkten ist Frankfurt der f\u00fcnfte TimeRide-Standort.<\/p>\n<p>eitere Infos unter <a href=\"http:\/\/www.timeride.de\/frankfurt\">www.timeride.de\/frankfurt<\/a>.<\/p>\n<p>&nbsp;<\/p>\n<p>Bildquelle: TimeRide<\/p>\n<\/div>\n<\/div><\/div><\/div><div id=\"pgc-11296-0-1\"  class=\"panel-grid-cell\" ><div id=\"panel-11296-0-1-0\" class=\"so-panel widget widget_sow-image panel-first-child panel-last-child\" data-index=\"1\" ><div\n\t\t\t\n\t\t\tclass=\"so-widget-sow-image so-widget-sow-image-default-8b5b6f678277-11296\"\n\t\t\t\n\t\t>\n<div class=\"sow-image-container\">\n\t\t<img \n\tsrc=\"https:\/\/www.bustreff.de\/busmagazin\/wp-content\/uploads\/2020\/03\/timeride-ffm-512x288.jpg\" width=\"512\" height=\"288\" srcset=\"https:\/\/www.bustreff.de\/busmagazin\/wp-content\/uploads\/2020\/03\/timeride-ffm-512x288.jpg 512w, https:\/\/www.bustreff.de\/busmagazin\/wp-content\/uploads\/2020\/03\/timeride-ffm-200x113.jpg 200w, https:\/\/www.bustreff.de\/busmagazin\/wp-content\/uploads\/2020\/03\/timeride-ffm-768x432.jpg 768w, https:\/\/www.bustreff.de\/busmagazin\/wp-content\/uploads\/2020\/03\/timeride-ffm.jpg 1000w\" sizes=\"(max-width: 512px) 100vw, 512px\" alt=\"\" \t\tclass=\"so-widget-image\"\/>\n\t<\/div>\n\n<\/div><\/div><\/div><\/div><\/div>","protected":false},"excerpt":{"rendered":"<p>Ab April 2020 f\u00fchrt der Edutainment-Anbieter TimeRide GmbH seine Besucher erstmals auf eine erlebnisreiche Zeitreise ins historische Frankfurt am Main. Mit Virtual Reality (VR) und multisensorischen Inszenierungen, wie Fahrtwind, Ger\u00e4uschkulissen und sogar Ger\u00fcchen, l\u00e4sst sich dabei die bewegte Stadtgeschichte der Mainmetropole entdecken. Im detailgetreuen Nachbau einer Panoramakutsche geht es dabei in das Frankfurt des Jahres &#8230; <a href=\"https:\/\/www.bustreff.de\/busmagazin\/zeitreise-ins-frankfurt-des-19-jahrhunderts\/\" class=\"more-link\">mehr<\/a><\/p>\n","protected":false},"author":10,"featured_media":11297,"comment_status":"closed","ping_status":"closed","sticky":false,"template":"","format":"standard","meta":{"footnotes":""},"categories":[5],"tags":[],"class_list":["post-11296","post","type-post","status-publish","format-standard","has-post-thumbnail","hentry","category-busmagazin"],"_links":{"self":[{"href":"https:\/\/www.bustreff.de\/busmagazin\/wp-json\/wp\/v2\/posts\/11296","targetHints":{"allow":["GET"]}}],"collection":[{"href":"https:\/\/www.bustreff.de\/busmagazin\/wp-json\/wp\/v2\/posts"}],"about":[{"href":"https:\/\/www.bustreff.de\/busmagazin\/wp-json\/wp\/v2\/types\/post"}],"author":[{"embeddable":true,"href":"https:\/\/www.bustreff.de\/busmagazin\/wp-json\/wp\/v2\/users\/10"}],"replies":[{"embeddable":true,"href":"https:\/\/www.bustreff.de\/busmagazin\/wp-json\/wp\/v2\/comments?post=11296"}],"version-history":[{"count":4,"href":"https:\/\/www.bustreff.de\/busmagazin\/wp-json\/wp\/v2\/posts\/11296\/revisions"}],"predecessor-version":[{"id":11301,"href":"https:\/\/www.bustreff.de\/busmagazin\/wp-json\/wp\/v2\/posts\/11296\/revisions\/11301"}],"wp:featuredmedia":[{"embeddable":true,"href":"https:\/\/www.bustreff.de\/busmagazin\/wp-json\/wp\/v2\/media\/11297"}],"wp:attachment":[{"href":"https:\/\/www.bustreff.de\/busmagazin\/wp-json\/wp\/v2\/media?parent=11296"}],"wp:term":[{"taxonomy":"category","embeddable":true,"href":"https:\/\/www.bustreff.de\/busmagazin\/wp-json\/wp\/v2\/categories?post=11296"},{"taxonomy":"post_tag","embeddable":true,"href":"https:\/\/www.bustreff.de\/busmagazin\/wp-json\/wp\/v2\/tags?post=11296"}],"curies":[{"name":"wp","href":"https:\/\/api.w.org\/{rel}","templated":true}]}}