{"id":11308,"date":"2020-03-09T07:48:13","date_gmt":"2020-03-09T06:48:13","guid":{"rendered":"https:\/\/www.bustreff.de\/busmagazin\/?p=11308"},"modified":"2020-03-07T10:49:37","modified_gmt":"2020-03-07T09:49:37","slug":"iveco-bus-und-otokar-kooperieren","status":"publish","type":"post","link":"https:\/\/www.bustreff.de\/busmagazin\/iveco-bus-und-otokar-kooperieren\/","title":{"rendered":"Iveco Bus und Otokar kooperieren"},"content":{"rendered":"<div id=\"pl-11308\"  class=\"panel-layout\" ><div id=\"pg-11308-0\"  class=\"panel-grid panel-no-style\" ><div id=\"pgc-11308-0-0\"  class=\"panel-grid-cell\" ><div id=\"panel-11308-0-0-0\" class=\"so-panel widget widget_sow-editor panel-first-child panel-last-child\" data-index=\"0\" ><div\n\t\t\t\n\t\t\tclass=\"so-widget-sow-editor so-widget-sow-editor-base\"\n\t\t\t\n\t\t>\n<div class=\"siteorigin-widget-tinymce textwidget\">\n\t<p>Iveco Bus und Otokar haben eine Vereinbarung zur gemeinsamen Busproduktion unterzeichnet. Die Fahrzeuge sollen in den Otokar-Werken in Sakarya, T\u00fcrkei, gebaut werden. Otokar fertigt dort k\u00fcnftig aktuelle Iveco-Modelle f\u00fcr den internationalen Markt sowie ein Modell speziell f\u00fcr M\u00e4rkte in Osteuropa, Afrika, den Nahen Osten und Asien. Diese werden von Motoren der Schwestermarke FPT Industrial angetrieben. Die ersten Busse sollen voraussichtlich im Jahr 2021 produziert werden.<\/p>\n<p>Wie Iveco mitteilt, sollen mit dieser Vereinbarung seine Fertigungskapazit\u00e4ten erweitert werden. Gleichzeitig versicherte der Busbauer, dass alle Aktivit\u00e4ten an den bestehenden Produktionsstandorten beibehalten w\u00fcrden. Otokar kann nach eigenen Angaben mit der Produktion der Iveco-Busse seine Fertigungsanlage gleichm\u00e4\u00dfiger auslasten und damit effizienter betreiben.<\/p>\n<p>&nbsp;<\/p>\n<p>Bild: Vertreter von Otokar und CNH Industrial, zu dem Iveco geh\u00f6rt, bei der Vertragsunterzeichnung.<\/p>\n<p>Bildquelle: Iveco Bus<\/p>\n<\/div>\n<\/div><\/div><\/div><div id=\"pgc-11308-0-1\"  class=\"panel-grid-cell\" ><div id=\"panel-11308-0-1-0\" class=\"so-panel widget widget_sow-image panel-first-child panel-last-child\" data-index=\"1\" ><div\n\t\t\t\n\t\t\tclass=\"so-widget-sow-image so-widget-sow-image-default-8b5b6f678277-11308\"\n\t\t\t\n\t\t>\n<div class=\"sow-image-container\">\n\t\t<img \n\tsrc=\"https:\/\/www.bustreff.de\/busmagazin\/wp-content\/uploads\/2020\/03\/iveco-otokar-web-512x374.jpg\" width=\"512\" height=\"374\" srcset=\"https:\/\/www.bustreff.de\/busmagazin\/wp-content\/uploads\/2020\/03\/iveco-otokar-web-512x374.jpg 512w, https:\/\/www.bustreff.de\/busmagazin\/wp-content\/uploads\/2020\/03\/iveco-otokar-web-200x146.jpg 200w, https:\/\/www.bustreff.de\/busmagazin\/wp-content\/uploads\/2020\/03\/iveco-otokar-web-768x561.jpg 768w, https:\/\/www.bustreff.de\/busmagazin\/wp-content\/uploads\/2020\/03\/iveco-otokar-web.jpg 1000w\" sizes=\"(max-width: 512px) 100vw, 512px\" alt=\"\" \t\tclass=\"so-widget-image\"\/>\n\t<\/div>\n\n<\/div><\/div><\/div><\/div><\/div>","protected":false},"excerpt":{"rendered":"<p>Iveco Bus und Otokar haben eine Vereinbarung zur gemeinsamen Busproduktion unterzeichnet. Die Fahrzeuge sollen in den Otokar-Werken in Sakarya, T\u00fcrkei, gebaut werden. Otokar fertigt dort k\u00fcnftig aktuelle Iveco-Modelle f\u00fcr den internationalen Markt sowie ein Modell speziell f\u00fcr M\u00e4rkte in Osteuropa, Afrika, den Nahen Osten und Asien. Diese werden von Motoren der Schwestermarke FPT Industrial angetrieben. &#8230; <a href=\"https:\/\/www.bustreff.de\/busmagazin\/iveco-bus-und-otokar-kooperieren\/\" class=\"more-link\">mehr<\/a><\/p>\n","protected":false},"author":10,"featured_media":11309,"comment_status":"closed","ping_status":"closed","sticky":false,"template":"","format":"standard","meta":{"footnotes":""},"categories":[5],"tags":[],"class_list":["post-11308","post","type-post","status-publish","format-standard","has-post-thumbnail","hentry","category-busmagazin"],"_links":{"self":[{"href":"https:\/\/www.bustreff.de\/busmagazin\/wp-json\/wp\/v2\/posts\/11308","targetHints":{"allow":["GET"]}}],"collection":[{"href":"https:\/\/www.bustreff.de\/busmagazin\/wp-json\/wp\/v2\/posts"}],"about":[{"href":"https:\/\/www.bustreff.de\/busmagazin\/wp-json\/wp\/v2\/types\/post"}],"author":[{"embeddable":true,"href":"https:\/\/www.bustreff.de\/busmagazin\/wp-json\/wp\/v2\/users\/10"}],"replies":[{"embeddable":true,"href":"https:\/\/www.bustreff.de\/busmagazin\/wp-json\/wp\/v2\/comments?post=11308"}],"version-history":[{"count":4,"href":"https:\/\/www.bustreff.de\/busmagazin\/wp-json\/wp\/v2\/posts\/11308\/revisions"}],"predecessor-version":[{"id":11313,"href":"https:\/\/www.bustreff.de\/busmagazin\/wp-json\/wp\/v2\/posts\/11308\/revisions\/11313"}],"wp:featuredmedia":[{"embeddable":true,"href":"https:\/\/www.bustreff.de\/busmagazin\/wp-json\/wp\/v2\/media\/11309"}],"wp:attachment":[{"href":"https:\/\/www.bustreff.de\/busmagazin\/wp-json\/wp\/v2\/media?parent=11308"}],"wp:term":[{"taxonomy":"category","embeddable":true,"href":"https:\/\/www.bustreff.de\/busmagazin\/wp-json\/wp\/v2\/categories?post=11308"},{"taxonomy":"post_tag","embeddable":true,"href":"https:\/\/www.bustreff.de\/busmagazin\/wp-json\/wp\/v2\/tags?post=11308"}],"curies":[{"name":"wp","href":"https:\/\/api.w.org\/{rel}","templated":true}]}}