{"id":11320,"date":"2020-03-11T08:10:17","date_gmt":"2020-03-11T07:10:17","guid":{"rendered":"https:\/\/www.bustreff.de\/busmagazin\/?p=11320"},"modified":"2020-03-08T09:15:36","modified_gmt":"2020-03-08T08:15:36","slug":"neue-setra-flotte-fuer-tuttlingen","status":"publish","type":"post","link":"https:\/\/www.bustreff.de\/busmagazin\/neue-setra-flotte-fuer-tuttlingen\/","title":{"rendered":"Neue Setra-Flotte f\u00fcr Tuttlingen"},"content":{"rendered":"<div id=\"pl-11320\"  class=\"panel-layout\" ><div id=\"pg-11320-0\"  class=\"panel-grid panel-no-style\" ><div id=\"pgc-11320-0-0\"  class=\"panel-grid-cell\" ><div id=\"panel-11320-0-0-0\" class=\"so-panel widget widget_sow-editor panel-first-child panel-last-child\" data-index=\"0\" ><div\n\t\t\t\n\t\t\tclass=\"so-widget-sow-editor so-widget-sow-editor-base\"\n\t\t\t\n\t\t>\n<div class=\"siteorigin-widget-tinymce textwidget\">\n\t<p>Die Klaiber Bus GmbH &amp; Co. KG hat ihren Fuhrpark mit 23 Low-Entry-Bussen von Setra erneuert und auf 44 Setra-Fahrzeuge ausgebaut. Die Busse des Typs S 415 LE business sind in der Stadt sowie im Landkreis Tuttlingen im Einsatz. Dort bringen sie unter anderem Fahrg\u00e4ste aus den Gemeinden zu den Haltestellen-Knotenpunkten der G\u00e4ubahn.<\/p>\n<p>Die vollklimatisierten \u00dcberlandlinienbusse sind jeweils mit 45 Sitzpl\u00e4tzen, einer Klapprampe und zus\u00e4tzlichem Stauraum f\u00fcr Gep\u00e4ck im Innenraum ausgestattet. Durch ein modernes Bordrechner-System mit Ticket-Drucker sind die Fahrzeuge sowohl mit der Leitstelle als auch untereinander vernetzt. Die Fahrer sind auf diese Weise jederzeit \u00fcber aktuelle \u00c4nderungen der Fahrpl\u00e4ne und eventuelle Versp\u00e4tungen informiert.<\/p>\n<p>&nbsp;<\/p>\n<p>Bildquelle: Daimler<\/p>\n<\/div>\n<\/div><\/div><\/div><div id=\"pgc-11320-0-1\"  class=\"panel-grid-cell\" ><div id=\"panel-11320-0-1-0\" class=\"so-panel widget widget_sow-image panel-first-child panel-last-child\" data-index=\"1\" ><div\n\t\t\t\n\t\t\tclass=\"so-widget-sow-image so-widget-sow-image-default-8b5b6f678277-11320\"\n\t\t\t\n\t\t>\n<div class=\"sow-image-container\">\n\t\t<img \n\tsrc=\"https:\/\/www.bustreff.de\/busmagazin\/wp-content\/uploads\/2020\/03\/tuttlingen-web-512x340.jpg\" width=\"512\" height=\"340\" srcset=\"https:\/\/www.bustreff.de\/busmagazin\/wp-content\/uploads\/2020\/03\/tuttlingen-web-512x340.jpg 512w, https:\/\/www.bustreff.de\/busmagazin\/wp-content\/uploads\/2020\/03\/tuttlingen-web-200x133.jpg 200w, https:\/\/www.bustreff.de\/busmagazin\/wp-content\/uploads\/2020\/03\/tuttlingen-web-768x510.jpg 768w, https:\/\/www.bustreff.de\/busmagazin\/wp-content\/uploads\/2020\/03\/tuttlingen-web-272x182.jpg 272w, https:\/\/www.bustreff.de\/busmagazin\/wp-content\/uploads\/2020\/03\/tuttlingen-web.jpg 1000w\" sizes=\"(max-width: 512px) 100vw, 512px\" alt=\"\" \t\tclass=\"so-widget-image\"\/>\n\t<\/div>\n\n<\/div><\/div><\/div><\/div><\/div>","protected":false},"excerpt":{"rendered":"<p>Die Klaiber Bus GmbH &amp; Co. KG hat ihren Fuhrpark mit 23 Low-Entry-Bussen von Setra erneuert und auf 44 Setra-Fahrzeuge ausgebaut. Die Busse des Typs S 415 LE business sind in der Stadt sowie im Landkreis Tuttlingen im Einsatz. Dort bringen sie unter anderem Fahrg\u00e4ste aus den Gemeinden zu den Haltestellen-Knotenpunkten der G\u00e4ubahn. Die vollklimatisierten &#8230; <a href=\"https:\/\/www.bustreff.de\/busmagazin\/neue-setra-flotte-fuer-tuttlingen\/\" class=\"more-link\">mehr<\/a><\/p>\n","protected":false},"author":10,"featured_media":11321,"comment_status":"closed","ping_status":"closed","sticky":false,"template":"","format":"standard","meta":{"footnotes":""},"categories":[5],"tags":[],"class_list":["post-11320","post","type-post","status-publish","format-standard","has-post-thumbnail","hentry","category-busmagazin"],"_links":{"self":[{"href":"https:\/\/www.bustreff.de\/busmagazin\/wp-json\/wp\/v2\/posts\/11320","targetHints":{"allow":["GET"]}}],"collection":[{"href":"https:\/\/www.bustreff.de\/busmagazin\/wp-json\/wp\/v2\/posts"}],"about":[{"href":"https:\/\/www.bustreff.de\/busmagazin\/wp-json\/wp\/v2\/types\/post"}],"author":[{"embeddable":true,"href":"https:\/\/www.bustreff.de\/busmagazin\/wp-json\/wp\/v2\/users\/10"}],"replies":[{"embeddable":true,"href":"https:\/\/www.bustreff.de\/busmagazin\/wp-json\/wp\/v2\/comments?post=11320"}],"version-history":[{"count":4,"href":"https:\/\/www.bustreff.de\/busmagazin\/wp-json\/wp\/v2\/posts\/11320\/revisions"}],"predecessor-version":[{"id":11325,"href":"https:\/\/www.bustreff.de\/busmagazin\/wp-json\/wp\/v2\/posts\/11320\/revisions\/11325"}],"wp:featuredmedia":[{"embeddable":true,"href":"https:\/\/www.bustreff.de\/busmagazin\/wp-json\/wp\/v2\/media\/11321"}],"wp:attachment":[{"href":"https:\/\/www.bustreff.de\/busmagazin\/wp-json\/wp\/v2\/media?parent=11320"}],"wp:term":[{"taxonomy":"category","embeddable":true,"href":"https:\/\/www.bustreff.de\/busmagazin\/wp-json\/wp\/v2\/categories?post=11320"},{"taxonomy":"post_tag","embeddable":true,"href":"https:\/\/www.bustreff.de\/busmagazin\/wp-json\/wp\/v2\/tags?post=11320"}],"curies":[{"name":"wp","href":"https:\/\/api.w.org\/{rel}","templated":true}]}}