{"id":11326,"date":"2020-03-12T08:02:21","date_gmt":"2020-03-12T07:02:21","guid":{"rendered":"https:\/\/www.bustreff.de\/busmagazin\/?p=11326"},"modified":"2020-03-08T09:14:33","modified_gmt":"2020-03-08T08:14:33","slug":"sileo-e-busse-fuer-verden-salzgitter-und-wolfenbuettel","status":"publish","type":"post","link":"https:\/\/www.bustreff.de\/busmagazin\/sileo-e-busse-fuer-verden-salzgitter-und-wolfenbuettel\/","title":{"rendered":"Sileo: E-Busse f\u00fcr Verden, Salzgitter und Wolfenb\u00fcttel"},"content":{"rendered":"<div id=\"pl-11326\"  class=\"panel-layout\" ><div id=\"pg-11326-0\"  class=\"panel-grid panel-no-style\" ><div id=\"pgc-11326-0-0\"  class=\"panel-grid-cell\" ><div id=\"panel-11326-0-0-0\" class=\"so-panel widget widget_sow-editor panel-first-child panel-last-child\" data-index=\"0\" ><div\n\t\t\t\n\t\t\tclass=\"so-widget-sow-editor so-widget-sow-editor-base\"\n\t\t\t\n\t\t>\n<div class=\"siteorigin-widget-tinymce textwidget\">\n\t<p>Sileo hat k\u00fcrzlich drei Elektrobusse an die Kraftverkehrsgesellschaft mbH Braunschweig (KVG) und die Verdener Verkehrsgesellschaft (VVG) \u00fcbergeben. Die 12 und 18 Meter langen emissionsfreien Fahrzeuge werden zuk\u00fcnftig als Linienbusse in Salzgitter, Wolfenb\u00fcttel und Verden unterwegs sein. Mit einer nutzbaren Kapazit\u00e4t von bis zu 340 kWh erm\u00f6glicht die Antriebsbatterie (Lithium-Eisenphosphat) eine garantierte Reichweite von 200 km. In der Praxis legen die Busse nach Angaben des Herstellers auch unter erschwerten Bedingungen Fahrstrecken von bis zu 250 Kilometern zur\u00fcck.<\/p>\n<p>Die beiden Verkehrsgesellschaften hatten sich vorab zu einer Beschaffungsgemeinschaft zusammengeschlossen. Die KVG hatte bereits im Jahr 2016 drei Elektrobusse von Sileo erhalten und diese seitdem erfolgreich im Einsatz.<\/p>\n<p>&nbsp;<\/p>\n<p>Bild (v.l.): Sven Bohnstedt, Vertriebsleiter Sileo, Moritz Bruckhoff, Technischer Leiter VVG, Wiebke Beetz, Assistentin der Gesch\u00e4ftsleitung Sileo, Henning Rohde, VVG-Gesch\u00e4ftsf\u00fchrer, und Axel Gierga, Gesch\u00e4ftsf\u00fchrer KVG<\/p>\n<p>Bildquelle: Sileo<\/p>\n<\/div>\n<\/div><\/div><\/div><div id=\"pgc-11326-0-1\"  class=\"panel-grid-cell\" ><div id=\"panel-11326-0-1-0\" class=\"so-panel widget widget_sow-image panel-first-child panel-last-child\" data-index=\"1\" ><div\n\t\t\t\n\t\t\tclass=\"so-widget-sow-image so-widget-sow-image-default-8b5b6f678277-11326\"\n\t\t\t\n\t\t>\n<div class=\"sow-image-container\">\n\t\t<img \n\tsrc=\"https:\/\/www.bustreff.de\/busmagazin\/wp-content\/uploads\/2020\/03\/sileo-web-512x385.jpg\" width=\"512\" height=\"385\" srcset=\"https:\/\/www.bustreff.de\/busmagazin\/wp-content\/uploads\/2020\/03\/sileo-web-512x385.jpg 512w, https:\/\/www.bustreff.de\/busmagazin\/wp-content\/uploads\/2020\/03\/sileo-web-200x150.jpg 200w, https:\/\/www.bustreff.de\/busmagazin\/wp-content\/uploads\/2020\/03\/sileo-web-768x577.jpg 768w, https:\/\/www.bustreff.de\/busmagazin\/wp-content\/uploads\/2020\/03\/sileo-web-1536x1154.jpg 1536w, https:\/\/www.bustreff.de\/busmagazin\/wp-content\/uploads\/2020\/03\/sileo-web.jpg 2048w\" sizes=\"(max-width: 512px) 100vw, 512px\" alt=\"\" \t\tclass=\"so-widget-image\"\/>\n\t<\/div>\n\n<\/div><\/div><\/div><\/div><\/div>","protected":false},"excerpt":{"rendered":"<p>Sileo hat k\u00fcrzlich drei Elektrobusse an die Kraftverkehrsgesellschaft mbH Braunschweig (KVG) und die Verdener Verkehrsgesellschaft (VVG) \u00fcbergeben. Die 12 und 18 Meter langen emissionsfreien Fahrzeuge werden zuk\u00fcnftig als Linienbusse in Salzgitter, Wolfenb\u00fcttel und Verden unterwegs sein. Mit einer nutzbaren Kapazit\u00e4t von bis zu 340 kWh erm\u00f6glicht die Antriebsbatterie (Lithium-Eisenphosphat) eine garantierte Reichweite von 200 km. &#8230; <a href=\"https:\/\/www.bustreff.de\/busmagazin\/sileo-e-busse-fuer-verden-salzgitter-und-wolfenbuettel\/\" class=\"more-link\">mehr<\/a><\/p>\n","protected":false},"author":10,"featured_media":11327,"comment_status":"closed","ping_status":"closed","sticky":false,"template":"","format":"standard","meta":{"footnotes":""},"categories":[5],"tags":[],"class_list":["post-11326","post","type-post","status-publish","format-standard","has-post-thumbnail","hentry","category-busmagazin"],"_links":{"self":[{"href":"https:\/\/www.bustreff.de\/busmagazin\/wp-json\/wp\/v2\/posts\/11326","targetHints":{"allow":["GET"]}}],"collection":[{"href":"https:\/\/www.bustreff.de\/busmagazin\/wp-json\/wp\/v2\/posts"}],"about":[{"href":"https:\/\/www.bustreff.de\/busmagazin\/wp-json\/wp\/v2\/types\/post"}],"author":[{"embeddable":true,"href":"https:\/\/www.bustreff.de\/busmagazin\/wp-json\/wp\/v2\/users\/10"}],"replies":[{"embeddable":true,"href":"https:\/\/www.bustreff.de\/busmagazin\/wp-json\/wp\/v2\/comments?post=11326"}],"version-history":[{"count":4,"href":"https:\/\/www.bustreff.de\/busmagazin\/wp-json\/wp\/v2\/posts\/11326\/revisions"}],"predecessor-version":[{"id":11331,"href":"https:\/\/www.bustreff.de\/busmagazin\/wp-json\/wp\/v2\/posts\/11326\/revisions\/11331"}],"wp:featuredmedia":[{"embeddable":true,"href":"https:\/\/www.bustreff.de\/busmagazin\/wp-json\/wp\/v2\/media\/11327"}],"wp:attachment":[{"href":"https:\/\/www.bustreff.de\/busmagazin\/wp-json\/wp\/v2\/media?parent=11326"}],"wp:term":[{"taxonomy":"category","embeddable":true,"href":"https:\/\/www.bustreff.de\/busmagazin\/wp-json\/wp\/v2\/categories?post=11326"},{"taxonomy":"post_tag","embeddable":true,"href":"https:\/\/www.bustreff.de\/busmagazin\/wp-json\/wp\/v2\/tags?post=11326"}],"curies":[{"name":"wp","href":"https:\/\/api.w.org\/{rel}","templated":true}]}}