{"id":11334,"date":"2020-03-09T10:25:34","date_gmt":"2020-03-09T09:25:34","guid":{"rendered":"https:\/\/www.bustreff.de\/busmagazin\/?p=11334"},"modified":"2020-03-09T10:25:34","modified_gmt":"2020-03-09T09:25:34","slug":"rda-schaetzung-500-mio-euro-gesamtschaden-durch-corona-virus","status":"publish","type":"post","link":"https:\/\/www.bustreff.de\/busmagazin\/rda-schaetzung-500-mio-euro-gesamtschaden-durch-corona-virus\/","title":{"rendered":"RDA-Sch\u00e4tzung: 500 Mio. Euro Gesamtschaden durch Corona-Virus"},"content":{"rendered":"<div id=\"pl-11334\"  class=\"panel-layout\" ><div id=\"pg-11334-0\"  class=\"panel-grid panel-no-style\" ><div id=\"pgc-11334-0-0\"  class=\"panel-grid-cell\" ><div id=\"panel-11334-0-0-0\" class=\"so-panel widget widget_sow-editor panel-first-child panel-last-child\" data-index=\"0\" ><div\n\t\t\t\n\t\t\tclass=\"so-widget-sow-editor so-widget-sow-editor-base\"\n\t\t\t\n\t\t>\n<div class=\"siteorigin-widget-tinymce textwidget\">\n\t<p>Die vom RDA gestartete Umfrage unter seinen Mitgliedern inwieweit bereits jetzt die Sorgen vor dem Corona-Virus (COVID-19) zu wirtschaftlichen Konsequenzen gef\u00fchrt hat, f\u00fchrte nun zu ersten Ergebnissen, wie der Verband mitteilt. Hintergrund der Befragung ist u. a., dass das Bundeswirtschaftsministerium \u00fcberlegt, Branchen, die aufgrund des Virus und seiner Folgen in die Krise geraten, wirtschaftlich zu unterst\u00fctzen.<\/p>\n<p><strong>Nach den ersten Ergebnissen des RDA<\/strong> sind Unternehmen aus Bayern (17,7 %) besonders betroffen, gefolgt von Niedersachsen (16,9 %), Hessen (14,8 %), Baden-W\u00fcrttemberg (14,5 %), Rheinland-Pfalz (9,2 %), Sachsen (8,8 %), Nordrhein-Westfalen (8,1 %), Schleswig-Holstein (2,3 %), Mecklenburg-Vorpommern (2,1 %) und Berlin (2,0 %). Die restlichen 3,6 % entfallen auf Unternehmen aus Th\u00fcringen, Hamburg, Sachsen-Anhalt, dem Saarland, Brandenburg und Bremen.<br \/>\nDie entstandenen Sch\u00e4den resultieren aus ausbleibenden Buchungen (41,9 %), gefolgt von stornierten und abgesagten Reisen (39,9 %), stornierten Busanmietungen (10,8 %) und verauslagten Vertriebsprovisionen und Reisevorleistungen ohne R\u00fcckerstattungsanspruch (7,4 %).<br \/>\nAufgrund der vorl\u00e4ufigen Datenlage sch\u00e4tzt der RDA in seiner Hochrechnung vom 6.3.2020, dass der bundesweite Gesamtschaden innerhalb der Bus- und Gruppentouristik in Abh\u00e4ngigkeit zur Fortentwicklung der Corona-Krise <strong>zwischen 300 Mio. Euro und 500 Mio. Euro<\/strong> liegen wird.<br \/>\nWeitere Verb\u00e4nde unterst\u00fctzen die RDA-Umfrage mittlerweile. So werden die ersten Umfragedaten des Landesverband Bayerischer Omnibusunternehmen e.V. (LBO), des VPR Verband der Paketreiseveranstalter e.V., der gbk-G\u00fctegemeinschaft Buskomfort e.V., des Reisenetz Deutscher Fachverband f\u00fcr Jugendreisen e.V. und des Fachverband Deutscher Sprachreise-Veranstalter e.V. (FDSV) in dieser Woche erwartet. Der bdo setzt dagegen auf eine eigene Schadensermittlung.<br \/>\n\u201eDie Lage ist ernst, alle sind betroffen. <strong>Der RDA Vorstand erwartet eine deutliche Zuspitzung in den kommenden vier Wochen<\/strong>. Wir informieren das Bundeswirtschaftsministerium auf dessen Wunsch regelm\u00e4\u00dfig \u00fcber den aktuellen Stand der vorliegenden Schadensmeldungen und arbeiten intensiv mit allen zust\u00e4ndigen Stellen an einer zeitnahen und tragf\u00e4higen L\u00f6sung f\u00fcr die Branche\u201c so RDA Pr\u00e4sident Benedikt Esser.<\/p>\n<p>Der RDA fordert f\u00fcr die Bus- und Gruppentouristik die <strong>zeitnahe Bereitstellung zus\u00e4tzlicher KFW-Betriebsmittel<\/strong> mit einem Gesamtvolumen von 500 Mio. Euro auf Basis des bestehenden KFW-Unternehmerkredit KMU (047) mit einer 100%igen Haftungsfreistellung, einem Einheitszinssatz, einer Laufzeit von 60 Monaten, davon 12 Monate tilgungsfrei mit einer Kreditsumme bis zu 5 % des Vorjahresumsatzes, mindestens 25.000 Euro maximal 1 Mio. Euro pro Antragsteller. Die Antragstellung erfolgt im vereinfachten Verfahren \u00fcber die Hausbank.<\/p>\n<p>&nbsp;<\/p>\n<p>Um die Verbreitung des Coronavirus (COVID-19) in Deutschland einzud\u00e4mmen und Infektionsketten zu unterbrechen, bittet die Bundesregierung, um weitere Unterst\u00fctzung seitens der Branche: Die Ma\u00dfnahmen im grenz\u00fcberschreitenden Verkehr sollen auf s\u00e4mtlichen Verkehrswegen weiter intensiviert werden. Daher appelliert das Bundesverkehrsministerium (BMVI) an Unternehmen, die im<strong> grenz\u00fcberschreitenden Busverkehr von Italien nach Deutschland<\/strong> t\u00e4tig sind, ihre Fahrerinnen und Fahrer aufzufordern, Verdachtsf\u00e4lle nach den Kriterien des Robert-Koch-Instituts (RKI) an die Polizei zu melden. Bahnunternehmen sind dazu bereits verpflichtet.<\/p>\n<p>Der Verdacht auf COVID-19 ist laut <a href=\"https:\/\/www.rki.de\/DE\/Content\/InfAZ\/N\/Neuartiges_Coronavirus\/Empfehlung_Meldung.html\">RKI<\/a> dann begr\u00fcndet, wenn bei Personen mindestens eine der folgenden Konstellationen vorliegt:<\/p>\n<ul>\n<li>Personen mit akuten respiratorischen Symptomen jeder Schwere oder unspezifischen Allgemeinsymptomen <strong>UND Kontakt <\/strong>mit einem best\u00e4tigten Fall von COVID-19,<\/li>\n<li>Personen mit akuten respiratorischen Symptomen jeder Schwere <strong>UND<\/strong> <strong>Aufenthalt in einem Risikogebiet.<\/strong><\/li>\n<\/ul>\n<p>Die Meldungen sollen im Grenzgebiet bis zu einer Tiefe von 30 km (30-km-Grenzraum) an das Bundespolizeipr\u00e4sidium (<a href=\"mailto:bpolp@polizei.bund.de\">bpolp@polizei.bund.de<\/a>; 0331979971500), in allen anderen F\u00e4llen an die allgemeine Polizei-Rufnummer 110 erfolgen.<\/p>\n<\/div>\n<\/div><\/div><\/div><div id=\"pgc-11334-0-1\"  class=\"panel-grid-cell\" ><div id=\"panel-11334-0-1-0\" class=\"so-panel widget widget_sow-image panel-first-child panel-last-child\" data-index=\"1\" ><div\n\t\t\t\n\t\t\tclass=\"so-widget-sow-image so-widget-sow-image-default-8b5b6f678277-11334\"\n\t\t\t\n\t\t>\n<div class=\"sow-image-container\">\n\t\t<img \n\tsrc=\"https:\/\/www.bustreff.de\/busmagazin\/wp-content\/uploads\/2020\/03\/BM_viruslogo_2020_no_2_NEU_-512x499.jpg\" width=\"512\" height=\"499\" srcset=\"https:\/\/www.bustreff.de\/busmagazin\/wp-content\/uploads\/2020\/03\/BM_viruslogo_2020_no_2_NEU_-512x499.jpg 512w, https:\/\/www.bustreff.de\/busmagazin\/wp-content\/uploads\/2020\/03\/BM_viruslogo_2020_no_2_NEU_-200x195.jpg 200w, https:\/\/www.bustreff.de\/busmagazin\/wp-content\/uploads\/2020\/03\/BM_viruslogo_2020_no_2_NEU_-154x150.jpg 154w, https:\/\/www.bustreff.de\/busmagazin\/wp-content\/uploads\/2020\/03\/BM_viruslogo_2020_no_2_NEU_-768x749.jpg 768w, https:\/\/www.bustreff.de\/busmagazin\/wp-content\/uploads\/2020\/03\/BM_viruslogo_2020_no_2_NEU_-1536x1497.jpg 1536w, https:\/\/www.bustreff.de\/busmagazin\/wp-content\/uploads\/2020\/03\/BM_viruslogo_2020_no_2_NEU_.jpg 1792w\" sizes=\"(max-width: 512px) 100vw, 512px\" alt=\"\" \t\tclass=\"so-widget-image\"\/>\n\t<\/div>\n\n<\/div><\/div><\/div><\/div><\/div>","protected":false},"excerpt":{"rendered":"<p>Die vom RDA gestartete Umfrage unter seinen Mitgliedern inwieweit bereits jetzt die Sorgen vor dem Corona-Virus (COVID-19) zu wirtschaftlichen Konsequenzen gef\u00fchrt hat, f\u00fchrte nun zu ersten Ergebnissen, wie der Verband mitteilt. Hintergrund der Befragung ist u. a., dass das Bundeswirtschaftsministerium \u00fcberlegt, Branchen, die aufgrund des Virus und seiner Folgen in die Krise geraten, wirtschaftlich zu &#8230; <a href=\"https:\/\/www.bustreff.de\/busmagazin\/rda-schaetzung-500-mio-euro-gesamtschaden-durch-corona-virus\/\" class=\"more-link\">mehr<\/a><\/p>\n","protected":false},"author":6,"featured_media":11339,"comment_status":"closed","ping_status":"closed","sticky":false,"template":"","format":"standard","meta":{"footnotes":""},"categories":[5],"tags":[],"class_list":["post-11334","post","type-post","status-publish","format-standard","has-post-thumbnail","hentry","category-busmagazin"],"_links":{"self":[{"href":"https:\/\/www.bustreff.de\/busmagazin\/wp-json\/wp\/v2\/posts\/11334","targetHints":{"allow":["GET"]}}],"collection":[{"href":"https:\/\/www.bustreff.de\/busmagazin\/wp-json\/wp\/v2\/posts"}],"about":[{"href":"https:\/\/www.bustreff.de\/busmagazin\/wp-json\/wp\/v2\/types\/post"}],"author":[{"embeddable":true,"href":"https:\/\/www.bustreff.de\/busmagazin\/wp-json\/wp\/v2\/users\/6"}],"replies":[{"embeddable":true,"href":"https:\/\/www.bustreff.de\/busmagazin\/wp-json\/wp\/v2\/comments?post=11334"}],"version-history":[{"count":10,"href":"https:\/\/www.bustreff.de\/busmagazin\/wp-json\/wp\/v2\/posts\/11334\/revisions"}],"predecessor-version":[{"id":11345,"href":"https:\/\/www.bustreff.de\/busmagazin\/wp-json\/wp\/v2\/posts\/11334\/revisions\/11345"}],"wp:featuredmedia":[{"embeddable":true,"href":"https:\/\/www.bustreff.de\/busmagazin\/wp-json\/wp\/v2\/media\/11339"}],"wp:attachment":[{"href":"https:\/\/www.bustreff.de\/busmagazin\/wp-json\/wp\/v2\/media?parent=11334"}],"wp:term":[{"taxonomy":"category","embeddable":true,"href":"https:\/\/www.bustreff.de\/busmagazin\/wp-json\/wp\/v2\/categories?post=11334"},{"taxonomy":"post_tag","embeddable":true,"href":"https:\/\/www.bustreff.de\/busmagazin\/wp-json\/wp\/v2\/tags?post=11334"}],"curies":[{"name":"wp","href":"https:\/\/api.w.org\/{rel}","templated":true}]}}