{"id":11346,"date":"2020-03-10T09:12:15","date_gmt":"2020-03-10T08:12:15","guid":{"rendered":"https:\/\/www.bustreff.de\/busmagazin\/?p=11346"},"modified":"2020-03-10T09:12:15","modified_gmt":"2020-03-10T08:12:15","slug":"rda-fordert-schnelle-liquiditaetshilfen","status":"publish","type":"post","link":"https:\/\/www.bustreff.de\/busmagazin\/rda-fordert-schnelle-liquiditaetshilfen\/","title":{"rendered":"RDA fordert schnelle Liquidit\u00e4tshilfen"},"content":{"rendered":"<div id=\"pl-11346\"  class=\"panel-layout\" ><div id=\"pg-11346-0\"  class=\"panel-grid panel-no-style\" ><div id=\"pgc-11346-0-0\"  class=\"panel-grid-cell\" ><div id=\"panel-11346-0-0-0\" class=\"so-panel widget widget_sow-editor panel-first-child panel-last-child\" data-index=\"0\" ><div\n\t\t\t\n\t\t\tclass=\"so-widget-sow-editor so-widget-sow-editor-base\"\n\t\t\t\n\t\t>\n<div class=\"siteorigin-widget-tinymce textwidget\">\n\t<p>Auf Einladung des Parlamentarischen Staatssekret\u00e4rs und Tourismusbeauftragten der Bundesregierung, Thomas Barei\u00df, fand gestern (9.3.20) im Bundeswirtschaftsministerium der runde Tisch zur Coronakrise statt. Geladen waren die Vertreter der Spitzenverb\u00e4nde der deutschen Tourismuswirtschaft von BTW, DTV, DRV, DEHOGA, IHA, der DZT und des RDA.<br \/>\nF\u00fcr den RDA stellte RDA Pr\u00e4sident Benedikt Esser die ernste Situation in der Bus- und Gruppentouristik dar und untermauerte seine Aussagen mit den repr\u00e4sentativen Datenerhebungen aus der RDA Branchen-Umfrage, die derzeit bundesweit vom RDA durchgef\u00fchrt wird.<\/p>\n<p><strong>Aufgrund dieser vorl\u00e4ufigen Datenlage<\/strong> <strong>sch\u00e4tzt der RDA in seiner Hochrechnung vom 6.3.2020, dass der bundesweite Gesamtschaden innerhalb der Bus- und Gruppentouristik in Abh\u00e4ngigkeit zur Fortentwicklung der Corona-Krise<\/strong> <strong>zwischen 300 Mio. Euro und 500 Mio. Euro liegen wird.<\/strong><br \/>\nAlle Verbandsvertreter unterst\u00fctzten die Forderung des RDA nach schnellen und unb\u00fcrokratischen Liquidit\u00e4tshilfen f\u00fcr die betroffenen Unternehmen der Bus- und Gruppentouristik. Die Forderungen nach einer hundertprozentigen Haftungsfreistellung, der Anwendung eines Einheitszinssatzes und der bundesweiten Beantragung \u00fcber die KFW wurden allseits geteilt.<br \/>\n\u201eDie Tourismuswirtschaft hat heute mit einer Stimme gesprochen. Ich erkenne, dass die Bundesregierung die Lageeinsch\u00e4tzung des RDA f\u00fcr die bundesweite Bus- und Gruppentouristik teilt und auf die Herausforderungen mit wirksamen Hilfsprogrammen zeitnah reagieren wird. Heute hat sich gezeigt, wie wichtig es ist, dass die Spitzenverb\u00e4nde der deutschen Tourismuswirtschaft gemeinsam agieren\u201c, so Esser nach dem Treffen in Berlin abschlie\u00dfend.<\/p>\n<p>Alle betroffenen Unternehmen k\u00f6nnen weiterhin an der RDA Branchen-Umfrage teilnehmen. Die Unterlagen k\u00f6nnen per E-Mail an\u00a0<a href=\"mailto:info@rda.de\">info@rda.de<\/a>\u00a0angefragt werden.<\/p>\n<p>&nbsp;<\/p>\n<\/div>\n<\/div><\/div><\/div><div id=\"pgc-11346-0-1\"  class=\"panel-grid-cell\" ><div id=\"panel-11346-0-1-0\" class=\"so-panel widget widget_sow-image panel-first-child panel-last-child\" data-index=\"1\" ><div\n\t\t\t\n\t\t\tclass=\"so-widget-sow-image so-widget-sow-image-default-8b5b6f678277-11346\"\n\t\t\t\n\t\t>\n<div class=\"sow-image-container\">\n\t\t<img \n\tsrc=\"https:\/\/www.bustreff.de\/busmagazin\/wp-content\/uploads\/2020\/03\/BM_viruslogo_2020_no_2_NEU_-512x499.png\" width=\"512\" height=\"499\" srcset=\"https:\/\/www.bustreff.de\/busmagazin\/wp-content\/uploads\/2020\/03\/BM_viruslogo_2020_no_2_NEU_-512x499.png 512w, https:\/\/www.bustreff.de\/busmagazin\/wp-content\/uploads\/2020\/03\/BM_viruslogo_2020_no_2_NEU_-200x195.png 200w, https:\/\/www.bustreff.de\/busmagazin\/wp-content\/uploads\/2020\/03\/BM_viruslogo_2020_no_2_NEU_-154x150.png 154w, https:\/\/www.bustreff.de\/busmagazin\/wp-content\/uploads\/2020\/03\/BM_viruslogo_2020_no_2_NEU_-768x749.png 768w, https:\/\/www.bustreff.de\/busmagazin\/wp-content\/uploads\/2020\/03\/BM_viruslogo_2020_no_2_NEU_-1536x1497.png 1536w, https:\/\/www.bustreff.de\/busmagazin\/wp-content\/uploads\/2020\/03\/BM_viruslogo_2020_no_2_NEU_.png 1792w\" sizes=\"(max-width: 512px) 100vw, 512px\" alt=\"\" \t\tclass=\"so-widget-image\"\/>\n\t<\/div>\n\n<\/div><\/div><\/div><\/div><\/div>","protected":false},"excerpt":{"rendered":"<p>Auf Einladung des Parlamentarischen Staatssekret\u00e4rs und Tourismusbeauftragten der Bundesregierung, Thomas Barei\u00df, fand gestern (9.3.20) im Bundeswirtschaftsministerium der runde Tisch zur Coronakrise statt. Geladen waren die Vertreter der Spitzenverb\u00e4nde der deutschen Tourismuswirtschaft von BTW, DTV, DRV, DEHOGA, IHA, der DZT und des RDA. F\u00fcr den RDA stellte RDA Pr\u00e4sident Benedikt Esser die ernste Situation in der &#8230; <a href=\"https:\/\/www.bustreff.de\/busmagazin\/rda-fordert-schnelle-liquiditaetshilfen\/\" class=\"more-link\">mehr<\/a><\/p>\n","protected":false},"author":6,"featured_media":11347,"comment_status":"closed","ping_status":"closed","sticky":false,"template":"","format":"standard","meta":{"footnotes":""},"categories":[5],"tags":[],"class_list":["post-11346","post","type-post","status-publish","format-standard","has-post-thumbnail","hentry","category-busmagazin"],"_links":{"self":[{"href":"https:\/\/www.bustreff.de\/busmagazin\/wp-json\/wp\/v2\/posts\/11346","targetHints":{"allow":["GET"]}}],"collection":[{"href":"https:\/\/www.bustreff.de\/busmagazin\/wp-json\/wp\/v2\/posts"}],"about":[{"href":"https:\/\/www.bustreff.de\/busmagazin\/wp-json\/wp\/v2\/types\/post"}],"author":[{"embeddable":true,"href":"https:\/\/www.bustreff.de\/busmagazin\/wp-json\/wp\/v2\/users\/6"}],"replies":[{"embeddable":true,"href":"https:\/\/www.bustreff.de\/busmagazin\/wp-json\/wp\/v2\/comments?post=11346"}],"version-history":[{"count":8,"href":"https:\/\/www.bustreff.de\/busmagazin\/wp-json\/wp\/v2\/posts\/11346\/revisions"}],"predecessor-version":[{"id":11355,"href":"https:\/\/www.bustreff.de\/busmagazin\/wp-json\/wp\/v2\/posts\/11346\/revisions\/11355"}],"wp:featuredmedia":[{"embeddable":true,"href":"https:\/\/www.bustreff.de\/busmagazin\/wp-json\/wp\/v2\/media\/11347"}],"wp:attachment":[{"href":"https:\/\/www.bustreff.de\/busmagazin\/wp-json\/wp\/v2\/media?parent=11346"}],"wp:term":[{"taxonomy":"category","embeddable":true,"href":"https:\/\/www.bustreff.de\/busmagazin\/wp-json\/wp\/v2\/categories?post=11346"},{"taxonomy":"post_tag","embeddable":true,"href":"https:\/\/www.bustreff.de\/busmagazin\/wp-json\/wp\/v2\/tags?post=11346"}],"curies":[{"name":"wp","href":"https:\/\/api.w.org\/{rel}","templated":true}]}}