{"id":11368,"date":"2020-03-13T06:13:02","date_gmt":"2020-03-13T05:13:02","guid":{"rendered":"https:\/\/www.bustreff.de\/busmagazin\/?p=11368"},"modified":"2020-08-26T09:45:33","modified_gmt":"2020-08-26T07:45:33","slug":"baden-wuerttemberg-barrierefreie-angebote-im-tourismus","status":"publish","type":"post","link":"https:\/\/www.bustreff.de\/busmagazin\/baden-wuerttemberg-barrierefreie-angebote-im-tourismus\/","title":{"rendered":"Baden-W\u00fcrttemberg: Barrierefreie Angebote im Tourismus"},"content":{"rendered":"<div id=\"pl-11368\"  class=\"panel-layout\" ><div id=\"pg-11368-0\"  class=\"panel-grid panel-no-style\" ><div id=\"pgc-11368-0-0\"  class=\"panel-grid-cell\" ><div id=\"panel-11368-0-0-0\" class=\"so-panel widget widget_sow-editor panel-first-child panel-last-child\" data-index=\"0\" ><div\n\t\t\t\n\t\t\tclass=\"so-widget-sow-editor so-widget-sow-editor-base\"\n\t\t\t\n\t\t>\n<div class=\"siteorigin-widget-tinymce textwidget\">\n\t<p>Aufgrund des demografischen Wandels gewinnt das Thema Barrierefreiheit in den n\u00e4chsten Jahren weiter an Bedeutung. An einem bundesweiten Kennzeichnungssystem beteiligt sich seit diesem Jahr Baden-W\u00fcrttemberg.<\/p>\n<p>Im Deutschen Bundestag haben Mitte Februar die Gr\u00fcnen den <strong>Mangel an barrierefreien Angeboten in der Tourismusbranche<\/strong> beklagt. In einem Antrag schlugen sie u. a. die Gr\u00fcndung einer entsprechenden \u201enationalen Kompetenzstelle\u201c vor, um einen st\u00e4ndigen Austausch mit Behindertenverb\u00e4nden und touristischen Leistungstr\u00e4gern zu organisieren. Die Bundesregierung m\u00fcsse \u00fcberdies auch private Anbieter grunds\u00e4tzlich verpflichten, Barrierefreiheit schrittweise herzustellen, die verf\u00fcgbaren F\u00f6rdermittel bei Bedarf aufstocken und daf\u00fcr sorgen, dass der Abbau von Barrieren auf Bahnh\u00f6fen und in Z\u00fcgen beschleunigt werde. Weiter wurde kritisiert, dass bisher nur ein Bruchteil der touristischen Unternehmen, Destinationen und Angebote auch f\u00fcr Menschen mit Behinderung uneingeschr\u00e4nkt zug\u00e4nglich sei. Nach dem bundesweiten Kennzeichnungssystem \u201eReisen f\u00fcr Alle\u201c seien bisher noch zu wenige Betriebe und Angebote entsprechend zertifiziert, beklagen die Gr\u00fcnen weiter.<\/p>\n<p>\u00dcber das Kennzeichnungssystem <strong>\u201eReisen f\u00fcr alle\u201c<\/strong> k\u00f6nnen sich Unternehmen der Tourismusbranche auf Barrierefreiheit \u00fcberpr\u00fcfen und nach festgelegten Standards zertifizieren lassen. An diesem bundesweiten Kennzeichnungssystem beteiligt sich seit Januar 2020 u. a. auch die Tourismus Marketing Gesellschaft Baden-W\u00fcrttemberg (TMBW) als Lizenznehmerin. Mit der Beteiligung an \u201eReisen f\u00fcr alle\u201c wolle man Unterk\u00fcnften und anderen Leistungstr\u00e4gern eine Zertifizierung ihrer Angebote nach einheitlichen Kriterien erm\u00f6glichen.<\/p>\n<p>Der Beginn der Kooperation soll zudem der \u201eStartschuss f\u00fcr verschiedene Ma\u00dfnahmen\u201c sein, mit denen die Etablierung und Weiterentwicklung barrierefreier Angebote im Land gef\u00f6rdert werden soll. <strong>Das Thema Barrierefreiheit<\/strong> werde aufgrund des demografischen Wandels in den kommenden Jahren erheblich an Bedeutung gewinnen, betonte Baden-W\u00fcrttembergs Minister f\u00fcr Justiz und Europaangelegenheiten Guido Wolf (CDU), in dessen Zust\u00e4ndigkeitsbereich auch der Tourismus f\u00e4llt. Um die Branche f\u00fcr das Thema Barrierefreiheit zu sensibilisieren, plant Baden-W\u00fcrttemberg neben einem Leitfaden f\u00fcr Leistungstr\u00e4ger u. a. auch die Durchf\u00fchrung von Schulungen in verschiedenen Regionen.<\/p>\n<p>Mit dem Schwarzwald bekennt sich auch Baden-W\u00fcrttembergs gr\u00f6\u00dfte Urlaubsregion zum Thema Barrierefreiheit. Die Schwarzwald Tourismus Gesellschaft (STG) will k\u00fcnftig in Zusammenarbeit mit den Landkreisen und dem Heilb\u00e4derverband Baden-W\u00fcrttemberg die <strong>Zertifizierung barrierefreier Angebote und Betriebe<\/strong> in der Ferienregion weiter vorantreiben. Mit der Zertifizierung ziele man auf die weite Gruppe von Einwohnern, Tagesg\u00e4sten, Urlaubern und Gesch\u00e4ftsreisenden mit und ohne Handicap, erkl\u00e4rte ein STG-Sprecher auf Nachfrage von Busmagazin und er f\u00fcgte hinzu: \u201eNach unserem Verst\u00e4ndnis kommt in einer Gesellschaft, die per se altert und in der auch \u00e4ltere Menschen ihren Alltag aktiv gestalten wollen, den unterschiedlichsten Aspekten der Barrierefreiheit eine wachsende Bedeutung zu. Der Fokus richtet sich auf die Erschlie\u00dfung und Zug\u00e4nglichmachung m\u00f6glichst vieler Erlebnism\u00f6glichkeiten f\u00fcr alle.\u201c<\/p>\n<p>Der Sprecher weist darauf hin, dass neben den 8,6 Mio. Urlaubern von der leichten Zug\u00e4nglichkeit auch die mehr als 3 Mio. Einwohner der Region sowie weit mehr als 100 Mio. Tagesreisende \u2013 <strong>davon etwa 60.000 Bustouristen<\/strong> und Ausfl\u00fcgler \u2013 profitieren. Mit der Zertifizierung k\u00f6nnten \u201eBetriebe neue und wachsende Kundengruppen erschlie\u00dfen, Stammg\u00e4ste binden und die Wertsch\u00f6pfung erh\u00f6hen\u201c. Zudem erhielten die touristischen Leistungstr\u00e4ger durch die Zertifizierung \u201ewertvolle Impulse f\u00fcr die Weiterentwicklung ihres Angebotes\u201c. Orte und Destinationen, die passende Angebote entlang der Servicekette\/Customer Journey vorhalten, w\u00fcrden von einer steigenden Nachfrage profitieren und sich einen Wettbewerbsvorsprung sichern. Im Schwarzwald gebe es es bereits zahlreiche barrierefreie Angebote wie Baumwipfelpfade, die WildLine-H\u00e4ngebr\u00fccke, den Thyssen-Krupp-Aufzugstestturm, Wege und Bahnen auf Freiburgs Hausberg Schauinsland oder auf den Feldberggipfel.<\/p>\n<p>Zudem gebe es <strong>barrierefreie Unterk\u00fcnfte<\/strong> in verschiedenen Kategorien \u2013 aber es gibt noch zu wenige zertifizierte Betriebe. Nach \u201eReisen f\u00fcr alle\u201c sind es aktuell nur f\u00fcnf Betriebe, nach den weit weniger differenzierten Kriterienkatalogen von Baden-W\u00fcrttemberg bf oder Escales-Verlag sind es laut der Schwarzwald Tourismus in der Region auch nur rund 25 Betriebe und Einrichtungen. Angesichts dieser Zahlen und der Entwicklung in der Gesellschaft wolle man das Thema \u201eReisen f\u00fcr Alle\u201c in den n\u00e4chsten Jahren intensiv weiterverfolgen.<\/p>\n<p>Vor dem Hintergrund der demografischen Entwicklung erwartet auch Hermann Meyering, Vorsitzender der G\u00fctegemeinschaft Buskomfort (gbk), dass dieses Thema in der Bustouristik eine immer wichtigere Rolle spielt. Allerdings sei die Nachfrage nach barrierefreien Reisen aktuell gering und die Zahl der Busreiseveranstalter, die barrierefreie Reisen anbieten, \u201esehr \u00fcberschaubar\u201c.<\/p>\n<p>Meyering weist in diesem Zusammenhang darauf hin, dass barrierearme Seniorenreisen ein Thema sind, dass <strong>\u201ein der Branche tats\u00e4chlich an Bedeutung gewinnt\u201c<\/strong>. Hier k\u00f6nne die Bustouristik mit klassifizierten Qualit\u00e4tsbussen punkten, die den G\u00e4sten maximalen Reisekomfort mit gro\u00dfz\u00fcgiger Beinfreiheit bieten. Auch bei der Wahl der \u00dcbernachtungen und der Gestaltung von Ausflugsprogrammen w\u00fcrden die Busreiseveranstalter immer st\u00e4rker die Bed\u00fcrfnisse \u00e4lterer Menschen ber\u00fccksichtigen.<\/p>\n<p>&nbsp;<\/p>\n<p>Text: Thomas Burgert<\/p>\n<p>Bildquelle: TMBW D\u00fcpper<\/p>\n<p>&nbsp;<\/p>\n<p>&nbsp;<\/p>\n<\/div>\n<\/div><\/div><\/div><div id=\"pgc-11368-0-1\"  class=\"panel-grid-cell\" ><div id=\"panel-11368-0-1-0\" class=\"so-panel widget widget_sow-image panel-first-child panel-last-child\" data-index=\"1\" ><div\n\t\t\t\n\t\t\tclass=\"so-widget-sow-image so-widget-sow-image-default-8b5b6f678277-11368\"\n\t\t\t\n\t\t>\n<div class=\"sow-image-container\">\n\t\t<img \n\tsrc=\"https:\/\/www.bustreff.de\/busmagazin\/wp-content\/uploads\/2020\/03\/Barrierefrei_Mercedes-Benz-Museum_Stuttgart_cTMBW_D\u00fcpper-512x341.jpg\" width=\"512\" height=\"341\" srcset=\"https:\/\/www.bustreff.de\/busmagazin\/wp-content\/uploads\/2020\/03\/Barrierefrei_Mercedes-Benz-Museum_Stuttgart_cTMBW_D\u00fcpper-512x341.jpg 512w, https:\/\/www.bustreff.de\/busmagazin\/wp-content\/uploads\/2020\/03\/Barrierefrei_Mercedes-Benz-Museum_Stuttgart_cTMBW_D\u00fcpper-200x133.jpg 200w, https:\/\/www.bustreff.de\/busmagazin\/wp-content\/uploads\/2020\/03\/Barrierefrei_Mercedes-Benz-Museum_Stuttgart_cTMBW_D\u00fcpper-768x512.jpg 768w, https:\/\/www.bustreff.de\/busmagazin\/wp-content\/uploads\/2020\/03\/Barrierefrei_Mercedes-Benz-Museum_Stuttgart_cTMBW_D\u00fcpper-1536x1024.jpg 1536w, https:\/\/www.bustreff.de\/busmagazin\/wp-content\/uploads\/2020\/03\/Barrierefrei_Mercedes-Benz-Museum_Stuttgart_cTMBW_D\u00fcpper-2048x1365.jpg 2048w, https:\/\/www.bustreff.de\/busmagazin\/wp-content\/uploads\/2020\/03\/Barrierefrei_Mercedes-Benz-Museum_Stuttgart_cTMBW_D\u00fcpper-272x182.jpg 272w\" sizes=\"(max-width: 512px) 100vw, 512px\" title=\"Barrierefrei_Mercedes-Benz-Museum_Stuttgart_(c)TMBW_D\u00fcpper\" alt=\"\" \t\tclass=\"so-widget-image\"\/>\n\t<\/div>\n\n<\/div><\/div><\/div><\/div><\/div>","protected":false},"excerpt":{"rendered":"<p>Aufgrund des demografischen Wandels gewinnt das Thema Barrierefreiheit in den n\u00e4chsten Jahren weiter an Bedeutung. An einem bundesweiten Kennzeichnungssystem beteiligt sich seit diesem Jahr Baden-W\u00fcrttemberg. Im Deutschen Bundestag haben Mitte Februar die Gr\u00fcnen den Mangel an barrierefreien Angeboten in der Tourismusbranche beklagt. In einem Antrag schlugen sie u. a. die Gr\u00fcndung einer entsprechenden \u201enationalen Kompetenzstelle\u201c &#8230; <a href=\"https:\/\/www.bustreff.de\/busmagazin\/baden-wuerttemberg-barrierefreie-angebote-im-tourismus\/\" class=\"more-link\">mehr<\/a><\/p>\n","protected":false},"author":6,"featured_media":11369,"comment_status":"closed","ping_status":"closed","sticky":false,"template":"","format":"standard","meta":{"footnotes":""},"categories":[5],"tags":[],"class_list":["post-11368","post","type-post","status-publish","format-standard","has-post-thumbnail","hentry","category-busmagazin"],"_links":{"self":[{"href":"https:\/\/www.bustreff.de\/busmagazin\/wp-json\/wp\/v2\/posts\/11368","targetHints":{"allow":["GET"]}}],"collection":[{"href":"https:\/\/www.bustreff.de\/busmagazin\/wp-json\/wp\/v2\/posts"}],"about":[{"href":"https:\/\/www.bustreff.de\/busmagazin\/wp-json\/wp\/v2\/types\/post"}],"author":[{"embeddable":true,"href":"https:\/\/www.bustreff.de\/busmagazin\/wp-json\/wp\/v2\/users\/6"}],"replies":[{"embeddable":true,"href":"https:\/\/www.bustreff.de\/busmagazin\/wp-json\/wp\/v2\/comments?post=11368"}],"version-history":[{"count":4,"href":"https:\/\/www.bustreff.de\/busmagazin\/wp-json\/wp\/v2\/posts\/11368\/revisions"}],"predecessor-version":[{"id":11373,"href":"https:\/\/www.bustreff.de\/busmagazin\/wp-json\/wp\/v2\/posts\/11368\/revisions\/11373"}],"wp:featuredmedia":[{"embeddable":true,"href":"https:\/\/www.bustreff.de\/busmagazin\/wp-json\/wp\/v2\/media\/11369"}],"wp:attachment":[{"href":"https:\/\/www.bustreff.de\/busmagazin\/wp-json\/wp\/v2\/media?parent=11368"}],"wp:term":[{"taxonomy":"category","embeddable":true,"href":"https:\/\/www.bustreff.de\/busmagazin\/wp-json\/wp\/v2\/categories?post=11368"},{"taxonomy":"post_tag","embeddable":true,"href":"https:\/\/www.bustreff.de\/busmagazin\/wp-json\/wp\/v2\/tags?post=11368"}],"curies":[{"name":"wp","href":"https:\/\/api.w.org\/{rel}","templated":true}]}}