{"id":11384,"date":"2020-03-11T13:07:31","date_gmt":"2020-03-11T12:07:31","guid":{"rendered":"https:\/\/www.bustreff.de\/busmagazin\/?p=11384"},"modified":"2020-03-11T13:20:18","modified_gmt":"2020-03-11T12:20:18","slug":"rda-gte-friedrichshafen-2020-abgesagt","status":"publish","type":"post","link":"https:\/\/www.bustreff.de\/busmagazin\/rda-gte-friedrichshafen-2020-abgesagt\/","title":{"rendered":"ABGESAGT: RDA GTE Friedrichshafen 2020 findet nicht statt"},"content":{"rendered":"<div id=\"pl-11384\"  class=\"panel-layout\" ><div id=\"pg-11384-0\"  class=\"panel-grid panel-no-style\" ><div id=\"pgc-11384-0-0\"  class=\"panel-grid-cell\" ><div id=\"panel-11384-0-0-0\" class=\"so-panel widget widget_sow-editor panel-first-child panel-last-child\" data-index=\"0\" ><div\n\t\t\t\n\t\t\tclass=\"so-widget-sow-editor so-widget-sow-editor-base\"\n\t\t\t\n\t\t>\n<div class=\"siteorigin-widget-tinymce textwidget\">\n\t<p>Der Branchenverband RDA e.V. hat soeben mitgeteilt, dass die diesj\u00e4hrige Messe in Friedrichshafen am 21. + 22. April 2020 nicht stattfinden wird.<\/p>\n<p>&nbsp;<\/p>\n<p>Laut dem RDA reagiert der Verband damit auf eine Ank\u00fcndigung des Gesundheitsministeriums von Baden-W\u00fcrttemberg vom 10.3.2020, alle Gro\u00dfveranstaltungen mit mehr als 1.000 Teilnehmern per Verordnung zu verbieten.<\/p>\n<p>Das hat zur Folge, dass die RDA Group Travel Expo in Friedrichshafen abgesagt werden muss. Die geplante RDA Mitgliederversammlung wird verschoben.<\/p>\n<p>\u201eWir bedauern die Absage der RDA Group Travel Expo in Friedrichshafen und blicken zugleich zuversichtlich auf die RDA Group Travel Expo in K\u00f6ln, die am 7. + 8. Juli 2020 stattfindet. Der Anmeldeschluss f\u00fcr die Messeveranstaltung in K\u00f6ln wird verl\u00e4ngert. Die 69. RDA Mitgliederversammlung wird auf den 6.7.2020 verschoben und findet am Vortag der Messe in K\u00f6ln statt\u201c, so RDA Pr\u00e4sident Benedikt Esser.<\/p>\n<p>&nbsp;<\/p>\n<\/div>\n<\/div><\/div><\/div><div id=\"pgc-11384-0-1\"  class=\"panel-grid-cell\" ><div id=\"panel-11384-0-1-0\" class=\"so-panel widget widget_sow-image panel-first-child panel-last-child\" data-index=\"1\" ><div\n\t\t\t\n\t\t\tclass=\"so-widget-sow-image so-widget-sow-image-default-8b5b6f678277-11384\"\n\t\t\t\n\t\t>\n<div class=\"sow-image-container\">\n\t\t<img \n\tsrc=\"https:\/\/www.bustreff.de\/busmagazin\/wp-content\/uploads\/2020\/03\/RDA_GTEFN2020-Absage.jpg\" width=\"720\" height=\"439\" srcset=\"https:\/\/www.bustreff.de\/busmagazin\/wp-content\/uploads\/2020\/03\/RDA_GTEFN2020-Absage.jpg 720w, https:\/\/www.bustreff.de\/busmagazin\/wp-content\/uploads\/2020\/03\/RDA_GTEFN2020-Absage-200x122.jpg 200w, https:\/\/www.bustreff.de\/busmagazin\/wp-content\/uploads\/2020\/03\/RDA_GTEFN2020-Absage-512x312.jpg 512w\" sizes=\"(max-width: 720px) 100vw, 720px\" alt=\"\" \t\tclass=\"so-widget-image\"\/>\n\t<\/div>\n\n<\/div><\/div><\/div><\/div><\/div>","protected":false},"excerpt":{"rendered":"<p>Der Branchenverband RDA e.V. hat soeben mitgeteilt, dass die diesj\u00e4hrige Messe in Friedrichshafen am 21. + 22. April 2020 nicht stattfinden wird. &nbsp; Laut dem RDA reagiert der Verband damit auf eine Ank\u00fcndigung des Gesundheitsministeriums von Baden-W\u00fcrttemberg vom 10.3.2020, alle Gro\u00dfveranstaltungen mit mehr als 1.000 Teilnehmern per Verordnung zu verbieten. Das hat zur Folge, dass &#8230; <a href=\"https:\/\/www.bustreff.de\/busmagazin\/rda-gte-friedrichshafen-2020-abgesagt\/\" class=\"more-link\">mehr<\/a><\/p>\n","protected":false},"author":1,"featured_media":11383,"comment_status":"closed","ping_status":"closed","sticky":false,"template":"","format":"standard","meta":{"footnotes":""},"categories":[5,6],"tags":[],"class_list":["post-11384","post","type-post","status-publish","format-standard","has-post-thumbnail","hentry","category-busmagazin","category-bustreff-de"],"_links":{"self":[{"href":"https:\/\/www.bustreff.de\/busmagazin\/wp-json\/wp\/v2\/posts\/11384","targetHints":{"allow":["GET"]}}],"collection":[{"href":"https:\/\/www.bustreff.de\/busmagazin\/wp-json\/wp\/v2\/posts"}],"about":[{"href":"https:\/\/www.bustreff.de\/busmagazin\/wp-json\/wp\/v2\/types\/post"}],"author":[{"embeddable":true,"href":"https:\/\/www.bustreff.de\/busmagazin\/wp-json\/wp\/v2\/users\/1"}],"replies":[{"embeddable":true,"href":"https:\/\/www.bustreff.de\/busmagazin\/wp-json\/wp\/v2\/comments?post=11384"}],"version-history":[{"count":14,"href":"https:\/\/www.bustreff.de\/busmagazin\/wp-json\/wp\/v2\/posts\/11384\/revisions"}],"predecessor-version":[{"id":11398,"href":"https:\/\/www.bustreff.de\/busmagazin\/wp-json\/wp\/v2\/posts\/11384\/revisions\/11398"}],"wp:featuredmedia":[{"embeddable":true,"href":"https:\/\/www.bustreff.de\/busmagazin\/wp-json\/wp\/v2\/media\/11383"}],"wp:attachment":[{"href":"https:\/\/www.bustreff.de\/busmagazin\/wp-json\/wp\/v2\/media?parent=11384"}],"wp:term":[{"taxonomy":"category","embeddable":true,"href":"https:\/\/www.bustreff.de\/busmagazin\/wp-json\/wp\/v2\/categories?post=11384"},{"taxonomy":"post_tag","embeddable":true,"href":"https:\/\/www.bustreff.de\/busmagazin\/wp-json\/wp\/v2\/tags?post=11384"}],"curies":[{"name":"wp","href":"https:\/\/api.w.org\/{rel}","templated":true}]}}