{"id":11414,"date":"2020-03-12T13:10:23","date_gmt":"2020-03-12T12:10:23","guid":{"rendered":"https:\/\/www.bustreff.de\/busmagazin\/?p=11414"},"modified":"2020-03-12T13:12:32","modified_gmt":"2020-03-12T12:12:32","slug":"corona-krise-rda-verhandelt-intensiv-um-staatshilfen-erste-liquiditaetshilfen-sollen-bereits-ab-morgen-fliessen","status":"publish","type":"post","link":"https:\/\/www.bustreff.de\/busmagazin\/corona-krise-rda-verhandelt-intensiv-um-staatshilfen-erste-liquiditaetshilfen-sollen-bereits-ab-morgen-fliessen\/","title":{"rendered":"Corona-Krise: RDA verhandelt intensiv um Staatshilfen \u2013 Erste Liquidit\u00e4tshilfen sollen bereits ab morgen flie\u00dfen"},"content":{"rendered":"<div id=\"pl-11414\"  class=\"panel-layout\" ><div id=\"pg-11414-0\"  class=\"panel-grid panel-no-style\" ><div id=\"pgc-11414-0-0\"  class=\"panel-grid-cell\" ><div id=\"panel-11414-0-0-0\" class=\"so-panel widget widget_sow-editor panel-first-child panel-last-child\" data-index=\"0\" ><div\n\t\t\t\n\t\t\tclass=\"so-widget-sow-editor so-widget-sow-editor-base\"\n\t\t\t\n\t\t>\n<div class=\"siteorigin-widget-tinymce textwidget\">\n\t<p>Auf Einladung des Parlamentarischen Staatssekret\u00e4rs und Tourismusbeauftragten der Bundesregierung, Thomas Barei\u00df, <strong>verhandelte der RDA heute (12.03.2020) intensiv im Bundeswirtschaftsministerium<\/strong> mit Finanzierungsexperten und Vertretern der Bundesregierung um <strong>Liquidit\u00e4ts- und Staatshilfen f\u00fcr die Branche.<\/strong><\/p>\n<p>Der RDA stellte klar, dass die ordentlichen F\u00f6rderkredite des Bundes und der L\u00e4nder nicht geeignet sind, um die Kosten und Sch\u00e4den der Krise tragbar zu machen. Weiterhin f\u00fchrte der RDA aus, dass Bundes- und Landesb\u00fcrgschaften keine L\u00f6sung darstellen, da auch hier Ausschl\u00fcsse vorliegen, die einen R\u00fcckgriff auf diese Hilfen unm\u00f6glich machen.<br \/>\nDer RDA pr\u00e4sentierte die neuesten Ergebnisse aus der RDA Branchen-Umfrage zu den Sch\u00e4den in den Unternehmen und korrigierte die Hochrechnung nach oben: <strong>Demnach erwartet der RDA Sch\u00e4den von bis zu 600 Mio. \u20ac<\/strong> in Abh\u00e4ngigkeit zur Fortentwicklung der Corona-Krise.<br \/>\n\u201eDas ist ein hochdynamischer Prozess, der unsere Branche erfasst hat. Die Sch\u00e4den und Kosten \u00fcbersteigen jede Vorstellung. Wir fordern KfW- Liquidit\u00e4tshilfen, die aber nur zur \u00dcberbr\u00fcckung dienen k\u00f6nnen, bis Staatshilfen bewilligt werden\u201c, so RDA Vizepr\u00e4sident Dr. Ulrich Basteck, der an den exklusiven Verhandlungen gemeinsam mit RDA Pr\u00e4sident Benedikt Esser teilnahm.<\/p>\n<p>\u201eWenn der Staat durch Anordnungen, Weisungen oder Empfehlungen die Erbringung unserer Leistungen unm\u00f6glich macht, muss auch der Staat f\u00fcr die Kosten und entstandenen Sch\u00e4den aufkommen. Wir erkennen die Notwendigkeit f\u00fcr entschlossenes staatliches Handeln, k\u00f6nnen aber nicht f\u00fcr die dadurch verursachten Kosten und Sch\u00e4den herangezogen werden. Der RDA fordert Staatshilfen in Form von Entsch\u00e4digungen, r\u00fcckwirkend seit Beginn der Krise und solange der Zustand noch andauert\u201c, so RDA Pr\u00e4sident Benedikt Esser.<\/p>\n<p><strong>Die seitens des RDA geforderten Liquidit\u00e4tshilfen sollen nach der heutigen Zusage von Thomas Barei\u00df bereits ab morgen flie\u00dfen.<\/strong> Staatshilfen werden zurzeit noch gepr\u00fcft.<\/p>\n<p>Quelle\/Bild: RDA Internationaler Bustouristik Verband e.V.<\/p>\n<\/div>\n<\/div><\/div><\/div><div id=\"pgc-11414-0-1\"  class=\"panel-grid-cell\" ><div id=\"panel-11414-0-1-0\" class=\"so-panel widget widget_sow-image panel-first-child panel-last-child\" data-index=\"1\" ><div\n\t\t\t\n\t\t\tclass=\"so-widget-sow-image so-widget-sow-image-default-8b5b6f678277-11414\"\n\t\t\t\n\t\t>\n<div class=\"sow-image-container\">\n\t\t<img \n\tsrc=\"https:\/\/www.bustreff.de\/busmagazin\/wp-content\/uploads\/2020\/03\/RDA_Pra\u0308sident_Esser_u_-Basteck.jpg\" width=\"409\" height=\"478\" srcset=\"https:\/\/www.bustreff.de\/busmagazin\/wp-content\/uploads\/2020\/03\/RDA_Pra\u0308sident_Esser_u_-Basteck.jpg 409w, https:\/\/www.bustreff.de\/busmagazin\/wp-content\/uploads\/2020\/03\/RDA_Pra\u0308sident_Esser_u_-Basteck-200x234.jpg 200w, https:\/\/www.bustreff.de\/busmagazin\/wp-content\/uploads\/2020\/03\/RDA_Pra\u0308sident_Esser_u_-Basteck-128x150.jpg 128w\" sizes=\"(max-width: 409px) 100vw, 409px\" title=\"RDA_Pra\u0308sident_Esser_u_ Basteck\" alt=\"\" \t\tclass=\"so-widget-image\"\/>\n\t<\/div>\n\n<\/div><\/div><\/div><\/div><\/div>","protected":false},"excerpt":{"rendered":"<p>Auf Einladung des Parlamentarischen Staatssekret\u00e4rs und Tourismusbeauftragten der Bundesregierung, Thomas Barei\u00df, verhandelte der RDA heute (12.03.2020) intensiv im Bundeswirtschaftsministerium mit Finanzierungsexperten und Vertretern der Bundesregierung um Liquidit\u00e4ts- und Staatshilfen f\u00fcr die Branche. Der RDA stellte klar, dass die ordentlichen F\u00f6rderkredite des Bundes und der L\u00e4nder nicht geeignet sind, um die Kosten und Sch\u00e4den der Krise &#8230; <a href=\"https:\/\/www.bustreff.de\/busmagazin\/corona-krise-rda-verhandelt-intensiv-um-staatshilfen-erste-liquiditaetshilfen-sollen-bereits-ab-morgen-fliessen\/\" class=\"more-link\">mehr<\/a><\/p>\n","protected":false},"author":1,"featured_media":11416,"comment_status":"closed","ping_status":"closed","sticky":false,"template":"","format":"standard","meta":{"footnotes":""},"categories":[6],"tags":[],"class_list":["post-11414","post","type-post","status-publish","format-standard","has-post-thumbnail","hentry","category-bustreff-de"],"_links":{"self":[{"href":"https:\/\/www.bustreff.de\/busmagazin\/wp-json\/wp\/v2\/posts\/11414","targetHints":{"allow":["GET"]}}],"collection":[{"href":"https:\/\/www.bustreff.de\/busmagazin\/wp-json\/wp\/v2\/posts"}],"about":[{"href":"https:\/\/www.bustreff.de\/busmagazin\/wp-json\/wp\/v2\/types\/post"}],"author":[{"embeddable":true,"href":"https:\/\/www.bustreff.de\/busmagazin\/wp-json\/wp\/v2\/users\/1"}],"replies":[{"embeddable":true,"href":"https:\/\/www.bustreff.de\/busmagazin\/wp-json\/wp\/v2\/comments?post=11414"}],"version-history":[{"count":11,"href":"https:\/\/www.bustreff.de\/busmagazin\/wp-json\/wp\/v2\/posts\/11414\/revisions"}],"predecessor-version":[{"id":11426,"href":"https:\/\/www.bustreff.de\/busmagazin\/wp-json\/wp\/v2\/posts\/11414\/revisions\/11426"}],"wp:featuredmedia":[{"embeddable":true,"href":"https:\/\/www.bustreff.de\/busmagazin\/wp-json\/wp\/v2\/media\/11416"}],"wp:attachment":[{"href":"https:\/\/www.bustreff.de\/busmagazin\/wp-json\/wp\/v2\/media?parent=11414"}],"wp:term":[{"taxonomy":"category","embeddable":true,"href":"https:\/\/www.bustreff.de\/busmagazin\/wp-json\/wp\/v2\/categories?post=11414"},{"taxonomy":"post_tag","embeddable":true,"href":"https:\/\/www.bustreff.de\/busmagazin\/wp-json\/wp\/v2\/tags?post=11414"}],"curies":[{"name":"wp","href":"https:\/\/api.w.org\/{rel}","templated":true}]}}