{"id":11434,"date":"2020-03-14T08:27:49","date_gmt":"2020-03-14T07:27:49","guid":{"rendered":"https:\/\/www.bustreff.de\/busmagazin\/?p=11434"},"modified":"2020-03-12T20:30:24","modified_gmt":"2020-03-12T19:30:24","slug":"schuy-setra-doppelstockbus-zum-40-firmenjubilaeum","status":"publish","type":"post","link":"https:\/\/www.bustreff.de\/busmagazin\/schuy-setra-doppelstockbus-zum-40-firmenjubilaeum\/","title":{"rendered":"Schuy: Setra-Doppelstockbus zum 40. Firmenjubil\u00e4um"},"content":{"rendered":"<div id=\"pl-11434\"  class=\"panel-layout\" ><div id=\"pg-11434-0\"  class=\"panel-grid panel-no-style\" ><div id=\"pgc-11434-0-0\"  class=\"panel-grid-cell\" ><div id=\"panel-11434-0-0-0\" class=\"so-panel widget widget_sow-editor panel-first-child panel-last-child\" data-index=\"0\" ><div\n\t\t\t\n\t\t\tclass=\"so-widget-sow-editor so-widget-sow-editor-base\"\n\t\t\t\n\t\t>\n<div class=\"siteorigin-widget-tinymce textwidget\">\n\t<p>Die Schuy Exclusiv Reisen GmbH &amp; Co. KG in Elz feiert ihr 40-j\u00e4hriges Firmenbestehen mit der \u00dcbernahme eines neuen S 531 DT. Der Setra Doppelstockbus mit Panorama-Glasdach ist das neueste Mitglied der Bistrobus-Flotte des mittelhessischen Betriebs, der sich auf Premium-Reisen spezialisiert hat.<\/p>\n<p>In dem Reisebus, der mit dem Pr\u00e4dikat \u201eF\u00fcnf Sterne Superior\u201c ausgezeichnet ist, k\u00f6nnen im Oberdeck 42 Fahrg\u00e4ste auf Ledersesseln mit verstellbaren Komfort-Kopfst\u00fctzen und individuell einstellbaren Beinauflagen Platz nehmen. Im Unterdeck kann man es sich auf 16 Sitzen an vier Tischen gem\u00fctlich machen.<\/p>\n<p>Im Bistrobereich stehen f\u00fcr den Bordservice eine Zapfanlage, ein Kaffeeautomat, ein Backofen, einHei\u00dfluftherd, eine Sp\u00fclmaschine, ein Tiefk\u00fchlschrank und Porzellangeschirr zur Verf\u00fcgung. F\u00fcr die Sicherheit von Busfahrer und Fahrg\u00e4sten sorgen unter anderem ein Abbiegeassistent.<\/p>\n<p>&nbsp;<\/p>\n<p>Bildquelle: Daimler<\/p>\n<\/div>\n<\/div><\/div><\/div><div id=\"pgc-11434-0-1\"  class=\"panel-grid-cell\" ><div id=\"panel-11434-0-1-0\" class=\"so-panel widget widget_sow-image panel-first-child panel-last-child\" data-index=\"1\" ><div\n\t\t\t\n\t\t\tclass=\"so-widget-sow-image so-widget-sow-image-default-8b5b6f678277-11434\"\n\t\t\t\n\t\t>\n<div class=\"sow-image-container\">\n\t\t<img \n\tsrc=\"https:\/\/www.bustreff.de\/busmagazin\/wp-content\/uploads\/2020\/03\/schuy-web-512x340.jpg\" width=\"512\" height=\"340\" srcset=\"https:\/\/www.bustreff.de\/busmagazin\/wp-content\/uploads\/2020\/03\/schuy-web-512x340.jpg 512w, https:\/\/www.bustreff.de\/busmagazin\/wp-content\/uploads\/2020\/03\/schuy-web-200x133.jpg 200w, https:\/\/www.bustreff.de\/busmagazin\/wp-content\/uploads\/2020\/03\/schuy-web-768x510.jpg 768w, https:\/\/www.bustreff.de\/busmagazin\/wp-content\/uploads\/2020\/03\/schuy-web-272x182.jpg 272w, https:\/\/www.bustreff.de\/busmagazin\/wp-content\/uploads\/2020\/03\/schuy-web.jpg 1000w\" sizes=\"(max-width: 512px) 100vw, 512px\" alt=\"\" \t\tclass=\"so-widget-image\"\/>\n\t<\/div>\n\n<\/div><\/div><\/div><\/div><\/div>","protected":false},"excerpt":{"rendered":"<p>Die Schuy Exclusiv Reisen GmbH &amp; Co. KG in Elz feiert ihr 40-j\u00e4hriges Firmenbestehen mit der \u00dcbernahme eines neuen S 531 DT. Der Setra Doppelstockbus mit Panorama-Glasdach ist das neueste Mitglied der Bistrobus-Flotte des mittelhessischen Betriebs, der sich auf Premium-Reisen spezialisiert hat. In dem Reisebus, der mit dem Pr\u00e4dikat \u201eF\u00fcnf Sterne Superior\u201c ausgezeichnet ist, k\u00f6nnen &#8230; <a href=\"https:\/\/www.bustreff.de\/busmagazin\/schuy-setra-doppelstockbus-zum-40-firmenjubilaeum\/\" class=\"more-link\">mehr<\/a><\/p>\n","protected":false},"author":10,"featured_media":11435,"comment_status":"closed","ping_status":"closed","sticky":false,"template":"","format":"standard","meta":{"footnotes":""},"categories":[5],"tags":[],"class_list":["post-11434","post","type-post","status-publish","format-standard","has-post-thumbnail","hentry","category-busmagazin"],"_links":{"self":[{"href":"https:\/\/www.bustreff.de\/busmagazin\/wp-json\/wp\/v2\/posts\/11434","targetHints":{"allow":["GET"]}}],"collection":[{"href":"https:\/\/www.bustreff.de\/busmagazin\/wp-json\/wp\/v2\/posts"}],"about":[{"href":"https:\/\/www.bustreff.de\/busmagazin\/wp-json\/wp\/v2\/types\/post"}],"author":[{"embeddable":true,"href":"https:\/\/www.bustreff.de\/busmagazin\/wp-json\/wp\/v2\/users\/10"}],"replies":[{"embeddable":true,"href":"https:\/\/www.bustreff.de\/busmagazin\/wp-json\/wp\/v2\/comments?post=11434"}],"version-history":[{"count":4,"href":"https:\/\/www.bustreff.de\/busmagazin\/wp-json\/wp\/v2\/posts\/11434\/revisions"}],"predecessor-version":[{"id":11439,"href":"https:\/\/www.bustreff.de\/busmagazin\/wp-json\/wp\/v2\/posts\/11434\/revisions\/11439"}],"wp:featuredmedia":[{"embeddable":true,"href":"https:\/\/www.bustreff.de\/busmagazin\/wp-json\/wp\/v2\/media\/11435"}],"wp:attachment":[{"href":"https:\/\/www.bustreff.de\/busmagazin\/wp-json\/wp\/v2\/media?parent=11434"}],"wp:term":[{"taxonomy":"category","embeddable":true,"href":"https:\/\/www.bustreff.de\/busmagazin\/wp-json\/wp\/v2\/categories?post=11434"},{"taxonomy":"post_tag","embeddable":true,"href":"https:\/\/www.bustreff.de\/busmagazin\/wp-json\/wp\/v2\/tags?post=11434"}],"curies":[{"name":"wp","href":"https:\/\/api.w.org\/{rel}","templated":true}]}}