{"id":11440,"date":"2020-03-18T08:15:04","date_gmt":"2020-03-18T07:15:04","guid":{"rendered":"https:\/\/www.bustreff.de\/busmagazin\/?p=11440"},"modified":"2020-03-12T20:37:12","modified_gmt":"2020-03-12T19:37:12","slug":"hoermann-reisen-mit-zwei-s-531-dt-klimaneutral-auf-tour","status":"publish","type":"post","link":"https:\/\/www.bustreff.de\/busmagazin\/hoermann-reisen-mit-zwei-s-531-dt-klimaneutral-auf-tour\/","title":{"rendered":"H\u00f6rmann Reisen mit zwei S 531 DT klimaneutral auf Tour"},"content":{"rendered":"<div id=\"pl-11440\"  class=\"panel-layout\" ><div id=\"pg-11440-0\"  class=\"panel-grid panel-no-style\" ><div id=\"pgc-11440-0-0\"  class=\"panel-grid-cell\" ><div id=\"panel-11440-0-0-0\" class=\"so-panel widget widget_sow-editor panel-first-child panel-last-child\" data-index=\"0\" ><div\n\t\t\t\n\t\t\tclass=\"so-widget-sow-editor so-widget-sow-editor-base\"\n\t\t\t\n\t\t>\n<div class=\"siteorigin-widget-tinymce textwidget\">\n\t<p>Mit zwei S 531 DT baut die bayerische H\u00f6rmann-Reisen GmbH ihre Setra-Reisebus-Flotte aus. Die beiden 5-Sterne-Doppelstockbusse sind jeweils mit insgesamt 68 Sitzen und Panorama-Glasdach ausgestattet. Die ger\u00e4umige Bordk\u00fcche bietet Stauraum f\u00fcr Trolleys, mit denen das Servicepersonal den Fahrg\u00e4sten Fr\u00fchst\u00fcck und Snacks serviert.<\/p>\n<p>F\u00fcr die Sicherheit in den Dreiachsern, die \u00fcberwiegend im Fernreiseverkehr und auf Transfertouren zu Kreuzfahrth\u00e4fen eingesetzt werden, sorgt ein umfassendes Paket an Fahrerassistenzsystemen. Dazu z\u00e4hlt auch der sogenannte Active Brake Assist ABA 4, der vor Kollisionen mit sich bewegenden Fu\u00dfg\u00e4nger warnt und notfalls automatisch eine Teilbremsung einleitet.<\/p>\n<p>Das Familienunternehmen aus Augsburg erhielt als erster klimapositiver Busreiseveranstalter das Siegel der branchenunabh\u00e4ngigen Nachhaltigkeits-Beratungsgesellschaft Fokus Zukunft, weil es f\u00fcr die CO2-Emissionen einen freiwilligen Klimaschutzbeitrag leistet. Dabei f\u00f6rdert das Unternehmen ein Projekt, mit dem in S\u00fcdamerika W\u00e4lder aufgeforstet werden.<\/p>\n<p>&nbsp;<\/p>\n<p>Bildquelle: Daimler<\/p>\n<\/div>\n<\/div><\/div><\/div><div id=\"pgc-11440-0-1\"  class=\"panel-grid-cell\" ><div id=\"panel-11440-0-1-0\" class=\"so-panel widget widget_sow-image panel-first-child panel-last-child\" data-index=\"1\" ><div\n\t\t\t\n\t\t\tclass=\"so-widget-sow-image so-widget-sow-image-default-8b5b6f678277-11440\"\n\t\t\t\n\t\t>\n<div class=\"sow-image-container\">\n\t\t<img \n\tsrc=\"https:\/\/www.bustreff.de\/busmagazin\/wp-content\/uploads\/2020\/03\/hoermann-web-512x340.jpg\" width=\"512\" height=\"340\" srcset=\"https:\/\/www.bustreff.de\/busmagazin\/wp-content\/uploads\/2020\/03\/hoermann-web-512x340.jpg 512w, https:\/\/www.bustreff.de\/busmagazin\/wp-content\/uploads\/2020\/03\/hoermann-web-200x133.jpg 200w, https:\/\/www.bustreff.de\/busmagazin\/wp-content\/uploads\/2020\/03\/hoermann-web-768x510.jpg 768w, https:\/\/www.bustreff.de\/busmagazin\/wp-content\/uploads\/2020\/03\/hoermann-web-272x182.jpg 272w, https:\/\/www.bustreff.de\/busmagazin\/wp-content\/uploads\/2020\/03\/hoermann-web.jpg 1000w\" sizes=\"(max-width: 512px) 100vw, 512px\" alt=\"\" \t\tclass=\"so-widget-image\"\/>\n\t<\/div>\n\n<\/div><\/div><\/div><\/div><\/div>","protected":false},"excerpt":{"rendered":"<p>Mit zwei S 531 DT baut die bayerische H\u00f6rmann-Reisen GmbH ihre Setra-Reisebus-Flotte aus. Die beiden 5-Sterne-Doppelstockbusse sind jeweils mit insgesamt 68 Sitzen und Panorama-Glasdach ausgestattet. Die ger\u00e4umige Bordk\u00fcche bietet Stauraum f\u00fcr Trolleys, mit denen das Servicepersonal den Fahrg\u00e4sten Fr\u00fchst\u00fcck und Snacks serviert. F\u00fcr die Sicherheit in den Dreiachsern, die \u00fcberwiegend im Fernreiseverkehr und auf Transfertouren &#8230; <a href=\"https:\/\/www.bustreff.de\/busmagazin\/hoermann-reisen-mit-zwei-s-531-dt-klimaneutral-auf-tour\/\" class=\"more-link\">mehr<\/a><\/p>\n","protected":false},"author":10,"featured_media":11441,"comment_status":"closed","ping_status":"closed","sticky":false,"template":"","format":"standard","meta":{"footnotes":""},"categories":[5],"tags":[],"class_list":["post-11440","post","type-post","status-publish","format-standard","has-post-thumbnail","hentry","category-busmagazin"],"_links":{"self":[{"href":"https:\/\/www.bustreff.de\/busmagazin\/wp-json\/wp\/v2\/posts\/11440","targetHints":{"allow":["GET"]}}],"collection":[{"href":"https:\/\/www.bustreff.de\/busmagazin\/wp-json\/wp\/v2\/posts"}],"about":[{"href":"https:\/\/www.bustreff.de\/busmagazin\/wp-json\/wp\/v2\/types\/post"}],"author":[{"embeddable":true,"href":"https:\/\/www.bustreff.de\/busmagazin\/wp-json\/wp\/v2\/users\/10"}],"replies":[{"embeddable":true,"href":"https:\/\/www.bustreff.de\/busmagazin\/wp-json\/wp\/v2\/comments?post=11440"}],"version-history":[{"count":4,"href":"https:\/\/www.bustreff.de\/busmagazin\/wp-json\/wp\/v2\/posts\/11440\/revisions"}],"predecessor-version":[{"id":11445,"href":"https:\/\/www.bustreff.de\/busmagazin\/wp-json\/wp\/v2\/posts\/11440\/revisions\/11445"}],"wp:featuredmedia":[{"embeddable":true,"href":"https:\/\/www.bustreff.de\/busmagazin\/wp-json\/wp\/v2\/media\/11441"}],"wp:attachment":[{"href":"https:\/\/www.bustreff.de\/busmagazin\/wp-json\/wp\/v2\/media?parent=11440"}],"wp:term":[{"taxonomy":"category","embeddable":true,"href":"https:\/\/www.bustreff.de\/busmagazin\/wp-json\/wp\/v2\/categories?post=11440"},{"taxonomy":"post_tag","embeddable":true,"href":"https:\/\/www.bustreff.de\/busmagazin\/wp-json\/wp\/v2\/tags?post=11440"}],"curies":[{"name":"wp","href":"https:\/\/api.w.org\/{rel}","templated":true}]}}