{"id":11446,"date":"2020-03-15T08:48:50","date_gmt":"2020-03-15T07:48:50","guid":{"rendered":"https:\/\/www.bustreff.de\/busmagazin\/?p=11446"},"modified":"2020-03-12T20:50:28","modified_gmt":"2020-03-12T19:50:28","slug":"4-kundenkonferenz-von-bbt","status":"publish","type":"post","link":"https:\/\/www.bustreff.de\/busmagazin\/4-kundenkonferenz-von-bbt\/","title":{"rendered":"4. Kundenkonferenz von BBT"},"content":{"rendered":"<div id=\"pl-11446\"  class=\"panel-layout\" ><div id=\"pg-11446-0\"  class=\"panel-grid panel-no-style\" ><div id=\"pgc-11446-0-0\"  class=\"panel-grid-cell\" ><div id=\"panel-11446-0-0-0\" class=\"so-panel widget widget_sow-editor panel-first-child panel-last-child\" data-index=\"0\" ><div\n\t\t\t\n\t\t\tclass=\"so-widget-sow-editor so-widget-sow-editor-base\"\n\t\t\t\n\t\t>\n<div class=\"siteorigin-widget-tinymce textwidget\">\n\t<p>Zum vierten Mal nach 2013, 2015 und 2017 lud der Paket- und Gruppenreiseveranstalter BBT Ende Februar zur Kundenkonferenz ein. In den neuen B\u00fcror\u00e4umen des Soester Unternehmens ging es um Busunternehmen als Arbeitgeber, modernes Online-Marketing, Nachhaltigkeit im Bustourismus und aktuelle Themen der Touristik. In verschiedenen Workshops tauschten die Teilnehmer sich \u00fcber ihre Erfahrungen aus, diskutierten M\u00f6glichkeiten, Mitarbeiter und Fahrer zu gewinnen und entwickelten kreative Ideen zu Marketing und Nachhaltigkeit. Dabei ging es unter anderem um die Frage, wie man Busreisen in Zukunft attraktiver gestalten k\u00f6nnte.<\/p>\n<p>Den Wunsch der Teilnehmer, die Kundenkonferenz j\u00e4hrlich durchzuf\u00fchren, greift BBT unmittelbar auf. Der n\u00e4chste Termin ist am 25.\/26. Februar 2021. Anmeldungen sind ab sofort m\u00f6glich. Die Teilnehmerzahl ist auf 25 Personen begrenzt.<\/p>\n<p>&nbsp;<\/p>\n<p>www.bbt.travel<\/p>\n<\/div>\n<\/div><\/div><\/div><div id=\"pgc-11446-0-1\"  class=\"panel-grid-cell\" ><div id=\"panel-11446-0-1-0\" class=\"so-panel widget widget_sow-image panel-first-child panel-last-child\" data-index=\"1\" ><div\n\t\t\t\n\t\t\tclass=\"so-widget-sow-image so-widget-sow-image-default-8b5b6f678277-11446\"\n\t\t\t\n\t\t>\n<div class=\"sow-image-container\">\n\t\t<img \n\tsrc=\"https:\/\/www.bustreff.de\/busmagazin\/wp-content\/uploads\/2020\/03\/bbt-web-512x342.jpg\" width=\"512\" height=\"342\" srcset=\"https:\/\/www.bustreff.de\/busmagazin\/wp-content\/uploads\/2020\/03\/bbt-web-512x342.jpg 512w, https:\/\/www.bustreff.de\/busmagazin\/wp-content\/uploads\/2020\/03\/bbt-web-200x133.jpg 200w, https:\/\/www.bustreff.de\/busmagazin\/wp-content\/uploads\/2020\/03\/bbt-web-768x512.jpg 768w, https:\/\/www.bustreff.de\/busmagazin\/wp-content\/uploads\/2020\/03\/bbt-web-272x182.jpg 272w, https:\/\/www.bustreff.de\/busmagazin\/wp-content\/uploads\/2020\/03\/bbt-web.jpg 1000w\" sizes=\"(max-width: 512px) 100vw, 512px\" alt=\"\" \t\tclass=\"so-widget-image\"\/>\n\t<\/div>\n\n<\/div><\/div><\/div><\/div><\/div>","protected":false},"excerpt":{"rendered":"<p>Zum vierten Mal nach 2013, 2015 und 2017 lud der Paket- und Gruppenreiseveranstalter BBT Ende Februar zur Kundenkonferenz ein. In den neuen B\u00fcror\u00e4umen des Soester Unternehmens ging es um Busunternehmen als Arbeitgeber, modernes Online-Marketing, Nachhaltigkeit im Bustourismus und aktuelle Themen der Touristik. In verschiedenen Workshops tauschten die Teilnehmer sich \u00fcber ihre Erfahrungen aus, diskutierten M\u00f6glichkeiten, &#8230; <a href=\"https:\/\/www.bustreff.de\/busmagazin\/4-kundenkonferenz-von-bbt\/\" class=\"more-link\">mehr<\/a><\/p>\n","protected":false},"author":10,"featured_media":11447,"comment_status":"closed","ping_status":"closed","sticky":false,"template":"","format":"standard","meta":{"footnotes":""},"categories":[5],"tags":[],"class_list":["post-11446","post","type-post","status-publish","format-standard","has-post-thumbnail","hentry","category-busmagazin"],"_links":{"self":[{"href":"https:\/\/www.bustreff.de\/busmagazin\/wp-json\/wp\/v2\/posts\/11446","targetHints":{"allow":["GET"]}}],"collection":[{"href":"https:\/\/www.bustreff.de\/busmagazin\/wp-json\/wp\/v2\/posts"}],"about":[{"href":"https:\/\/www.bustreff.de\/busmagazin\/wp-json\/wp\/v2\/types\/post"}],"author":[{"embeddable":true,"href":"https:\/\/www.bustreff.de\/busmagazin\/wp-json\/wp\/v2\/users\/10"}],"replies":[{"embeddable":true,"href":"https:\/\/www.bustreff.de\/busmagazin\/wp-json\/wp\/v2\/comments?post=11446"}],"version-history":[{"count":4,"href":"https:\/\/www.bustreff.de\/busmagazin\/wp-json\/wp\/v2\/posts\/11446\/revisions"}],"predecessor-version":[{"id":11451,"href":"https:\/\/www.bustreff.de\/busmagazin\/wp-json\/wp\/v2\/posts\/11446\/revisions\/11451"}],"wp:featuredmedia":[{"embeddable":true,"href":"https:\/\/www.bustreff.de\/busmagazin\/wp-json\/wp\/v2\/media\/11447"}],"wp:attachment":[{"href":"https:\/\/www.bustreff.de\/busmagazin\/wp-json\/wp\/v2\/media?parent=11446"}],"wp:term":[{"taxonomy":"category","embeddable":true,"href":"https:\/\/www.bustreff.de\/busmagazin\/wp-json\/wp\/v2\/categories?post=11446"},{"taxonomy":"post_tag","embeddable":true,"href":"https:\/\/www.bustreff.de\/busmagazin\/wp-json\/wp\/v2\/tags?post=11446"}],"curies":[{"name":"wp","href":"https:\/\/api.w.org\/{rel}","templated":true}]}}