{"id":11464,"date":"2020-03-19T08:02:31","date_gmt":"2020-03-19T07:02:31","guid":{"rendered":"https:\/\/www.bustreff.de\/busmagazin\/?p=11464"},"modified":"2020-03-12T21:32:04","modified_gmt":"2020-03-12T20:32:04","slug":"knorr-bremse-starkes-geschaeftsjahr-2019","status":"publish","type":"post","link":"https:\/\/www.bustreff.de\/busmagazin\/knorr-bremse-starkes-geschaeftsjahr-2019\/","title":{"rendered":"Knorr-Bremse: starkes Gesch\u00e4ftsjahr 2019"},"content":{"rendered":"<div id=\"pl-11464\"  class=\"panel-layout\" ><div id=\"pg-11464-0\"  class=\"panel-grid panel-no-style\" ><div id=\"pgc-11464-0-0\"  class=\"panel-grid-cell\" ><div id=\"panel-11464-0-0-0\" class=\"so-panel widget widget_sow-editor panel-first-child panel-last-child\" data-index=\"0\" ><div\n\t\t\t\n\t\t\tclass=\"so-widget-sow-editor so-widget-sow-editor-base\"\n\t\t\t\n\t\t>\n<div class=\"siteorigin-widget-tinymce textwidget\">\n\t<p>Die Knorr-Bremse AG, Weltmarktf\u00fchrer f\u00fcr Brems- und weitere Systeme f\u00fcr Schienen- und Nutzfahrzeuge, hat auf seiner Jahrespressekonferenz ein starkes vorl\u00e4ufiges Ergebnis f\u00fcr das Gesamtjahr 2019 vorgelegt. Der Gesamtumsatz stieg um 4,8% auf 6.937 Mio. Euro. 2018 waren es 6.616 Mio. Euro. Im Segment Systeme f\u00fcr Nutzfahrzeuge stieg der Umsatz gegen\u00fcber dem Vorjahr um 3,8% auf 3.280 Mio. Euro und entwickelte sich damit besser als die signifikant r\u00fcckl\u00e4ufige globale Nutzfahrzeugproduktion von -4,5%.<\/p>\n<p>Im Gesch\u00e4ftsjahr 2019 steigerte das Unternehmen seine Investitionen in Forschungs- und Entwicklungsaktivit\u00e4ten um 9,1% auf 397 Mio. Euro (2018: 364 Mio. EUR). Die Gesamtzahl der Mitarbeiter zum Jahresende 2019 wuchs um 1,6% auf 28.905 und damit weniger stark als der Umsatz.<\/p>\n<p>Knorr-Bremse hat sich das Ziel gesetzt, bis 2021 klimaneutral zu werden. Das Unternehmen will daf\u00fcr den Anteil erneuerbarer Energien, die es selbst erzeugt bzw. bezieht, schrittweise erh\u00f6hen und die Energieeffizienz aller Standorte kontinuierlich verbessern. Zus\u00e4tzlich wird es CO2-Emissionen kompensieren.<\/p>\n<p>&nbsp;<\/p>\n<p>Bildquelle: Knorr-Bremse<\/p>\n<\/div>\n<\/div><\/div><\/div><div id=\"pgc-11464-0-1\"  class=\"panel-grid-cell\" ><div id=\"panel-11464-0-1-0\" class=\"so-panel widget widget_sow-image panel-first-child panel-last-child\" data-index=\"1\" ><div\n\t\t\t\n\t\t\tclass=\"so-widget-sow-image so-widget-sow-image-default-8b5b6f678277-11464\"\n\t\t\t\n\t\t>\n<div class=\"sow-image-container\">\n\t\t<img \n\tsrc=\"https:\/\/www.bustreff.de\/busmagazin\/wp-content\/uploads\/2020\/03\/knorr-pk-web-512x342.jpg\" width=\"512\" height=\"342\" srcset=\"https:\/\/www.bustreff.de\/busmagazin\/wp-content\/uploads\/2020\/03\/knorr-pk-web-512x342.jpg 512w, https:\/\/www.bustreff.de\/busmagazin\/wp-content\/uploads\/2020\/03\/knorr-pk-web-200x133.jpg 200w, https:\/\/www.bustreff.de\/busmagazin\/wp-content\/uploads\/2020\/03\/knorr-pk-web-768x512.jpg 768w, https:\/\/www.bustreff.de\/busmagazin\/wp-content\/uploads\/2020\/03\/knorr-pk-web-272x182.jpg 272w, https:\/\/www.bustreff.de\/busmagazin\/wp-content\/uploads\/2020\/03\/knorr-pk-web.jpg 1000w\" sizes=\"(max-width: 512px) 100vw, 512px\" alt=\"\" \t\tclass=\"so-widget-image\"\/>\n\t<\/div>\n\n<\/div><\/div><\/div><\/div><\/div>","protected":false},"excerpt":{"rendered":"<p>Die Knorr-Bremse AG, Weltmarktf\u00fchrer f\u00fcr Brems- und weitere Systeme f\u00fcr Schienen- und Nutzfahrzeuge, hat auf seiner Jahrespressekonferenz ein starkes vorl\u00e4ufiges Ergebnis f\u00fcr das Gesamtjahr 2019 vorgelegt. Der Gesamtumsatz stieg um 4,8% auf 6.937 Mio. Euro. 2018 waren es 6.616 Mio. Euro. Im Segment Systeme f\u00fcr Nutzfahrzeuge stieg der Umsatz gegen\u00fcber dem Vorjahr um 3,8% auf &#8230; <a href=\"https:\/\/www.bustreff.de\/busmagazin\/knorr-bremse-starkes-geschaeftsjahr-2019\/\" class=\"more-link\">mehr<\/a><\/p>\n","protected":false},"author":10,"featured_media":11465,"comment_status":"closed","ping_status":"closed","sticky":false,"template":"","format":"standard","meta":{"footnotes":""},"categories":[5],"tags":[],"class_list":["post-11464","post","type-post","status-publish","format-standard","has-post-thumbnail","hentry","category-busmagazin"],"_links":{"self":[{"href":"https:\/\/www.bustreff.de\/busmagazin\/wp-json\/wp\/v2\/posts\/11464","targetHints":{"allow":["GET"]}}],"collection":[{"href":"https:\/\/www.bustreff.de\/busmagazin\/wp-json\/wp\/v2\/posts"}],"about":[{"href":"https:\/\/www.bustreff.de\/busmagazin\/wp-json\/wp\/v2\/types\/post"}],"author":[{"embeddable":true,"href":"https:\/\/www.bustreff.de\/busmagazin\/wp-json\/wp\/v2\/users\/10"}],"replies":[{"embeddable":true,"href":"https:\/\/www.bustreff.de\/busmagazin\/wp-json\/wp\/v2\/comments?post=11464"}],"version-history":[{"count":4,"href":"https:\/\/www.bustreff.de\/busmagazin\/wp-json\/wp\/v2\/posts\/11464\/revisions"}],"predecessor-version":[{"id":11469,"href":"https:\/\/www.bustreff.de\/busmagazin\/wp-json\/wp\/v2\/posts\/11464\/revisions\/11469"}],"wp:featuredmedia":[{"embeddable":true,"href":"https:\/\/www.bustreff.de\/busmagazin\/wp-json\/wp\/v2\/media\/11465"}],"wp:attachment":[{"href":"https:\/\/www.bustreff.de\/busmagazin\/wp-json\/wp\/v2\/media?parent=11464"}],"wp:term":[{"taxonomy":"category","embeddable":true,"href":"https:\/\/www.bustreff.de\/busmagazin\/wp-json\/wp\/v2\/categories?post=11464"},{"taxonomy":"post_tag","embeddable":true,"href":"https:\/\/www.bustreff.de\/busmagazin\/wp-json\/wp\/v2\/tags?post=11464"}],"curies":[{"name":"wp","href":"https:\/\/api.w.org\/{rel}","templated":true}]}}