{"id":11470,"date":"2020-03-13T11:33:08","date_gmt":"2020-03-13T10:33:08","guid":{"rendered":"https:\/\/www.bustreff.de\/busmagazin\/?p=11470"},"modified":"2020-03-13T11:33:08","modified_gmt":"2020-03-13T10:33:08","slug":"dtv-fordert-mehr-staatliche-unterstuetzung","status":"publish","type":"post","link":"https:\/\/www.bustreff.de\/busmagazin\/dtv-fordert-mehr-staatliche-unterstuetzung\/","title":{"rendered":"DTV fordert mehr staatliche Unterst\u00fctzung"},"content":{"rendered":"<div id=\"pl-11470\"  class=\"panel-layout\" ><div id=\"pg-11470-0\"  class=\"panel-grid panel-no-style\" ><div id=\"pgc-11470-0-0\"  class=\"panel-grid-cell\" ><div id=\"panel-11470-0-0-0\" class=\"so-panel widget widget_sow-editor panel-first-child panel-last-child\" data-index=\"0\" ><div\n\t\t\t\n\t\t\tclass=\"so-widget-sow-editor so-widget-sow-editor-base\"\n\t\t\t\n\t\t>\n<div class=\"siteorigin-widget-tinymce textwidget\">\n\t<p>Die Ausbreitung des Corona-Virus hat gravierende Auswirkungen auf die deutsche Tourismusbranche. Die Reiseg\u00e4ste sind v\u00f6llig verunsichert, der Aufruf seitens der Bundesregierung \u201esoziale Kontakte\u201c zu minimieren, l\u00e4hmt das ganze Land. Erste Busunternehmen haben ihre Fahrzeuge einstweilig abgemeldet und eingemottet.<\/p>\n<p>Kein Wunder also, dass der Deutsche Tourismusverband (DTV) die Bundesregierung auffordert, mit geeigneten Instrumenten daf\u00fcr zu sorgen, dass die Akteure des Deutschlandtourismus keinen bleibenden Schaden nehmen. \u201eJetzt muss es darum gehen, finanzielle Engp\u00e4sse zu \u00fcberbr\u00fccken und zu verhindern, dass Unternehmen unverschuldet in Schieflage geraten und Besch\u00e4ftigte ihren Arbeitsplatz verlieren\u201c, so Norbert Kunz.<br \/>\nDie bereits vom Bund beschlossenen Ma\u00dfnahmen zum Kurzarbeitergeld und zur \u00dcbernahme der Sozialversicherungsbeitr\u00e4ge sind erste notwendige Schritte, denen weitere folgen m\u00fcssen, erkl\u00e4rt der DTV.<br \/>\nDazu hat der DTV dem Bund ein Mix aus kurz-, mittel- und langfristigen Ma\u00dfnahmen vorgeschlagen. \u201eEssentiell sind nun vor allem schnell wirkende, niedrigschwellige und vor allem leicht zug\u00e4ngliche Liquidit\u00e4tshilfen f\u00fcr besonders betroffene Tourismusakteure und Leistungstr\u00e4ger aber auch Kongresszentren, Messen, Kultur-, Freizeit- und Tourismuseinrichtungen in St\u00e4dten, Landkreisen und Gemeinden\u201c, so Kunz. \u201eIm Endeffekt geht es auch darum, die wirtschaftliche Wertsch\u00f6pfung der Branche f\u00fcr die gesamte Volkswirtschaft auch nach der Krise zu erhalten\u201c. Die deutsche Tourismusbranche hat unmittelbar mit den Auswirkungen des Coronavirus zu k\u00e4mpfen: Drastische R\u00fcckg\u00e4nge im Veranstaltungs- und Messegesch\u00e4ft, Stornierungswellen, Besucherr\u00fcckg\u00e4nge und eine hohe Buchungszur\u00fcckhaltung treffen Gastgewerbe, Tourismus-, Kultur- und Freizeiteinrichtungen sowie Mobilit\u00e4tsanbieter hart.<\/p>\n<p>&nbsp;<\/p>\n<p>Bild: Auch das Gastgewerbe leidet unter ausbleibenden G\u00e4ste<\/p>\n<p>Bildquelle: pixabay\/Hans Braxmeier (Symbolbild)<\/p>\n<p>&nbsp;<\/p>\n<\/div>\n<\/div><\/div><\/div><div id=\"pgc-11470-0-1\"  class=\"panel-grid-cell\" ><div id=\"panel-11470-0-1-0\" class=\"so-panel widget widget_sow-image panel-first-child panel-last-child\" data-index=\"1\" ><div\n\t\t\t\n\t\t\tclass=\"so-widget-sow-image so-widget-sow-image-default-8b5b6f678277-11470\"\n\t\t\t\n\t\t>\n<div class=\"sow-image-container\">\n\t\t<img \n\tsrc=\"https:\/\/www.bustreff.de\/busmagazin\/wp-content\/uploads\/2020\/03\/guest-room-182930_1920-512x384.jpg\" width=\"512\" height=\"384\" srcset=\"https:\/\/www.bustreff.de\/busmagazin\/wp-content\/uploads\/2020\/03\/guest-room-182930_1920-512x384.jpg 512w, https:\/\/www.bustreff.de\/busmagazin\/wp-content\/uploads\/2020\/03\/guest-room-182930_1920-200x150.jpg 200w, https:\/\/www.bustreff.de\/busmagazin\/wp-content\/uploads\/2020\/03\/guest-room-182930_1920-768x576.jpg 768w, https:\/\/www.bustreff.de\/busmagazin\/wp-content\/uploads\/2020\/03\/guest-room-182930_1920-1536x1152.jpg 1536w, https:\/\/www.bustreff.de\/busmagazin\/wp-content\/uploads\/2020\/03\/guest-room-182930_1920.jpg 1920w\" sizes=\"(max-width: 512px) 100vw, 512px\" alt=\"\" \t\tclass=\"so-widget-image\"\/>\n\t<\/div>\n\n<\/div><\/div><\/div><\/div><\/div>","protected":false},"excerpt":{"rendered":"<p>Die Ausbreitung des Corona-Virus hat gravierende Auswirkungen auf die deutsche Tourismusbranche. Die Reiseg\u00e4ste sind v\u00f6llig verunsichert, der Aufruf seitens der Bundesregierung \u201esoziale Kontakte\u201c zu minimieren, l\u00e4hmt das ganze Land. Erste Busunternehmen haben ihre Fahrzeuge einstweilig abgemeldet und eingemottet. Kein Wunder also, dass der Deutsche Tourismusverband (DTV) die Bundesregierung auffordert, mit geeigneten Instrumenten daf\u00fcr zu sorgen, &#8230; <a href=\"https:\/\/www.bustreff.de\/busmagazin\/dtv-fordert-mehr-staatliche-unterstuetzung\/\" class=\"more-link\">mehr<\/a><\/p>\n","protected":false},"author":6,"featured_media":11473,"comment_status":"closed","ping_status":"closed","sticky":false,"template":"","format":"standard","meta":{"footnotes":""},"categories":[5],"tags":[],"class_list":["post-11470","post","type-post","status-publish","format-standard","has-post-thumbnail","hentry","category-busmagazin"],"_links":{"self":[{"href":"https:\/\/www.bustreff.de\/busmagazin\/wp-json\/wp\/v2\/posts\/11470","targetHints":{"allow":["GET"]}}],"collection":[{"href":"https:\/\/www.bustreff.de\/busmagazin\/wp-json\/wp\/v2\/posts"}],"about":[{"href":"https:\/\/www.bustreff.de\/busmagazin\/wp-json\/wp\/v2\/types\/post"}],"author":[{"embeddable":true,"href":"https:\/\/www.bustreff.de\/busmagazin\/wp-json\/wp\/v2\/users\/6"}],"replies":[{"embeddable":true,"href":"https:\/\/www.bustreff.de\/busmagazin\/wp-json\/wp\/v2\/comments?post=11470"}],"version-history":[{"count":6,"href":"https:\/\/www.bustreff.de\/busmagazin\/wp-json\/wp\/v2\/posts\/11470\/revisions"}],"predecessor-version":[{"id":11477,"href":"https:\/\/www.bustreff.de\/busmagazin\/wp-json\/wp\/v2\/posts\/11470\/revisions\/11477"}],"wp:featuredmedia":[{"embeddable":true,"href":"https:\/\/www.bustreff.de\/busmagazin\/wp-json\/wp\/v2\/media\/11473"}],"wp:attachment":[{"href":"https:\/\/www.bustreff.de\/busmagazin\/wp-json\/wp\/v2\/media?parent=11470"}],"wp:term":[{"taxonomy":"category","embeddable":true,"href":"https:\/\/www.bustreff.de\/busmagazin\/wp-json\/wp\/v2\/categories?post=11470"},{"taxonomy":"post_tag","embeddable":true,"href":"https:\/\/www.bustreff.de\/busmagazin\/wp-json\/wp\/v2\/tags?post=11470"}],"curies":[{"name":"wp","href":"https:\/\/api.w.org\/{rel}","templated":true}]}}