{"id":11478,"date":"2020-03-13T11:43:03","date_gmt":"2020-03-13T10:43:03","guid":{"rendered":"https:\/\/www.bustreff.de\/busmagazin\/?p=11478"},"modified":"2020-03-13T11:43:04","modified_gmt":"2020-03-13T10:43:04","slug":"kurzarbeitergeld-in-krisenzeiten","status":"publish","type":"post","link":"https:\/\/www.bustreff.de\/busmagazin\/kurzarbeitergeld-in-krisenzeiten\/","title":{"rendered":"Kurzarbeitergeld in Krisenzeiten"},"content":{"rendered":"<div id=\"pl-11478\"  class=\"panel-layout\" ><div id=\"pg-11478-0\"  class=\"panel-grid panel-no-style\" ><div id=\"pgc-11478-0-0\"  class=\"panel-grid-cell\" ><div id=\"panel-11478-0-0-0\" class=\"so-panel widget widget_sow-editor panel-first-child panel-last-child\" data-index=\"0\" ><div\n\t\t\t\n\t\t\tclass=\"so-widget-sow-editor so-widget-sow-editor-base\"\n\t\t\t\n\t\t>\n<div class=\"siteorigin-widget-tinymce textwidget\">\n\t<p>Nach dem Willen der CDU\/CSU- und der SPD-Fraktion soll die Bundesregierung befristet bis zum 31.12.2021 Rechtsverordnungen, die nicht der Zustimmung des Bundesrates bed\u00fcrfen, erlassen k\u00f6nnen, die den Zugang zum Kurzarbeitergeld erleichtern, Betriebe entlasten und Leiharbeitern den Bezug von Kurzarbeitergeld erm\u00f6glichen, so ist es aus dem Deutschen Bundestag zu h\u00f6ren.<\/p>\n<p>Den entsprechenden Gesetzentwurf (<a href=\"http:\/\/dip21.bundestag.de\/dip21\/btd\/19\/178\/1917893.pdf\"><strong>19\/17893<\/strong><\/a>) begr\u00fcnden die Koalitionsfraktionen mit den durch die schnell zunehmende Verbreitung des Corona-Virus Covid19 ausgel\u00f6sten konjunkturellen Herausforderungen f\u00fcr die deutsche Wirtschaft.<\/p>\n<p>Konkret sieht die Gesetzesinitiative eine \u00c4nderung im \u201eDritten Buch Sozialgesetzbuch\u201c vor, die es durch eine Verordnung der Bundesregierung erm\u00f6glicht, dass nur 10 % der Besch\u00e4ftigten eines Betriebes vom Arbeitsausfall betroffen sein m\u00fcssen.<\/p>\n<p>Nach geltendem Recht ist vorgesehen, dass mindestens ein Drittel der Besch\u00e4ftigten vom Arbeitsausfall betroffen sein m\u00fcssen. Zudem soll auf den Aufbau von negativen Arbeitszeitsalden vor Zahlung des Kurzarbeitergeldes ganz oder teilweise verzichtet werden k\u00f6nnen. Des Weiteren sollen den Arbeitgebern die Sozialversicherungsbeitr\u00e4ge vollst\u00e4ndig oder teilweise erstattet werden k\u00f6nnen.<\/p>\n<p>Durch \u00c4nderung des Arbeitnehmer\u00fcberlassungsgesetzes wird die M\u00f6glichkeit f\u00fcr eine Verordnung durch die Bundesregierung geschaffen, damit Kurzarbeitergeld auch an Leiharbeitskr\u00e4fte gezahlt werden kann. Voraussetzung f\u00fcr eine solche Verordnung ist eine krisenhafte Situation, die f\u00fcr Branchen oder Regionen \u00fcbergreifend erhebliche Auswirkungen auf Besch\u00e4ftigungsverh\u00e4ltnisse und den Arbeitsmarkt hat.<\/p>\n<p>&nbsp;<\/p>\n<p>Bildquelle: pixabay\/kaicho20<\/p>\n<\/div>\n<\/div><\/div><\/div><div id=\"pgc-11478-0-1\"  class=\"panel-grid-cell\" ><div id=\"panel-11478-0-1-0\" class=\"so-panel widget widget_sow-image panel-first-child panel-last-child\" data-index=\"1\" ><div\n\t\t\t\n\t\t\tclass=\"so-widget-sow-image so-widget-sow-image-default-8b5b6f678277-11478\"\n\t\t\t\n\t\t>\n<div class=\"sow-image-container\">\n\t\t<img \n\tsrc=\"https:\/\/www.bustreff.de\/busmagazin\/wp-content\/uploads\/2020\/03\/waiter-492872_1920-512x342.jpg\" width=\"512\" height=\"342\" srcset=\"https:\/\/www.bustreff.de\/busmagazin\/wp-content\/uploads\/2020\/03\/waiter-492872_1920-512x342.jpg 512w, https:\/\/www.bustreff.de\/busmagazin\/wp-content\/uploads\/2020\/03\/waiter-492872_1920-200x133.jpg 200w, https:\/\/www.bustreff.de\/busmagazin\/wp-content\/uploads\/2020\/03\/waiter-492872_1920-768x512.jpg 768w, https:\/\/www.bustreff.de\/busmagazin\/wp-content\/uploads\/2020\/03\/waiter-492872_1920-1536x1025.jpg 1536w, https:\/\/www.bustreff.de\/busmagazin\/wp-content\/uploads\/2020\/03\/waiter-492872_1920-272x182.jpg 272w, https:\/\/www.bustreff.de\/busmagazin\/wp-content\/uploads\/2020\/03\/waiter-492872_1920.jpg 1920w\" sizes=\"(max-width: 512px) 100vw, 512px\" alt=\"\" \t\tclass=\"so-widget-image\"\/>\n\t<\/div>\n\n<\/div><\/div><\/div><\/div><\/div>","protected":false},"excerpt":{"rendered":"<p>Nach dem Willen der CDU\/CSU- und der SPD-Fraktion soll die Bundesregierung befristet bis zum 31.12.2021 Rechtsverordnungen, die nicht der Zustimmung des Bundesrates bed\u00fcrfen, erlassen k\u00f6nnen, die den Zugang zum Kurzarbeitergeld erleichtern, Betriebe entlasten und Leiharbeitern den Bezug von Kurzarbeitergeld erm\u00f6glichen, so ist es aus dem Deutschen Bundestag zu h\u00f6ren. Den entsprechenden Gesetzentwurf (19\/17893) begr\u00fcnden die &#8230; <a href=\"https:\/\/www.bustreff.de\/busmagazin\/kurzarbeitergeld-in-krisenzeiten\/\" class=\"more-link\">mehr<\/a><\/p>\n","protected":false},"author":6,"featured_media":11481,"comment_status":"closed","ping_status":"closed","sticky":false,"template":"","format":"standard","meta":{"footnotes":""},"categories":[5],"tags":[],"class_list":["post-11478","post","type-post","status-publish","format-standard","has-post-thumbnail","hentry","category-busmagazin"],"_links":{"self":[{"href":"https:\/\/www.bustreff.de\/busmagazin\/wp-json\/wp\/v2\/posts\/11478","targetHints":{"allow":["GET"]}}],"collection":[{"href":"https:\/\/www.bustreff.de\/busmagazin\/wp-json\/wp\/v2\/posts"}],"about":[{"href":"https:\/\/www.bustreff.de\/busmagazin\/wp-json\/wp\/v2\/types\/post"}],"author":[{"embeddable":true,"href":"https:\/\/www.bustreff.de\/busmagazin\/wp-json\/wp\/v2\/users\/6"}],"replies":[{"embeddable":true,"href":"https:\/\/www.bustreff.de\/busmagazin\/wp-json\/wp\/v2\/comments?post=11478"}],"version-history":[{"count":6,"href":"https:\/\/www.bustreff.de\/busmagazin\/wp-json\/wp\/v2\/posts\/11478\/revisions"}],"predecessor-version":[{"id":11485,"href":"https:\/\/www.bustreff.de\/busmagazin\/wp-json\/wp\/v2\/posts\/11478\/revisions\/11485"}],"wp:featuredmedia":[{"embeddable":true,"href":"https:\/\/www.bustreff.de\/busmagazin\/wp-json\/wp\/v2\/media\/11481"}],"wp:attachment":[{"href":"https:\/\/www.bustreff.de\/busmagazin\/wp-json\/wp\/v2\/media?parent=11478"}],"wp:term":[{"taxonomy":"category","embeddable":true,"href":"https:\/\/www.bustreff.de\/busmagazin\/wp-json\/wp\/v2\/categories?post=11478"},{"taxonomy":"post_tag","embeddable":true,"href":"https:\/\/www.bustreff.de\/busmagazin\/wp-json\/wp\/v2\/tags?post=11478"}],"curies":[{"name":"wp","href":"https:\/\/api.w.org\/{rel}","templated":true}]}}