{"id":11486,"date":"2020-03-13T15:10:52","date_gmt":"2020-03-13T14:10:52","guid":{"rendered":"https:\/\/www.bustreff.de\/busmagazin\/?p=11486"},"modified":"2020-03-13T15:10:52","modified_gmt":"2020-03-13T14:10:52","slug":"corona-krise-massnahmenpaket-der-bundesregierung","status":"publish","type":"post","link":"https:\/\/www.bustreff.de\/busmagazin\/corona-krise-massnahmenpaket-der-bundesregierung\/","title":{"rendered":"Corona-Krise: Ma\u00dfnahmenpaket der Bundesregierung"},"content":{"rendered":"<div id=\"pl-11486\"  class=\"panel-layout\" ><div id=\"pg-11486-0\"  class=\"panel-grid panel-no-style\" ><div id=\"pgc-11486-0-0\"  class=\"panel-grid-cell\" ><div id=\"panel-11486-0-0-0\" class=\"so-panel widget widget_sow-editor panel-first-child panel-last-child\" data-index=\"0\" ><div\n\t\t\t\n\t\t\tclass=\"so-widget-sow-editor so-widget-sow-editor-base\"\n\t\t\t\n\t\t>\n<div class=\"siteorigin-widget-tinymce textwidget\">\n\t<p>Bundesfinanzminister Olaf Scholz und Bundeswirtschaftsminister Peter Altmaier haben heute (13.3.2020) ein umfassendes Ma\u00dfnahmenpaket zur Abfederung der Auswirkungen des Corona-Virus vorgelegt. Dieses soll Arbeitspl\u00e4tze sch\u00fctzen und Unternehmen unterst\u00fctzen. Firmen und Betriebe sollen mit ausreichend Liquidit\u00e4t ausgestattet werden, damit sie gut durch die Krise kommen.<\/p>\n<p>Die zentrale Botschaft der Bundesregierung ist dabei: Es ist genug Geld vorhanden, um die Krise zu bek\u00e4mpfen und man will diese Mittel jetzt einsetzen. \u201eWir werden alle notwendigen Ma\u00dfnahmen ergreifen. Darauf kann sich jede und jeder verlassen\u201c, so hei\u00dft es.<\/p>\n<p>Der Drei-Stufen-Plan des Bundeswirtschaftsministeriums sieht u. a. vor, die bestehenden Instrumente f\u00fcr Unternehmen je nach konkretem Bedarf zu erweitern, zu flexibilisieren oder aufzustocken. Sollte sich die Lage zuspitzen, kann die Bundesregierung gegebenenfalls auch mit weiteren Ma\u00dfnahmen nachsteuern, betonen die beiden Minister.<\/p>\n<p>Die Bundesregierung hat u. a. auch die Bedingungen f\u00fcr das Kurzarbeitergeld verbessert, das nun einfacher und mit verbesserten Bedingungen in Anspruch genommen werden kann. Um die wirtschaftlichen Auswirkungen zu begrenzen, stehen auch weiterhin F\u00f6rderinstrumente f\u00fcr Unternehmen bereit.<\/p>\n<p>Fortlaufend analysiert werden dazu insbesondere die Auswirkungen auf die Lieferketten und die Produktion in Deutschland, aber auch die Beeintr\u00e4chtigungen im Handel und im Tourismus. Die Branchen sind unterschiedlich betroffen, je nach Abh\u00e4ngigkeit von Vorleistungsg\u00fctern aus den am st\u00e4rksten betroffenen L\u00e4ndern und Regionen.<\/p>\n<p>Das Bundeswirtschaftsministerium steht dar\u00fcber hinaus in engem Kontakt mit der Wirtschaft, den Auslandshandelskammern etwa in\u00a0China,\u00a0Italien,\u00a0Japan\u00a0und\u00a0Korea\u00a0sowie mit\u00a0Germany Trade and Invest (GTAI). Peter Altmaier, Bundesminister f\u00fcr Wirtschaft und Energie, ist deswegen auch auf internationaler Ebene im Austausch.<\/p>\n<p>Scholz: \u201eWir haben die finanzielle Kraft, diese Krise zu bew\u00e4ltigen. Es ist genug Geld da und wir setzen es ein. Wir ergreifen alle notwendigen Ma\u00dfnahmen, um Besch\u00e4ftigte und Unternehmen zu sch\u00fctzen. Darauf kann sich jede und jeder verlassen.\u201c<\/p>\n<p>Altmaier: \u201eOberstes Ziel der Wirtschaftspolitik in dieser Lage muss nun sein, Unsicherheit abzubauen. Kein gesundes Unternehmen sollte wegen Corona in die Insolvenz gehen, kein Arbeitsplatz sollte verlorengehen. Wir spannen daher ein umfassendes Schutzschild f\u00fcr Besch\u00e4ftigte und Unternehmen. Ein zentrales Instrument bilden umfassende Liquidit\u00e4tshilfen und Expressb\u00fcrgschaften f\u00fcr Unternehmen.\u201c<\/p>\n<p>&nbsp;<\/p>\n<p>Das Ma\u00dfnahmenpapier der beiden Ministerien: <a href=\"https:\/\/www.bmwi.de\/Redaktion\/DE\/Downloads\/S-T\/schutzschild-fuer-beschaeftigte-und-unternehmen.pdf?__blob=publicationFile&amp;v=12\">(PDF, 431 KB)<\/a> und der <a href=\"https:\/\/www.bmwi.de\/Redaktion\/DE\/Downloads\/B\/bmwi-3-stufen-plan-ueberblick.pdf?__blob=publicationFile&amp;v=6\">Drei-Stufen-Plan\u00a0(PDF, 98 KB)<\/a>.<\/p>\n<p>&nbsp;<\/p>\n<p>Bildquelle: pixabay\/Pete Linforth<\/p>\n<\/div>\n<\/div><\/div><\/div><div id=\"pgc-11486-0-1\"  class=\"panel-grid-cell\" ><div id=\"panel-11486-0-1-0\" class=\"so-panel widget widget_sow-image panel-first-child panel-last-child\" data-index=\"1\" ><div\n\t\t\t\n\t\t\tclass=\"so-widget-sow-image so-widget-sow-image-default-8b5b6f678277-11486\"\n\t\t\t\n\t\t>\n<div class=\"sow-image-container\">\n\t\t<img \n\tsrc=\"https:\/\/www.bustreff.de\/busmagazin\/wp-content\/uploads\/2020\/03\/coronavirus-4833754_1920-512x256.jpg\" width=\"512\" height=\"256\" srcset=\"https:\/\/www.bustreff.de\/busmagazin\/wp-content\/uploads\/2020\/03\/coronavirus-4833754_1920-512x256.jpg 512w, https:\/\/www.bustreff.de\/busmagazin\/wp-content\/uploads\/2020\/03\/coronavirus-4833754_1920-200x100.jpg 200w, https:\/\/www.bustreff.de\/busmagazin\/wp-content\/uploads\/2020\/03\/coronavirus-4833754_1920-768x384.jpg 768w, https:\/\/www.bustreff.de\/busmagazin\/wp-content\/uploads\/2020\/03\/coronavirus-4833754_1920-1536x768.jpg 1536w, https:\/\/www.bustreff.de\/busmagazin\/wp-content\/uploads\/2020\/03\/coronavirus-4833754_1920.jpg 1920w\" sizes=\"(max-width: 512px) 100vw, 512px\" alt=\"\" \t\tclass=\"so-widget-image\"\/>\n\t<\/div>\n\n<\/div><\/div><\/div><\/div><\/div>","protected":false},"excerpt":{"rendered":"<p>Bundesfinanzminister Olaf Scholz und Bundeswirtschaftsminister Peter Altmaier haben heute (13.3.2020) ein umfassendes Ma\u00dfnahmenpaket zur Abfederung der Auswirkungen des Corona-Virus vorgelegt. Dieses soll Arbeitspl\u00e4tze sch\u00fctzen und Unternehmen unterst\u00fctzen. Firmen und Betriebe sollen mit ausreichend Liquidit\u00e4t ausgestattet werden, damit sie gut durch die Krise kommen. Die zentrale Botschaft der Bundesregierung ist dabei: Es ist genug Geld vorhanden, &#8230; <a href=\"https:\/\/www.bustreff.de\/busmagazin\/corona-krise-massnahmenpaket-der-bundesregierung\/\" class=\"more-link\">mehr<\/a><\/p>\n","protected":false},"author":6,"featured_media":11487,"comment_status":"closed","ping_status":"closed","sticky":false,"template":"","format":"standard","meta":{"footnotes":""},"categories":[5],"tags":[],"class_list":["post-11486","post","type-post","status-publish","format-standard","has-post-thumbnail","hentry","category-busmagazin"],"_links":{"self":[{"href":"https:\/\/www.bustreff.de\/busmagazin\/wp-json\/wp\/v2\/posts\/11486","targetHints":{"allow":["GET"]}}],"collection":[{"href":"https:\/\/www.bustreff.de\/busmagazin\/wp-json\/wp\/v2\/posts"}],"about":[{"href":"https:\/\/www.bustreff.de\/busmagazin\/wp-json\/wp\/v2\/types\/post"}],"author":[{"embeddable":true,"href":"https:\/\/www.bustreff.de\/busmagazin\/wp-json\/wp\/v2\/users\/6"}],"replies":[{"embeddable":true,"href":"https:\/\/www.bustreff.de\/busmagazin\/wp-json\/wp\/v2\/comments?post=11486"}],"version-history":[{"count":8,"href":"https:\/\/www.bustreff.de\/busmagazin\/wp-json\/wp\/v2\/posts\/11486\/revisions"}],"predecessor-version":[{"id":11495,"href":"https:\/\/www.bustreff.de\/busmagazin\/wp-json\/wp\/v2\/posts\/11486\/revisions\/11495"}],"wp:featuredmedia":[{"embeddable":true,"href":"https:\/\/www.bustreff.de\/busmagazin\/wp-json\/wp\/v2\/media\/11487"}],"wp:attachment":[{"href":"https:\/\/www.bustreff.de\/busmagazin\/wp-json\/wp\/v2\/media?parent=11486"}],"wp:term":[{"taxonomy":"category","embeddable":true,"href":"https:\/\/www.bustreff.de\/busmagazin\/wp-json\/wp\/v2\/categories?post=11486"},{"taxonomy":"post_tag","embeddable":true,"href":"https:\/\/www.bustreff.de\/busmagazin\/wp-json\/wp\/v2\/tags?post=11486"}],"curies":[{"name":"wp","href":"https:\/\/api.w.org\/{rel}","templated":true}]}}