{"id":11526,"date":"2020-03-17T13:58:57","date_gmt":"2020-03-17T12:58:57","guid":{"rendered":"https:\/\/www.bustreff.de\/busmagazin\/?p=11526"},"modified":"2020-03-17T13:58:57","modified_gmt":"2020-03-17T12:58:57","slug":"corona-virus-kommentar","status":"publish","type":"post","link":"https:\/\/www.bustreff.de\/busmagazin\/corona-virus-kommentar\/","title":{"rendered":"Corona-Virus: Kommentar"},"content":{"rendered":"<div id=\"pl-11526\"  class=\"panel-layout\" ><div id=\"pg-11526-0\"  class=\"panel-grid panel-no-style\" ><div id=\"pgc-11526-0-0\"  class=\"panel-grid-cell\" ><div id=\"panel-11526-0-0-0\" class=\"so-panel widget widget_sow-editor panel-first-child panel-last-child\" data-index=\"0\" ><div\n\t\t\t\n\t\t\tclass=\"so-widget-sow-editor so-widget-sow-editor-base\"\n\t\t\t\n\t\t>\n<div class=\"siteorigin-widget-tinymce textwidget\">\n\t<p><strong>\"Sobald die Seuche durch ist, fahre ich wieder bei Dir mit und leiste meinen Teil, um Dein Unternehmen und Dich wieder in Schwung zu bringen! Bleibe mir gesund, Gro\u00dfer...!\"<\/strong> So lautet ein Zitat, das heute so auf facebook bei einem mittelst\u00e4ndischen Reiseveranstalter zu finden ist.<\/p>\n<p>Das sehr pers\u00f6nliche Signal an den Unternehmer soll nat\u00fcrlich in schwieriger Zeit Mut machen und den frustrierten Blick auf das Jetzt und den wirtschaftlichen Einbruch auf den Neustart morgen lenken. Zugegebenerweise ist das viel leichter gesagt, als umgesetzt, wenn der Alltag aus der Abwicklung von Reisen und Stornierungen besteht.<\/p>\n<p>Doch gibt es auch Positives zu vermelden, ohne die Krise klein reden oder die gesundheitlichen Gefahren einer Infektion ignorieren zu wollen. China, so berichtet ntv heute Morgen in seinem Ticker, meldet aus der Metropole Wuhan nur eine Neuinfektion. In ganz China seien die Neuerkrankungen auf 21 gesunken.<\/p>\n<p>Diese Umkehr des Trends ist leider noch lange nicht in Deutschland und Europa zu erkennen, auch wenn dies ein Zeichen der Hoffnung ist. In Deutschland erh\u00f6hte sich die Zahl der neu an Corona erkrankten Menschen vom 15. auf den 16. M\u00e4rz um 1.174 F\u00e4lle, so das Robert Koch Institut. Und so ist die Forderung von Bundeskanzlerin Angela Merkel bei ihrer gestrigen Pressekonferenz nachvollziehbar: \"Das beinhaltet und bringt auch mit sich, dass es keine Urlaubsreisen ins In- und auch keine ins Ausland geben soll.\" Nur, wenn wir ehrlich sind, so viele werden, zumindest im Gruppenreisesegment, sowieso nicht mehr touristisch unterwegs sein - ob im In- oder Ausland. Die Touristen, die noch im Ausland sind, stecken wohl eher fest und wollen eigentlich so schnell wie m\u00f6glich zur\u00fcck in die Heimat.<\/p>\n<p>Aber wie schreibt es MK Salzburg, die regionale PR-Agentur f\u00fcr Stadt und Region in ihrem Newsletter:<\/p>\n<p>\"Die Welt befindet sich aktuell in einem absoluten Ausnahmezustand. Corona hat uns im Griff und nur durch immer rigorosere Einschr\u00e4nkungen jedes Einzelnen ist es m\u00f6glich, diesen gef\u00e4hrlichen Virus einzud\u00e4mmen. Denn - das steht au\u00dfer Frage - die Gesundheit der Menschen hat oberste Priorit\u00e4t!!<\/p>\n<p><strong>Nichts desto trotz gibt es - wir hoffen f\u00fcr uns alle, dass dies m\u00f6glichst bald sein wird - ein Leben DANACH!<\/strong> Lassen Sie uns schon jetzt die Vorfreude sp\u00fcren und - zumindest virtuell - an wunderbare Pl\u00e4tze reisen, auch wenn dies real noch dauern wird.<\/p>\n<p>Unsere vielen gro\u00dfartigen Hotel- und Tourismuskunden blicken positiv in die Zukunft und bauen darauf, ihre G\u00e4ste so bald als m\u00f6glich wieder begr\u00fc\u00dfen und verw\u00f6hnen zu d\u00fcrfen. Eines haben wir uns alle nach dieser Krise mehr denn je verdient - ein paar Tage Erholung und Genuss, um wieder Kraft zu sch\u00f6pfen. Wir im Alpenraum haben daf\u00fcr die allerbesten Voraussetzungen, vor allem was die Natur und ihre heilsame Auswirkung auf Wohlbefinden und Gesundheit betrifft!\" Diesem Gedanken, diesem nach vorne gerichteten Blick, ohne die heutigen und noch kommenden Herausforderungen verdr\u00e4ngen zu wollen, unterst\u00fctze ich ausdr\u00fccklich. Es gibt ein Leben nach der Krise, hoffentlich mit m\u00f6glichst wenig Erkrankten und vielen Unternehmen die neu durchstarten wollen und k\u00f6nnen.<\/p>\n<p>&nbsp;<\/p>\n<p>Dirk Sanne<\/p>\n<p>&nbsp;<\/p>\n<p>P.S.: Die internationale Konferenz und Fachmesse IT-TRANS, abgesagt Ende Februar, findet jetzt vom 1. bis 3. Dezember in Karlsruhe statt. Auch das ist ein Zeichen von Optimismus!<\/p>\n<p>&nbsp;<\/p>\n<p>Bildquelle: Daimler<\/p>\n<p>&nbsp;<\/p>\n<\/div>\n<\/div><\/div><\/div><div id=\"pgc-11526-0-1\"  class=\"panel-grid-cell\" ><div id=\"panel-11526-0-1-0\" class=\"so-panel widget widget_sow-image panel-first-child panel-last-child\" data-index=\"1\" ><div\n\t\t\t\n\t\t\tclass=\"so-widget-sow-image so-widget-sow-image-default-8b5b6f678277-11526\"\n\t\t\t\n\t\t>\n<div class=\"sow-image-container\">\n\t\t<img \n\tsrc=\"https:\/\/www.bustreff.de\/busmagazin\/wp-content\/uploads\/2020\/03\/19C0088_010-512x319.jpg\" width=\"512\" height=\"319\" srcset=\"https:\/\/www.bustreff.de\/busmagazin\/wp-content\/uploads\/2020\/03\/19C0088_010-512x319.jpg 512w, https:\/\/www.bustreff.de\/busmagazin\/wp-content\/uploads\/2020\/03\/19C0088_010-200x125.jpg 200w, https:\/\/www.bustreff.de\/busmagazin\/wp-content\/uploads\/2020\/03\/19C0088_010-768x479.jpg 768w, https:\/\/www.bustreff.de\/busmagazin\/wp-content\/uploads\/2020\/03\/19C0088_010.jpg 1024w\" sizes=\"(max-width: 512px) 100vw, 512px\" title=\"Setra - TC500 - TopClass - S 516 HDH - Reisebus - Schwarz - Posterkalender 2019 - Colours - 2018  \n\nSetra - TC500 - S 516 HDH - black\" alt=\"\" \t\tclass=\"so-widget-image\"\/>\n\t<\/div>\n\n<\/div><\/div><\/div><\/div><\/div>","protected":false},"excerpt":{"rendered":"<p>&#8222;Sobald die Seuche durch ist, fahre ich wieder bei Dir mit und leiste meinen Teil, um Dein Unternehmen und Dich wieder in Schwung zu bringen! Bleibe mir gesund, Gro\u00dfer&#8230;!&#8220; So lautet ein Zitat, das heute so auf facebook bei einem mittelst\u00e4ndischen Reiseveranstalter zu finden ist. Das sehr pers\u00f6nliche Signal an den Unternehmer soll nat\u00fcrlich in &#8230; <a href=\"https:\/\/www.bustreff.de\/busmagazin\/corona-virus-kommentar\/\" class=\"more-link\">mehr<\/a><\/p>\n","protected":false},"author":6,"featured_media":11531,"comment_status":"closed","ping_status":"closed","sticky":false,"template":"","format":"standard","meta":{"footnotes":""},"categories":[5],"tags":[],"class_list":["post-11526","post","type-post","status-publish","format-standard","has-post-thumbnail","hentry","category-busmagazin"],"_links":{"self":[{"href":"https:\/\/www.bustreff.de\/busmagazin\/wp-json\/wp\/v2\/posts\/11526","targetHints":{"allow":["GET"]}}],"collection":[{"href":"https:\/\/www.bustreff.de\/busmagazin\/wp-json\/wp\/v2\/posts"}],"about":[{"href":"https:\/\/www.bustreff.de\/busmagazin\/wp-json\/wp\/v2\/types\/post"}],"author":[{"embeddable":true,"href":"https:\/\/www.bustreff.de\/busmagazin\/wp-json\/wp\/v2\/users\/6"}],"replies":[{"embeddable":true,"href":"https:\/\/www.bustreff.de\/busmagazin\/wp-json\/wp\/v2\/comments?post=11526"}],"version-history":[{"count":8,"href":"https:\/\/www.bustreff.de\/busmagazin\/wp-json\/wp\/v2\/posts\/11526\/revisions"}],"predecessor-version":[{"id":11535,"href":"https:\/\/www.bustreff.de\/busmagazin\/wp-json\/wp\/v2\/posts\/11526\/revisions\/11535"}],"wp:featuredmedia":[{"embeddable":true,"href":"https:\/\/www.bustreff.de\/busmagazin\/wp-json\/wp\/v2\/media\/11531"}],"wp:attachment":[{"href":"https:\/\/www.bustreff.de\/busmagazin\/wp-json\/wp\/v2\/media?parent=11526"}],"wp:term":[{"taxonomy":"category","embeddable":true,"href":"https:\/\/www.bustreff.de\/busmagazin\/wp-json\/wp\/v2\/categories?post=11526"},{"taxonomy":"post_tag","embeddable":true,"href":"https:\/\/www.bustreff.de\/busmagazin\/wp-json\/wp\/v2\/tags?post=11526"}],"curies":[{"name":"wp","href":"https:\/\/api.w.org\/{rel}","templated":true}]}}