{"id":11554,"date":"2020-03-22T08:55:27","date_gmt":"2020-03-22T07:55:27","guid":{"rendered":"https:\/\/www.bustreff.de\/busmagazin\/?p=11554"},"modified":"2020-03-17T20:40:46","modified_gmt":"2020-03-17T19:40:46","slug":"schau-silberbergwerk-schwaz-wird-30","status":"publish","type":"post","link":"https:\/\/www.bustreff.de\/busmagazin\/schau-silberbergwerk-schwaz-wird-30\/","title":{"rendered":"Schau-Silberbergwerk Schwaz wird 30"},"content":{"rendered":"<div id=\"pl-11554\"  class=\"panel-layout\" ><div id=\"pg-11554-0\"  class=\"panel-grid panel-no-style\" ><div id=\"pgc-11554-0-0\"  class=\"panel-grid-cell\" ><div id=\"panel-11554-0-0-0\" class=\"so-panel widget widget_sow-editor panel-first-child panel-last-child\" data-index=\"0\" ><div\n\t\t\t\n\t\t\tclass=\"so-widget-sow-editor so-widget-sow-editor-base\"\n\t\t\t\n\t\t>\n<div class=\"siteorigin-widget-tinymce textwidget\">\n\t<p>Seit 1990 ist das Schau-Silberbergwerk Schwaz in Tirol f\u00fcr die \u00d6ffentlichkeit zug\u00e4nglich. Den runden Geburtstag feiert es mit attraktiven Neuerungen f\u00fcr seine Besucher. So wurden in dem Bergwerksstollen etwa neue Bereiche speziell ausgeleuchtet und zug\u00e4nglich gemacht, die man jetzt bei der Fahrt mit der Grubenbahn, die 800 Meter in den Berg hineinf\u00fchrt, entdecken kann. Die Schwazer Bergknappen verf\u00fcgten zu ihrer Zeit \u00fcber gro\u00dfes Know-how im Bergbau und machten Schwaz schnell zur ber\u00fchmten Bergbaumetropole. Zur Bl\u00fctezeit des Bergbaus wurden in Schwaz bis zu 85 Prozent des weltweit gehandelten Silbers abgebaut. Das Schaubergwerk ist ganzj\u00e4hrig ge\u00f6ffnet. Im Berginneren herrschen konstant zw\u00f6lf Grad.<\/p>\n<p>Weitere Informationen unter <a href=\"http:\/\/www.silberbergwerk.at\">www.silberbergwerk.at<\/a>.<\/p>\n<p>&nbsp;<\/p>\n<p>Bildquelle: Silberbergwerk Schwaz<\/p>\n<\/div>\n<\/div><\/div><\/div><div id=\"pgc-11554-0-1\"  class=\"panel-grid-cell\" ><div id=\"panel-11554-0-1-0\" class=\"so-panel widget widget_sow-image panel-first-child panel-last-child\" data-index=\"1\" ><div\n\t\t\t\n\t\t\tclass=\"so-widget-sow-image so-widget-sow-image-default-8b5b6f678277-11554\"\n\t\t\t\n\t\t>\n<div class=\"sow-image-container\">\n\t\t<img \n\tsrc=\"https:\/\/www.bustreff.de\/busmagazin\/wp-content\/uploads\/2020\/03\/schwaz-web-512x342.jpg\" width=\"512\" height=\"342\" srcset=\"https:\/\/www.bustreff.de\/busmagazin\/wp-content\/uploads\/2020\/03\/schwaz-web-512x342.jpg 512w, https:\/\/www.bustreff.de\/busmagazin\/wp-content\/uploads\/2020\/03\/schwaz-web-200x133.jpg 200w, https:\/\/www.bustreff.de\/busmagazin\/wp-content\/uploads\/2020\/03\/schwaz-web-768x512.jpg 768w, https:\/\/www.bustreff.de\/busmagazin\/wp-content\/uploads\/2020\/03\/schwaz-web-272x182.jpg 272w, https:\/\/www.bustreff.de\/busmagazin\/wp-content\/uploads\/2020\/03\/schwaz-web.jpg 1000w\" sizes=\"(max-width: 512px) 100vw, 512px\" alt=\"\" \t\tclass=\"so-widget-image\"\/>\n\t<\/div>\n\n<\/div><\/div><\/div><\/div><\/div>","protected":false},"excerpt":{"rendered":"<p>Seit 1990 ist das Schau-Silberbergwerk Schwaz in Tirol f\u00fcr die \u00d6ffentlichkeit zug\u00e4nglich. Den runden Geburtstag feiert es mit attraktiven Neuerungen f\u00fcr seine Besucher. So wurden in dem Bergwerksstollen etwa neue Bereiche speziell ausgeleuchtet und zug\u00e4nglich gemacht, die man jetzt bei der Fahrt mit der Grubenbahn, die 800 Meter in den Berg hineinf\u00fchrt, entdecken kann. Die &#8230; <a href=\"https:\/\/www.bustreff.de\/busmagazin\/schau-silberbergwerk-schwaz-wird-30\/\" class=\"more-link\">mehr<\/a><\/p>\n","protected":false},"author":10,"featured_media":11555,"comment_status":"closed","ping_status":"closed","sticky":false,"template":"","format":"standard","meta":{"footnotes":""},"categories":[5],"tags":[],"class_list":["post-11554","post","type-post","status-publish","format-standard","has-post-thumbnail","hentry","category-busmagazin"],"_links":{"self":[{"href":"https:\/\/www.bustreff.de\/busmagazin\/wp-json\/wp\/v2\/posts\/11554","targetHints":{"allow":["GET"]}}],"collection":[{"href":"https:\/\/www.bustreff.de\/busmagazin\/wp-json\/wp\/v2\/posts"}],"about":[{"href":"https:\/\/www.bustreff.de\/busmagazin\/wp-json\/wp\/v2\/types\/post"}],"author":[{"embeddable":true,"href":"https:\/\/www.bustreff.de\/busmagazin\/wp-json\/wp\/v2\/users\/10"}],"replies":[{"embeddable":true,"href":"https:\/\/www.bustreff.de\/busmagazin\/wp-json\/wp\/v2\/comments?post=11554"}],"version-history":[{"count":4,"href":"https:\/\/www.bustreff.de\/busmagazin\/wp-json\/wp\/v2\/posts\/11554\/revisions"}],"predecessor-version":[{"id":11559,"href":"https:\/\/www.bustreff.de\/busmagazin\/wp-json\/wp\/v2\/posts\/11554\/revisions\/11559"}],"wp:featuredmedia":[{"embeddable":true,"href":"https:\/\/www.bustreff.de\/busmagazin\/wp-json\/wp\/v2\/media\/11555"}],"wp:attachment":[{"href":"https:\/\/www.bustreff.de\/busmagazin\/wp-json\/wp\/v2\/media?parent=11554"}],"wp:term":[{"taxonomy":"category","embeddable":true,"href":"https:\/\/www.bustreff.de\/busmagazin\/wp-json\/wp\/v2\/categories?post=11554"},{"taxonomy":"post_tag","embeddable":true,"href":"https:\/\/www.bustreff.de\/busmagazin\/wp-json\/wp\/v2\/tags?post=11554"}],"curies":[{"name":"wp","href":"https:\/\/api.w.org\/{rel}","templated":true}]}}