{"id":14164,"date":"2020-10-07T15:11:13","date_gmt":"2020-10-07T13:11:13","guid":{"rendered":"https:\/\/www.bustreff.de\/busmagazin\/?p=14164"},"modified":"2020-10-07T15:11:13","modified_gmt":"2020-10-07T13:11:13","slug":"einreisen-aus-risikogebieten-ab-15-10-digitale-info-an-gesundheitsaemter","status":"publish","type":"post","link":"https:\/\/www.bustreff.de\/busmagazin\/einreisen-aus-risikogebieten-ab-15-10-digitale-info-an-gesundheitsaemter\/","title":{"rendered":"Einreisen aus Risikogebieten \u2013 ab 15.10. digitale Info an Gesundheits\u00e4mter"},"content":{"rendered":"<div id=\"pl-14164\"  class=\"panel-layout\" ><div id=\"pg-14164-0\"  class=\"panel-grid panel-no-style\" ><div id=\"pgc-14164-0-0\"  class=\"panel-grid-cell\" ><div id=\"panel-14164-0-0-0\" class=\"so-panel widget widget_sow-editor panel-first-child panel-last-child\" data-index=\"0\" ><div\n\t\t\t\n\t\t\tclass=\"so-widget-sow-editor so-widget-sow-editor-base\"\n\t\t\t\n\t\t>\n<div class=\"siteorigin-widget-tinymce textwidget\">\n\t<p>Die erste Version des Webportals zur digitalen Anmeldung von Einreisen aus Risikogebieten wurde heute dem RDA sowie weiteren Fachverb\u00e4nden im Rahmen einer digitalen Pr\u00e4sentation vorgestellt. Vertreter des Bundesministeriums des Innern, f\u00fcr Bau und Heimat gehen derzeit davon aus, dass die technische Freischaltung des Webportals am 15. Oktober stattfinden kann.<\/p>\n<p>Mithilfe der digitalen Einreiseanmeldung sollen die bundesweit rund 380 Gesundheits\u00e4mter bei der \u00dcberwachung von Quarant\u00e4nema\u00dfnahmen effizient unterst\u00fctzt werden. Der Zugang soll weitestgehend barrierefrei ohne zus\u00e4tzliche Fremdsoftware mit Hilfe eines aktuellen Webbrowsers von verschiedenen Endger\u00e4ten m\u00f6glich sein.<\/p>\n<p>Erfasst werden Personenstammdaten (Name, Wohnanschrift etc.) und Reisedaten sowie die Daten von Mitreisenden. Gesundheitsdaten werden nicht erfasst, da die erhobenen Daten nur zur \u00dcberwachung von Quarant\u00e4nema\u00dfnahmen durch die Gesundheits\u00e4mter und nicht zur Kontaktnachverfolgung eingesetzt werden sollen.<\/p>\n<p>\u201eAus Sicht des RDA ist es wichtig, dass die Bus- und Gruppenreiseveranstalter die geforderten Stamm- und Reisedaten aus ihren Veranstaltersystemen digital an die Beh\u00f6rden \u00fcbertragen k\u00f6nnen. Es darf in diesen schweren Zeiten nicht auch noch zu weiteren formalistischen H\u00fcrden f\u00fcr unsere Reiseg\u00e4ste kommen, die mit zus\u00e4tzlichen programmtechnischen Mitteln vermieden werden k\u00f6nnten. Der RDA wird den Fachdialog mit dem BMI fortf\u00fchren, um praktikable L\u00f6sungen zu erarbeiten\u201c, so RDA-Pr\u00e4sident Benedikt Esser nach der Pr\u00e4sentation.<\/p>\n<p>Bildquelle: pixabay\/Gerd Altmann (Symbolbild)<\/p>\n<\/div>\n<\/div><\/div><\/div><div id=\"pgc-14164-0-1\"  class=\"panel-grid-cell\" ><div id=\"panel-14164-0-1-0\" class=\"so-panel widget widget_sow-image panel-first-child panel-last-child\" data-index=\"1\" ><div\n\t\t\t\n\t\t\tclass=\"so-widget-sow-image so-widget-sow-image-default-8b5b6f678277-14164\"\n\t\t\t\n\t\t>\n<div class=\"sow-image-container\">\n\t\t<img \n\tsrc=\"https:\/\/www.bustreff.de\/busmagazin\/wp-content\/uploads\/2020\/10\/corona-4938929-512x177.jpg\" width=\"512\" height=\"177\" srcset=\"https:\/\/www.bustreff.de\/busmagazin\/wp-content\/uploads\/2020\/10\/corona-4938929-512x177.jpg 512w, https:\/\/www.bustreff.de\/busmagazin\/wp-content\/uploads\/2020\/10\/corona-4938929-200x69.jpg 200w, https:\/\/www.bustreff.de\/busmagazin\/wp-content\/uploads\/2020\/10\/corona-4938929-768x265.jpg 768w, https:\/\/www.bustreff.de\/busmagazin\/wp-content\/uploads\/2020\/10\/corona-4938929-1536x531.jpg 1536w, https:\/\/www.bustreff.de\/busmagazin\/wp-content\/uploads\/2020\/10\/corona-4938929-2048x708.jpg 2048w\" sizes=\"(max-width: 512px) 100vw, 512px\" title=\"corona-4938929\" alt=\"\" \t\tclass=\"so-widget-image\"\/>\n\t<\/div>\n\n<\/div><\/div><\/div><\/div><\/div>","protected":false},"excerpt":{"rendered":"<p>Die erste Version des Webportals zur digitalen Anmeldung von Einreisen aus Risikogebieten wurde heute dem RDA sowie weiteren Fachverb\u00e4nden im Rahmen einer digitalen Pr\u00e4sentation vorgestellt. Vertreter des Bundesministeriums des Innern, f\u00fcr Bau und Heimat gehen derzeit davon aus, dass die technische Freischaltung des Webportals am 15. Oktober stattfinden kann. Mithilfe der digitalen Einreiseanmeldung sollen die &#8230; <a href=\"https:\/\/www.bustreff.de\/busmagazin\/einreisen-aus-risikogebieten-ab-15-10-digitale-info-an-gesundheitsaemter\/\" class=\"more-link\">mehr<\/a><\/p>\n","protected":false},"author":6,"featured_media":14167,"comment_status":"closed","ping_status":"closed","sticky":false,"template":"","format":"standard","meta":{"footnotes":""},"categories":[5],"tags":[],"class_list":["post-14164","post","type-post","status-publish","format-standard","has-post-thumbnail","hentry","category-busmagazin"],"_links":{"self":[{"href":"https:\/\/www.bustreff.de\/busmagazin\/wp-json\/wp\/v2\/posts\/14164","targetHints":{"allow":["GET"]}}],"collection":[{"href":"https:\/\/www.bustreff.de\/busmagazin\/wp-json\/wp\/v2\/posts"}],"about":[{"href":"https:\/\/www.bustreff.de\/busmagazin\/wp-json\/wp\/v2\/types\/post"}],"author":[{"embeddable":true,"href":"https:\/\/www.bustreff.de\/busmagazin\/wp-json\/wp\/v2\/users\/6"}],"replies":[{"embeddable":true,"href":"https:\/\/www.bustreff.de\/busmagazin\/wp-json\/wp\/v2\/comments?post=14164"}],"version-history":[{"count":6,"href":"https:\/\/www.bustreff.de\/busmagazin\/wp-json\/wp\/v2\/posts\/14164\/revisions"}],"predecessor-version":[{"id":14171,"href":"https:\/\/www.bustreff.de\/busmagazin\/wp-json\/wp\/v2\/posts\/14164\/revisions\/14171"}],"wp:featuredmedia":[{"embeddable":true,"href":"https:\/\/www.bustreff.de\/busmagazin\/wp-json\/wp\/v2\/media\/14167"}],"wp:attachment":[{"href":"https:\/\/www.bustreff.de\/busmagazin\/wp-json\/wp\/v2\/media?parent=14164"}],"wp:term":[{"taxonomy":"category","embeddable":true,"href":"https:\/\/www.bustreff.de\/busmagazin\/wp-json\/wp\/v2\/categories?post=14164"},{"taxonomy":"post_tag","embeddable":true,"href":"https:\/\/www.bustreff.de\/busmagazin\/wp-json\/wp\/v2\/tags?post=14164"}],"curies":[{"name":"wp","href":"https:\/\/api.w.org\/{rel}","templated":true}]}}