{"id":14746,"date":"2020-11-20T14:55:43","date_gmt":"2020-11-20T13:55:43","guid":{"rendered":"https:\/\/www.bustreff.de\/busmagazin\/?p=14746"},"modified":"2020-11-20T14:53:53","modified_gmt":"2020-11-20T13:53:53","slug":"romantische-strasse-legt-veranstaltungsbroschuere-2021-auf","status":"publish","type":"post","link":"https:\/\/www.bustreff.de\/busmagazin\/romantische-strasse-legt-veranstaltungsbroschuere-2021-auf\/","title":{"rendered":"Romantische Stra\u00dfe legt Veranstaltungsbrosch\u00fcre f\u00fcr 2021 auf"},"content":{"rendered":"<div id=\"pl-14746\"  class=\"panel-layout\" ><div id=\"pg-14746-0\"  class=\"panel-grid panel-no-style\" ><div id=\"pgc-14746-0-0\"  class=\"panel-grid-cell\" ><div id=\"panel-14746-0-0-0\" class=\"so-panel widget widget_sow-editor panel-first-child panel-last-child\" data-index=\"0\" ><div\n\t\t\t\n\t\t\tclass=\"so-widget-sow-editor so-widget-sow-editor-base\"\n\t\t\t\n\t\t>\n<div class=\"siteorigin-widget-tinymce textwidget\">\n\t<p>&nbsp;<\/p>\n<p>Die Reisebranche in Deutschland nimmt 2020 rund 28 Mrd. Euro weniger ein als 2019, ein Minus von \u00fcber 80 %, hat der Deutsche Reiseverband (DRV) errechnet. Auch die Leistungstr\u00e4ger und Mitglieder der Romantischen Stra\u00dfe Touristik Arbeitsgemeinschaft waren und sind schwer betroffen, mussten doch u.a. alle Festveranstaltungen zum 70-j\u00e4hrigen Jubil\u00e4um abgesagt werden. \u201eViele betroffenen Orte, Betriebe und Veranstalter haben daf\u00fcr gro\u00dfes Verst\u00e4ndnis gezeigt und selbst von Seiten der Reisenden, die zum Jubil\u00e4um die Romantische Stra\u00dfe besuchen wollten, haben wir positive Signale bekommen\u201c, betont Gesch\u00e4ftsf\u00fchrer J\u00fcrgen W\u00fcnschenmeyer. So werde das ganze Augenmerk dann dem 75-j\u00e4hrigen Jubil\u00e4um gelten.<br \/>\nIn den vergangenen Wochen haben die Tourismusverantwortlichen entlang der Romantischen Stra\u00dfe intensiv nicht nur an der Bew\u00e4ltigung der Krise gearbeitet, sondern auch den Blick nach vorne unternommen und trotz mancher Unw\u00e4gbarkeiten ein vielf\u00e4ltiges Programm- und Veranstaltungsangebot f\u00fcr das Jahr 2021 ausgearbeitet.<br \/>\nAuch wenn die aktuelle Zusammenstellung der Veranstaltungen und Termine 2021 aufgrund der Pandemievorschriften und Entwicklungen unter Vorbehalt erfolgt, weil es zu unvorhersehbaren \u00c4nderungen und Absagen kommen kann, so bietet sie dennoch einen wichtigen Ausblick auf das kommende Jahr und einen Veranstaltungsreigen, der Urlaub an der Romantischen Stra\u00dfe zum attraktiven Reiseerlebnis macht.<\/p>\n<p>Zu den Highlights 2021 z\u00e4hlen:<\/p>\n<p>22. bis 24.5.: \u201eDistelh\u00e4user Pfingsttage mit Wolfgangsritt\u201c<br \/>\n25.5.: \u201eTrachtenwallfahrt Schwangau 2021 zur Wieskirche\u201c<br \/>\n28.5. bis 6.6.: \u201e100 Jahre Mozartfest W\u00fcrzburg\u201c<br \/>\nJuni bis September: \u201e36. Landsberger Orgelsommer\u201c<br \/>\n2. bis 6.6.: \u201eSchmankerlfest 2021 am Hauptplatz von Peiting\u201c<br \/>\n5. bis 14.6.: \u201eN\u00f6rdlinger Mess\u00b4 auf der Kaiserwiese\u201c<br \/>\n8.6. bis 22.8.: \u201eFrankenfestspiele in R\u00f6ttingen\u201c<br \/>\n10. bis 13.6.: \u201eDonauw\u00f6rther Inselfest 2021\u201c<br \/>\n19. bis 20.6.: \u201eRosenbl\u00fcten- und Lichterfest in Creglingen\u201c<br \/>\n3. bis 4.7.: \u201eMusikfest auf Schloss Weikersheim mit Feuerwerk\u201c<br \/>\n10. bis 11.7.: \u201e41. Rainer Stadtfest\u201c<br \/>\n14.7. bis 15.8.: \u201e29. Augsburger Jazz-Sommer\u201c<br \/>\n16. bis 25.7.: \u201eDie Kinderzeche in Dinkelsb\u00fchl\u201c<br \/>\n23. bis 26.7.: \u201e85. Bad Mergentheimer Volksfest\u201c<br \/>\n30.7. bis 1.8.; \u201e53. Wertheimer Altstadtfest\u201c<br \/>\n6. bis 8.8.: \u201eHarburger Br\u00fcckenfest 2021\u201c<br \/>\n6. bis 15.8.: \u201eFriedberger Volksfest 2021\u201c<br \/>\n7. bis 8.8.: \u201eF\u00fcssener Stadtfest 2021\u201c<br \/>\n27. bis 29.8.: \u201e100 Jahre Trachtenverein Rottenbuch\u201c<br \/>\n3. bis 5.9.: \u201eReichsstadt Festtage 2021 in Rothenburg o.d.T.\u201c<br \/>\n12.9.: \u201eTraditioneller Herbstmarkt in Wallerstein\u201c<br \/>\n17. bis 26.9.: \u201eK\u00f6nigsh\u00f6fer Messe\u201c in Lauda-K\u00f6nigshofen<br \/>\n24. bis 28.9.: \u201eMooswiesenfest mit traditionellem Festzug in Feuchtwangen\u201c<br \/>\n6.11.: \u201eLeonhardiritt 2021 in der Altstadt von Schongau\u201c<br \/>\n20. bis 21.11.: \u201eK\u00fcnstler- und Handwerkermarkt 2021 in Wildsteig\u201c<br \/>\n26. bis 28.11.: \u201eF\u00fcrstlicher Weihnachtsmarkt in Schillingsf\u00fcrst\u201c<br \/>\n30.11.: \u201eWeihnachtsmarkt 2021 am Hauptplatz in Hohenfurch\u201c<\/p>\n<p>Hinzu kommen Veranstaltungen und Konzerte der Freilichtb\u00fchnen in den Orten entlang der Romantischen Stra\u00dfe:<\/p>\n<p>8. bis 15.5.: \u201eKreuzgangspiele 2021 in Feuchtwangen\u201c<br \/>\n21. bis 24.5.: \u201eHistorisches Festspiel \u2013 Der Meistertrunk Rothenburg o.d.T.\u201c<br \/>\n15.5. bis 15.8.: \u201eSommerfestspiele 2021 des Landestheaters Dinkelsb\u00fchl\u201c<br \/>\n17.6. bis 22.8.: \u201eFreilichttheater R\u00f6ttingen 2021\u201c3.7. bis 4.8.: \u201eSpielzeit 2021 der Freilichtb\u00fchne Alte Bastei in N\u00f6rdlingen\u201c<br \/>\n19.6. bis 6.8.: \u201eSpielzeit der Freilichtb\u00fchne am Mangoldfelsen Donauw\u00f6rth\u201c<br \/>\n22.7. bis 1.8.: \u201eCarmen, Georges Bizet - Junge Oper Schloss Weikersheim\u201c<\/p>\n<p>Weitere Informationen zur Romantischen Stra\u00dfe, ihren Orten, \u00dcbernachtungsm\u00f6glichkeiten, Sehensw\u00fcrdigkeiten und Veranstaltungen unter www.romantischestrasse.de<\/p>\n<p>Bild: Kloster Bronnbach im unteren Taubertal<\/p>\n<p>Bildquelle: PRB<\/p>\n<\/div>\n<\/div><\/div><\/div><div id=\"pgc-14746-0-1\"  class=\"panel-grid-cell\" ><div id=\"panel-14746-0-1-0\" class=\"so-panel widget widget_sow-image panel-first-child panel-last-child\" data-index=\"1\" ><div\n\t\t\t\n\t\t\tclass=\"so-widget-sow-image so-widget-sow-image-default-8b5b6f678277-14746\"\n\t\t\t\n\t\t>\n<div class=\"sow-image-container\">\n\t\t<img \n\tsrc=\"https:\/\/www.bustreff.de\/busmagazin\/wp-content\/uploads\/2020\/11\/KlosterBronnbach-PRB-512x327.jpg\" width=\"512\" height=\"327\" srcset=\"https:\/\/www.bustreff.de\/busmagazin\/wp-content\/uploads\/2020\/11\/KlosterBronnbach-PRB-512x327.jpg 512w, https:\/\/www.bustreff.de\/busmagazin\/wp-content\/uploads\/2020\/11\/KlosterBronnbach-PRB-200x128.jpg 200w, https:\/\/www.bustreff.de\/busmagazin\/wp-content\/uploads\/2020\/11\/KlosterBronnbach-PRB-768x490.jpg 768w, https:\/\/www.bustreff.de\/busmagazin\/wp-content\/uploads\/2020\/11\/KlosterBronnbach-PRB-1536x981.jpg 1536w, https:\/\/www.bustreff.de\/busmagazin\/wp-content\/uploads\/2020\/11\/KlosterBronnbach-PRB.jpg 1604w\" sizes=\"(max-width: 512px) 100vw, 512px\" title=\"????????????????????????????????????\" alt=\"\" \t\tclass=\"so-widget-image\"\/>\n\t<\/div>\n\n<\/div><\/div><\/div><\/div><\/div>","protected":false},"excerpt":{"rendered":"<p>&nbsp; Die Reisebranche in Deutschland nimmt 2020 rund 28 Mrd. Euro weniger ein als 2019, ein Minus von \u00fcber 80 %, hat der Deutsche Reiseverband (DRV) errechnet. Auch die Leistungstr\u00e4ger und Mitglieder der Romantischen Stra\u00dfe Touristik Arbeitsgemeinschaft waren und sind schwer betroffen, mussten doch u.a. alle Festveranstaltungen zum 70-j\u00e4hrigen Jubil\u00e4um abgesagt werden. \u201eViele betroffenen Orte, &#8230; <a href=\"https:\/\/www.bustreff.de\/busmagazin\/romantische-strasse-legt-veranstaltungsbroschuere-2021-auf\/\" class=\"more-link\">mehr<\/a><\/p>\n","protected":false},"author":7,"featured_media":14747,"comment_status":"closed","ping_status":"closed","sticky":false,"template":"","format":"standard","meta":{"footnotes":""},"categories":[5],"tags":[],"class_list":["post-14746","post","type-post","status-publish","format-standard","has-post-thumbnail","hentry","category-busmagazin"],"_links":{"self":[{"href":"https:\/\/www.bustreff.de\/busmagazin\/wp-json\/wp\/v2\/posts\/14746","targetHints":{"allow":["GET"]}}],"collection":[{"href":"https:\/\/www.bustreff.de\/busmagazin\/wp-json\/wp\/v2\/posts"}],"about":[{"href":"https:\/\/www.bustreff.de\/busmagazin\/wp-json\/wp\/v2\/types\/post"}],"author":[{"embeddable":true,"href":"https:\/\/www.bustreff.de\/busmagazin\/wp-json\/wp\/v2\/users\/7"}],"replies":[{"embeddable":true,"href":"https:\/\/www.bustreff.de\/busmagazin\/wp-json\/wp\/v2\/comments?post=14746"}],"version-history":[{"count":13,"href":"https:\/\/www.bustreff.de\/busmagazin\/wp-json\/wp\/v2\/posts\/14746\/revisions"}],"predecessor-version":[{"id":14754,"href":"https:\/\/www.bustreff.de\/busmagazin\/wp-json\/wp\/v2\/posts\/14746\/revisions\/14754"}],"wp:featuredmedia":[{"embeddable":true,"href":"https:\/\/www.bustreff.de\/busmagazin\/wp-json\/wp\/v2\/media\/14747"}],"wp:attachment":[{"href":"https:\/\/www.bustreff.de\/busmagazin\/wp-json\/wp\/v2\/media?parent=14746"}],"wp:term":[{"taxonomy":"category","embeddable":true,"href":"https:\/\/www.bustreff.de\/busmagazin\/wp-json\/wp\/v2\/categories?post=14746"},{"taxonomy":"post_tag","embeddable":true,"href":"https:\/\/www.bustreff.de\/busmagazin\/wp-json\/wp\/v2\/tags?post=14746"}],"curies":[{"name":"wp","href":"https:\/\/api.w.org\/{rel}","templated":true}]}}