{"id":14761,"date":"2020-11-23T09:45:17","date_gmt":"2020-11-23T08:45:17","guid":{"rendered":"https:\/\/www.bustreff.de\/busmagazin\/?p=14761"},"modified":"2020-11-23T09:45:25","modified_gmt":"2020-11-23T08:45:25","slug":"tourismusbeauftrage-thomas-bareiss-busbranche-bleibt-wichtig","status":"publish","type":"post","link":"https:\/\/www.bustreff.de\/busmagazin\/tourismusbeauftrage-thomas-bareiss-busbranche-bleibt-wichtig\/","title":{"rendered":"Tourismusbeauftrage Thomas Barei\u00df: Busbranche bleibt wichtig"},"content":{"rendered":"<div id=\"pl-14761\"  class=\"panel-layout\" ><div id=\"pg-14761-0\"  class=\"panel-grid panel-no-style\" ><div id=\"pgc-14761-0-0\"  class=\"panel-grid-cell\" ><div id=\"panel-14761-0-0-0\" class=\"so-panel widget widget_sow-editor panel-first-child panel-last-child\" data-index=\"0\" ><div\n\t\t\t\n\t\t\tclass=\"so-widget-sow-editor so-widget-sow-editor-base\"\n\t\t\t\n\t\t>\n<div class=\"siteorigin-widget-tinymce textwidget\">\n\t<p>Im Rahmen einer Videokonferenz zur \u00dcberbr\u00fcckungshilfe III und der Novemberhilfe stellte der Parlamentarische Staatssekret\u00e4r und Tourismusbeauftrage der Bundesregierung Thomas Barei\u00df (CDU) Freitag (20.11.2020) weitere Details der Hilfsprogramme im Dialog vor.<\/p>\n<p>An der Software zur Antragstellung f\u00fcr die Novemberhilfe werde derzeit intensiv gearbeitet, sodass die Antragstellung noch in diesem Monat m\u00f6glich sein soll. Laut Staatssekret\u00e4r Barei\u00df sollen Abschlagszahlungen bis zu einem Wert von \u00a010.000 Euro umgesetzt werden, die Aussch\u00fcttung der bewilligten Betr\u00e4ge wird jedoch voraussichtlich erst im Dezember stattfinden k\u00f6nnen.<\/p>\n<p>Barei\u00df betonte dar\u00fcber hinaus im Dialog mit RDA-Pr\u00e4sident Benedikt Esser, wie wichtig ihm die Busbranche sei und dass er sich weiterhin f\u00fcr deren Belange einsetzen werde. Esser dankte dem Tourismusbeauftragten f\u00fcr die Ausweitung der \u00dcberbr\u00fcckungshilfe III in Bezug auf die Geltendmachung der Abschreibungskosten f\u00fcr Reisebusse sowie die Erh\u00f6hung der monatlichen F\u00f6rderh\u00f6chstsumme von 50.000 auf 200.000 Euro. Dar\u00fcber hinaus wies er aber darauf hin, dass bez\u00fcglich der Novemberhilfe 4 der 16 Bundesl\u00e4nder das Verbot von Busreisen in ihren Landesverordnungen bisher noch nicht umgesetzt h\u00e4tten. Diese Klarstellung soll den Unternehmen Rechtssicherheit bei der Beantragung der Novemberhilfe verschaffen. Barei\u00df stellte in Aussicht, sich diesbez\u00fcglich im Rahmen der n\u00e4chsten Ministerpr\u00e4sidentenkonferenz am 25.11.2020. einzubringen. Des Weiteren best\u00e4tigte er, dass die Fortf\u00fchrung des Soforthilfeprogramms f\u00fcr die Reisebusbranche seitens des BMVI derzeit gepr\u00fcft werde.<\/p>\n<p>&nbsp;<\/p>\n<p>Bild: Thomas Barei\u00df<\/p>\n<p>Bildquelle: Dt. Bundestag<\/p>\n<\/div>\n<\/div><\/div><\/div><div id=\"pgc-14761-0-1\"  class=\"panel-grid-cell\" ><div id=\"panel-14761-0-1-0\" class=\"so-panel widget widget_sow-image panel-first-child panel-last-child\" data-index=\"1\" ><div\n\t\t\t\n\t\t\tclass=\"so-widget-sow-image so-widget-sow-image-default-8b5b6f678277-14761\"\n\t\t\t\n\t\t>\n<div class=\"sow-image-container\">\n\t\t<img \n\tsrc=\"https:\/\/www.bustreff.de\/busmagazin\/wp-content\/uploads\/2020\/11\/Pressefoto-351x512.jpg\" width=\"351\" height=\"512\" srcset=\"https:\/\/www.bustreff.de\/busmagazin\/wp-content\/uploads\/2020\/11\/Pressefoto-351x512.jpg 351w, https:\/\/www.bustreff.de\/busmagazin\/wp-content\/uploads\/2020\/11\/Pressefoto-200x292.jpg 200w, https:\/\/www.bustreff.de\/busmagazin\/wp-content\/uploads\/2020\/11\/Pressefoto-103x150.jpg 103w, https:\/\/www.bustreff.de\/busmagazin\/wp-content\/uploads\/2020\/11\/Pressefoto-768x1121.jpg 768w, https:\/\/www.bustreff.de\/busmagazin\/wp-content\/uploads\/2020\/11\/Pressefoto.jpg 875w\" sizes=\"(max-width: 351px) 100vw, 351px\" alt=\"\" \t\tclass=\"so-widget-image\"\/>\n\t<\/div>\n\n<\/div><\/div><\/div><\/div><\/div>","protected":false},"excerpt":{"rendered":"<p>Im Rahmen einer Videokonferenz zur \u00dcberbr\u00fcckungshilfe III und der Novemberhilfe stellte der Parlamentarische Staatssekret\u00e4r und Tourismusbeauftrage der Bundesregierung Thomas Barei\u00df (CDU) Freitag (20.11.2020) weitere Details der Hilfsprogramme im Dialog vor. An der Software zur Antragstellung f\u00fcr die Novemberhilfe werde derzeit intensiv gearbeitet, sodass die Antragstellung noch in diesem Monat m\u00f6glich sein soll. Laut Staatssekret\u00e4r Barei\u00df &#8230; <a href=\"https:\/\/www.bustreff.de\/busmagazin\/tourismusbeauftrage-thomas-bareiss-busbranche-bleibt-wichtig\/\" class=\"more-link\">mehr<\/a><\/p>\n","protected":false},"author":6,"featured_media":14764,"comment_status":"closed","ping_status":"closed","sticky":false,"template":"","format":"standard","meta":{"footnotes":""},"categories":[5],"tags":[],"class_list":["post-14761","post","type-post","status-publish","format-standard","has-post-thumbnail","hentry","category-busmagazin"],"_links":{"self":[{"href":"https:\/\/www.bustreff.de\/busmagazin\/wp-json\/wp\/v2\/posts\/14761","targetHints":{"allow":["GET"]}}],"collection":[{"href":"https:\/\/www.bustreff.de\/busmagazin\/wp-json\/wp\/v2\/posts"}],"about":[{"href":"https:\/\/www.bustreff.de\/busmagazin\/wp-json\/wp\/v2\/types\/post"}],"author":[{"embeddable":true,"href":"https:\/\/www.bustreff.de\/busmagazin\/wp-json\/wp\/v2\/users\/6"}],"replies":[{"embeddable":true,"href":"https:\/\/www.bustreff.de\/busmagazin\/wp-json\/wp\/v2\/comments?post=14761"}],"version-history":[{"count":6,"href":"https:\/\/www.bustreff.de\/busmagazin\/wp-json\/wp\/v2\/posts\/14761\/revisions"}],"predecessor-version":[{"id":14768,"href":"https:\/\/www.bustreff.de\/busmagazin\/wp-json\/wp\/v2\/posts\/14761\/revisions\/14768"}],"wp:featuredmedia":[{"embeddable":true,"href":"https:\/\/www.bustreff.de\/busmagazin\/wp-json\/wp\/v2\/media\/14764"}],"wp:attachment":[{"href":"https:\/\/www.bustreff.de\/busmagazin\/wp-json\/wp\/v2\/media?parent=14761"}],"wp:term":[{"taxonomy":"category","embeddable":true,"href":"https:\/\/www.bustreff.de\/busmagazin\/wp-json\/wp\/v2\/categories?post=14761"},{"taxonomy":"post_tag","embeddable":true,"href":"https:\/\/www.bustreff.de\/busmagazin\/wp-json\/wp\/v2\/tags?post=14761"}],"curies":[{"name":"wp","href":"https:\/\/api.w.org\/{rel}","templated":true}]}}