{"id":15328,"date":"2021-01-14T13:20:35","date_gmt":"2021-01-14T12:20:35","guid":{"rendered":"https:\/\/www.bustreff.de\/busmagazin\/?p=15328"},"modified":"2021-01-14T13:16:29","modified_gmt":"2021-01-14T12:16:29","slug":"rda-beklagt-grobe-ungleichbehandlung-und-fordert-korrekturen-bei-novemberhilfe","status":"publish","type":"post","link":"https:\/\/www.bustreff.de\/busmagazin\/rda-beklagt-grobe-ungleichbehandlung-und-fordert-korrekturen-bei-novemberhilfe\/","title":{"rendered":"RDA beklagt Ungleichbehandlung und fordert Korrekturen bei der Novemberhilfe"},"content":{"rendered":"<div id=\"pl-15328\"  class=\"panel-layout\" ><div id=\"pg-15328-0\"  class=\"panel-grid panel-no-style\" ><div id=\"pgc-15328-0-0\"  class=\"panel-grid-cell\" ><div id=\"panel-15328-0-0-0\" class=\"so-panel widget widget_sow-editor panel-first-child panel-last-child\" data-index=\"0\" ><div\n\t\t\t\n\t\t\tclass=\"so-widget-sow-editor so-widget-sow-editor-base\"\n\t\t\t\n\t\t>\n<div class=\"siteorigin-widget-tinymce textwidget\">\n\t<p>Mit der j\u00fcngsten Konkretisierung der Umsatzdefinition bei den Novemberhilfen durch die Bundesregierung ist der RDA nicht einverstanden. Zwar wurden in Fu\u00dfnote 16 unter Punkt 2.3 der FAQ, wie vom RDA bereits anl\u00e4sslich der letzten Anh\u00f6rung vor dem Tourismusausschuss des Deutschen Bundestages am 16. Dezember 2020 gefordert, bez\u00fcglich der Ermittlung der betroffenen Ums\u00e4tze relativ zum Gesamtumsatz die Umsatzerl\u00f6se zu Grunde gelegt, die vom Leistungsempf\u00e4nger an den Reiseveranstalter entrichtet wurden. F\u00fcr die Ermittlung des Vergleichsumsatzes wurde das jedoch verneint.<\/p>\n<p>Konkret w\u00fcrde das bedeuten, dass nur die steuerbare Marge, also die Differenz zwischen Einkauf und Verkauf einer Busreise, zur Ermittlung des Vergleichsumsatzes herangezogen w\u00fcrde. Das h\u00e4tte zur Folge, dass, anders als bei allen anderen von den verordneten Schlie\u00dfungen betroffenen Unternehmen, die Kosten von den betroffenen Umsatzerl\u00f6sen in Abzug gebracht werden. Denn durch die Zugrundelegung der Reisemarge w\u00fcrden die vereinnahmten Reiseentgelte um die Reisevorleistungen gemindert.<\/p>\n<p>Das entspricht weder den politischen Zusagen, noch der Programmsystematik der Novemberhilfen, die einen Abzug von Kosten grunds\u00e4tzlich nicht vorsehen. Aus Sicht des RDA muss diese grobe Ungleichbehandlung der Busreiseveranstalter gegen\u00fcber allen anderen betroffenen Unternehmen umgehend korrigiert werden, damit die Novemberhilfen auch bei den betroffenen Busreiseveranstaltern ankommen.<\/p>\n<p>\u201eDas nachgeschobene Kleingedruckte steht diametral dem entgegen, was auf B\u00fchnen \u00f6ffentlich zugesagt wurde. Wenn die Politik so weitermacht, verspielt sie ihre Glaubw\u00fcrdigkeit, was gerade jetzt, wo Busreiseveranstalter und die gesamte Touristikbranche auf Hilfen und Entsch\u00e4digungen des Bundes in existenziellem Ma\u00dfe angewiesen sind, mehr als unverst\u00e4ndlich ist. Wir fordern die Korrektur dieser groben Ungleichbehandlung und das mit Blick auf die ablaufende Antragsfrist am 31.1.2021 sehr zeitnah\u201c, unterstreicht RDA-Pr\u00e4sident Benedikt Esser.<\/p>\n<p>&nbsp;<\/p>\n<p>&nbsp;<\/p>\n<p>Bild: Kein \u201eWeiter so\u201c, was die Novemberhilfen der Bundesregierung angeht. Sollen die Reisebusse auch in Zukunft rollen, fordert der RDA dringend die Beseitigung der Ungleichbehandlung f\u00fcr Busreiseveranstalter.<\/p>\n<p>Bildquelle: RDA<\/p>\n<\/div>\n<\/div><\/div><\/div><div id=\"pgc-15328-0-1\"  class=\"panel-grid-cell\" ><div id=\"panel-15328-0-1-0\" class=\"so-panel widget widget_sow-image panel-first-child panel-last-child\" data-index=\"1\" ><div\n\t\t\t\n\t\t\tclass=\"so-widget-sow-image so-widget-sow-image-default-8b5b6f678277-15328\"\n\t\t\t\n\t\t>\n<div class=\"sow-image-container\">\n\t\t<img \n\tsrc=\"https:\/\/www.bustreff.de\/busmagazin\/wp-content\/uploads\/2021\/01\/PM_RDA-beklagt-grobe_r-Novemberhilfe-512x288.jpg\" width=\"512\" height=\"288\" srcset=\"https:\/\/www.bustreff.de\/busmagazin\/wp-content\/uploads\/2021\/01\/PM_RDA-beklagt-grobe_r-Novemberhilfe-512x288.jpg 512w, https:\/\/www.bustreff.de\/busmagazin\/wp-content\/uploads\/2021\/01\/PM_RDA-beklagt-grobe_r-Novemberhilfe-200x112.jpg 200w, https:\/\/www.bustreff.de\/busmagazin\/wp-content\/uploads\/2021\/01\/PM_RDA-beklagt-grobe_r-Novemberhilfe-768x432.jpg 768w, https:\/\/www.bustreff.de\/busmagazin\/wp-content\/uploads\/2021\/01\/PM_RDA-beklagt-grobe_r-Novemberhilfe-1536x863.jpg 1536w, https:\/\/www.bustreff.de\/busmagazin\/wp-content\/uploads\/2021\/01\/PM_RDA-beklagt-grobe_r-Novemberhilfe-2048x1151.jpg 2048w\" sizes=\"(max-width: 512px) 100vw, 512px\" title=\"Reisebus.\" alt=\"\" \t\tclass=\"so-widget-image\"\/>\n\t<\/div>\n\n<\/div><\/div><\/div><\/div><\/div>","protected":false},"excerpt":{"rendered":"<p>Mit der j\u00fcngsten Konkretisierung der Umsatzdefinition bei den Novemberhilfen durch die Bundesregierung ist der RDA nicht einverstanden. Zwar wurden in Fu\u00dfnote 16 unter Punkt 2.3 der FAQ, wie vom RDA bereits anl\u00e4sslich der letzten Anh\u00f6rung vor dem Tourismusausschuss des Deutschen Bundestages am 16. Dezember 2020 gefordert, bez\u00fcglich der Ermittlung der betroffenen Ums\u00e4tze relativ zum Gesamtumsatz &#8230; <a href=\"https:\/\/www.bustreff.de\/busmagazin\/rda-beklagt-grobe-ungleichbehandlung-und-fordert-korrekturen-bei-novemberhilfe\/\" class=\"more-link\">mehr<\/a><\/p>\n","protected":false},"author":7,"featured_media":15329,"comment_status":"closed","ping_status":"closed","sticky":false,"template":"","format":"standard","meta":{"footnotes":""},"categories":[5],"tags":[],"class_list":["post-15328","post","type-post","status-publish","format-standard","has-post-thumbnail","hentry","category-busmagazin"],"_links":{"self":[{"href":"https:\/\/www.bustreff.de\/busmagazin\/wp-json\/wp\/v2\/posts\/15328","targetHints":{"allow":["GET"]}}],"collection":[{"href":"https:\/\/www.bustreff.de\/busmagazin\/wp-json\/wp\/v2\/posts"}],"about":[{"href":"https:\/\/www.bustreff.de\/busmagazin\/wp-json\/wp\/v2\/types\/post"}],"author":[{"embeddable":true,"href":"https:\/\/www.bustreff.de\/busmagazin\/wp-json\/wp\/v2\/users\/7"}],"replies":[{"embeddable":true,"href":"https:\/\/www.bustreff.de\/busmagazin\/wp-json\/wp\/v2\/comments?post=15328"}],"version-history":[{"count":5,"href":"https:\/\/www.bustreff.de\/busmagazin\/wp-json\/wp\/v2\/posts\/15328\/revisions"}],"predecessor-version":[{"id":15332,"href":"https:\/\/www.bustreff.de\/busmagazin\/wp-json\/wp\/v2\/posts\/15328\/revisions\/15332"}],"wp:featuredmedia":[{"embeddable":true,"href":"https:\/\/www.bustreff.de\/busmagazin\/wp-json\/wp\/v2\/media\/15329"}],"wp:attachment":[{"href":"https:\/\/www.bustreff.de\/busmagazin\/wp-json\/wp\/v2\/media?parent=15328"}],"wp:term":[{"taxonomy":"category","embeddable":true,"href":"https:\/\/www.bustreff.de\/busmagazin\/wp-json\/wp\/v2\/categories?post=15328"},{"taxonomy":"post_tag","embeddable":true,"href":"https:\/\/www.bustreff.de\/busmagazin\/wp-json\/wp\/v2\/tags?post=15328"}],"curies":[{"name":"wp","href":"https:\/\/api.w.org\/{rel}","templated":true}]}}