{"id":15354,"date":"2021-01-15T11:10:05","date_gmt":"2021-01-15T10:10:05","guid":{"rendered":"https:\/\/www.bustreff.de\/busmagazin\/?p=15354"},"modified":"2021-01-15T11:00:45","modified_gmt":"2021-01-15T10:00:45","slug":"neue-corona-einreiseverordnung-gilt-seit-14-januar-2021","status":"publish","type":"post","link":"https:\/\/www.bustreff.de\/busmagazin\/neue-corona-einreiseverordnung-gilt-seit-14-januar-2021\/","title":{"rendered":"Neue Corona-Einreiseverordnung gilt seit 14. Januar 2021"},"content":{"rendered":"<div id=\"pl-15354\"  class=\"panel-layout\" ><div id=\"pg-15354-0\"  class=\"panel-grid panel-no-style\" ><div id=\"pgc-15354-0-0\"  class=\"panel-grid-cell\" ><div id=\"panel-15354-0-0-0\" class=\"so-panel widget widget_sow-editor panel-first-child panel-last-child\" data-index=\"0\" ><div\n\t\t\t\n\t\t\tclass=\"so-widget-sow-editor so-widget-sow-editor-base\"\n\t\t\t\n\t\t>\n<div class=\"siteorigin-widget-tinymce textwidget\">\n\t<p>Seit gestern, 14. Januar, gilt die neue, einen Tag zuvor vom Bundeskabinett beschlossene Corona-Einreiseverordnung. Sie tritt sp\u00e4testens am 31. M\u00e4rz 2021 au\u00dfer Kraft oder mit der Aufhebung der epidemischen Lage von nationaler Tragweite durch den Bundestag. Sie ersetzt die \u201eAnordnungen betreffend den Reiseverkehr nach Feststellung einer epidemischen Lage von nationaler Tragweite durch den Deutschen Bundestag\u201c vom 5. November 2020.<\/p>\n<p>Nach Angaben des RDA sieht die neue Verordnung vor, dass <strong>Einreisende aus Risikogebieten<\/strong> k\u00fcnftig sp\u00e4testens <strong>48 Stunden nach ihrer Einreise<\/strong> einen Nachweis auf <strong>Nichtvorliegen einer Corona-Infektion<\/strong> in Form eines <strong>\u00e4rztlichen Zeugnisses oder eines Testergebnisses<\/strong> vorlegen m\u00fcssen. Die Pflicht zur digitalen Einreiseanmeldung bleibt unber\u00fchrt.<\/p>\n<p>Die Verordnung verf\u00fcgt \u2013 wie der Bustouristik-Verband mitteilt \u2013 zudem strengere Vorgaben f\u00fcr Einreisende aus Risikogebieten, f\u00fcr die ein besonders hohes Risiko festgestellt wurde, entweder wegen einer besonders hohen Inzidenz oder des Auftretens einer bestimmten Variante des Coronavirus. So m\u00fcssen Einreisende aus diesen Gebieten einen <strong>Nachweis zum Nichtvorliegen einer Corona-Infektion<\/strong>, der nicht \u00e4lter als 48 Stunden ist, <strong>schon bei der Einreise mitf\u00fchren<\/strong>. Bef\u00f6rderer m\u00fcssen diese Nachweise vor Abreise \u00fcberpr\u00fcfen.<\/p>\n<p>Personen, die beruflich bedingt grenz\u00fcberschreitend Personen, Waren oder G\u00fcter auf der Stra\u00dfe, der Schiene, per Schiff oder Flugzeug transportieren, sind bei Einhaltung angemessener Schutz- und Hygienekonzepte von der Anmeldepflicht ausgenommen, es sei denn, sie kommen aus einem Hochinzidenz- oder Virusvarianten-Gebiet. Sie sind <strong>zudem bei Aufenthalten von weniger als 72 Stunden<\/strong> von der Test- und Nachweispflicht bei der Einreise aus Hochinzidenzgebieten <strong>ausgenommen<\/strong>. F\u00fcr Virusvarianten-Gebiete gilt diese Ausnahme nicht.<\/p>\n<p>Die Pflichten f\u00fcr Bef\u00f6rderer nach den \u201eAnordnungen betreffend den Reiseverkehr nach Feststellung einer epidemischen Lage von nationaler Tragweite durch den Deutschen Bundestag\u201c vom 5. November 2020 bleiben weitestgehend gleich und k\u00f6nnen auf der RDA COVID-19-Themenseite eingesehen werden.<\/p>\n<p><strong>Zwei Neuerungen ergeben sich bei der Einreiseanmeldung: <\/strong><\/p>\n<ul>\n<li>Die <strong>vollst\u00e4ndig ausgef\u00fcllten Ersatzmitteilungen<\/strong> sind bei Bef\u00f6rderungen aus einem Risikogebiet, in dem der Schengen-Besitzstand vollst\u00e4ndig angewandt wird, <strong>einzusammeln und unverz\u00fcglich durch die Bef\u00f6rderer an die zust\u00e4ndige Beh\u00f6rde<\/strong> im Sinne des Infektionsschutzgesetzes oder an die von dieser beauftragten Beh\u00f6rde oder Stelle zu \u00fcbermitteln (\u00a7 6 Abs. 1).<\/li>\n<li><strong>Bef\u00f6rderer<\/strong>, die Personen direkt aus einem Risikogebiet au\u00dferhalb von Staaten, die den Schengen-Besitzstand vollst\u00e4ndig anwenden, in die Bundesrepublik Deutschland bef\u00f6rdern<strong>, haben die bef\u00f6rderten Personen darauf hinzuweisen,<\/strong> dass die <strong>Best\u00e4tigung der erfolgreichen digitalen Einreiseanmeldung oder die vollst\u00e4ndig ausgef\u00fcllte Ersatzmitteilung <\/strong>im Rahmen der Einreisekontrolle der <strong>mit der polizeilichen Kontrolle des grenz\u00fcberschreitenden Verkehrs beauftragten Beh\u00f6rde auf deren Anforderung hin vorzulegen is<\/strong>t und die vollst\u00e4ndig ausgef\u00fcllte Ersatzmitteilung an diese zum Zwecke der stichprobenhaften \u00dcberpr\u00fcfung und \u00dcberlassung an die zust\u00e4ndige Beh\u00f6rde im Sinne des Infektionsschutzgesetzes oder an die von dieser beauftragten Beh\u00f6rde oder Stelle auszuh\u00e4ndigen ist (\u00a7 6 Abs. 1).<\/li>\n<\/ul>\n<p>Abweichend von den Anordnungen wird in der neuen Einreise-Verordnung zudem ausdr\u00fccklich darauf hingewiesen, dass <strong>Bef\u00f6rderer die Bef\u00f6rderung von Einreisenden aus Risikogebieten zu unterlassen haben, wenn nach der Plausibilit\u00e4tspr\u00fcfung der Best\u00e4tigung der digitalen Einreiseanmeldung die angegebenen Daten offensichtlich unrichtig sind<\/strong> (\u00a7 6 Abs. 1). Ferner wird die Pflicht zur 30-t\u00e4gigen Aufbewahrung von Daten zur Identifikation der bef\u00f6rderten Personen, deren Kontaktdaten sowie von Passagierlisten und Sitzpl\u00e4nen auf alle Bef\u00f6rderer ausgeweitet (\u00a7 7 Abs. 1).<\/p>\n<p>Weitere Informationen auf <a href=\"http:\/\/www.rda.de\">www.rda.de<\/a>.Der Wortlaut der gesamten, siebenseitigen pdf ist zudem auf <a href=\"http:\/\/www.bundesanzeiger.de\">www.bundesanzeiger.de<\/a> erh\u00e4ltlich (Ver\u00f6ffentlicht am Mittwoch, 13. Januar 2021, BAnz AT 13.01.2021 V1).<\/p>\n<p>&nbsp;<\/p>\n<p>&nbsp;<\/p>\n<p>Bild: Das Virus hat die Erde im Griff, die Corona-Einreiseverordnung nach Deutschland musste vom Bundeskabinett dementsprechend angepasst werden.<\/p>\n<p>Bildquelle: pixabay\/cromaconceptovisual<\/p>\n<\/div>\n<\/div><\/div><\/div><div id=\"pgc-15354-0-1\"  class=\"panel-grid-cell\" ><div id=\"panel-15354-0-1-0\" class=\"so-panel widget widget_sow-image panel-first-child panel-last-child\" data-index=\"1\" ><div\n\t\t\t\n\t\t\tclass=\"so-widget-sow-image so-widget-sow-image-default-8b5b6f678277-15354\"\n\t\t\t\n\t\t>\n<div class=\"sow-image-container\">\n\t\t<img \n\tsrc=\"https:\/\/www.bustreff.de\/busmagazin\/wp-content\/uploads\/2021\/01\/virus-pixabay-cromaconceotovisual-Bustreff-Meldung-512x362.png\" width=\"512\" height=\"362\" srcset=\"https:\/\/www.bustreff.de\/busmagazin\/wp-content\/uploads\/2021\/01\/virus-pixabay-cromaconceotovisual-Bustreff-Meldung-512x362.png 512w, https:\/\/www.bustreff.de\/busmagazin\/wp-content\/uploads\/2021\/01\/virus-pixabay-cromaconceotovisual-Bustreff-Meldung-200x141.png 200w, https:\/\/www.bustreff.de\/busmagazin\/wp-content\/uploads\/2021\/01\/virus-pixabay-cromaconceotovisual-Bustreff-Meldung-768x543.png 768w, https:\/\/www.bustreff.de\/busmagazin\/wp-content\/uploads\/2021\/01\/virus-pixabay-cromaconceotovisual-Bustreff-Meldung-1536x1086.png 1536w, https:\/\/www.bustreff.de\/busmagazin\/wp-content\/uploads\/2021\/01\/virus-pixabay-cromaconceotovisual-Bustreff-Meldung.png 1920w\" sizes=\"(max-width: 512px) 100vw, 512px\" title=\"virus pixabay cromaconceotovisual Bustreff Meldung\" alt=\"\" \t\tclass=\"so-widget-image\"\/>\n\t<\/div>\n\n<\/div><\/div><\/div><\/div><\/div>","protected":false},"excerpt":{"rendered":"<p>Seit gestern, 14. Januar, gilt die neue, einen Tag zuvor vom Bundeskabinett beschlossene Corona-Einreiseverordnung. Sie tritt sp\u00e4testens am 31. M\u00e4rz 2021 au\u00dfer Kraft oder mit der Aufhebung der epidemischen Lage von nationaler Tragweite durch den Bundestag. Sie ersetzt die \u201eAnordnungen betreffend den Reiseverkehr nach Feststellung einer epidemischen Lage von nationaler Tragweite durch den Deutschen Bundestag\u201c &#8230; <a href=\"https:\/\/www.bustreff.de\/busmagazin\/neue-corona-einreiseverordnung-gilt-seit-14-januar-2021\/\" class=\"more-link\">mehr<\/a><\/p>\n","protected":false},"author":7,"featured_media":15355,"comment_status":"closed","ping_status":"closed","sticky":false,"template":"","format":"standard","meta":{"footnotes":""},"categories":[5],"tags":[],"class_list":["post-15354","post","type-post","status-publish","format-standard","has-post-thumbnail","hentry","category-busmagazin"],"_links":{"self":[{"href":"https:\/\/www.bustreff.de\/busmagazin\/wp-json\/wp\/v2\/posts\/15354","targetHints":{"allow":["GET"]}}],"collection":[{"href":"https:\/\/www.bustreff.de\/busmagazin\/wp-json\/wp\/v2\/posts"}],"about":[{"href":"https:\/\/www.bustreff.de\/busmagazin\/wp-json\/wp\/v2\/types\/post"}],"author":[{"embeddable":true,"href":"https:\/\/www.bustreff.de\/busmagazin\/wp-json\/wp\/v2\/users\/7"}],"replies":[{"embeddable":true,"href":"https:\/\/www.bustreff.de\/busmagazin\/wp-json\/wp\/v2\/comments?post=15354"}],"version-history":[{"count":5,"href":"https:\/\/www.bustreff.de\/busmagazin\/wp-json\/wp\/v2\/posts\/15354\/revisions"}],"predecessor-version":[{"id":15358,"href":"https:\/\/www.bustreff.de\/busmagazin\/wp-json\/wp\/v2\/posts\/15354\/revisions\/15358"}],"wp:featuredmedia":[{"embeddable":true,"href":"https:\/\/www.bustreff.de\/busmagazin\/wp-json\/wp\/v2\/media\/15355"}],"wp:attachment":[{"href":"https:\/\/www.bustreff.de\/busmagazin\/wp-json\/wp\/v2\/media?parent=15354"}],"wp:term":[{"taxonomy":"category","embeddable":true,"href":"https:\/\/www.bustreff.de\/busmagazin\/wp-json\/wp\/v2\/categories?post=15354"},{"taxonomy":"post_tag","embeddable":true,"href":"https:\/\/www.bustreff.de\/busmagazin\/wp-json\/wp\/v2\/tags?post=15354"}],"curies":[{"name":"wp","href":"https:\/\/api.w.org\/{rel}","templated":true}]}}