{"id":15362,"date":"2021-01-15T14:00:30","date_gmt":"2021-01-15T13:00:30","guid":{"rendered":"https:\/\/www.bustreff.de\/busmagazin\/?p=15362"},"modified":"2021-01-15T13:47:21","modified_gmt":"2021-01-15T12:47:21","slug":"november-dezember-und-ueberbrueckungshilfe-ii-fristen-werden-verlaengert","status":"publish","type":"post","link":"https:\/\/www.bustreff.de\/busmagazin\/november-dezember-und-ueberbrueckungshilfe-ii-fristen-werden-verlaengert\/","title":{"rendered":"November-, Dezember- und \u00dcberbr\u00fcckungshilfe II: Fristen werden verl\u00e4ngert"},"content":{"rendered":"<div id=\"pl-15362\"  class=\"panel-layout\" ><div id=\"pg-15362-0\"  class=\"panel-grid panel-no-style\" ><div id=\"pgc-15362-0-0\"  class=\"panel-grid-cell\" ><div id=\"panel-15362-0-0-0\" class=\"so-panel widget widget_sow-editor panel-first-child panel-last-child\" data-index=\"0\" ><div\n\t\t\t\n\t\t\tclass=\"so-widget-sow-editor so-widget-sow-editor-base\"\n\t\t\t\n\t\t>\n<div class=\"siteorigin-widget-tinymce textwidget\">\n\t<p>Wie das Bundeswirtschaftsministerium gestern mitteilte, werden die Fristen zur Antragstellung f\u00fcr die November- und Dezemberhilfe sowie f\u00fcr die \u00dcberbr\u00fcckungshilfe II f\u00fcr Busreiseveranstalter und Unternehmen der Tourismusbranche verl\u00e4ngert. Am Vortag hatte RDA-Pr\u00e4sident Benedikt Esser auf die \u201emit Blick auf am 31. Januar ablaufende Antragsfrist\u201c zeitnahe Korrektur der Vorlage im Hinblick auf die Ermittlung des Vergleichsumsatzes und die damit einhergehende Ungleichbehandlung f\u00fcr die Busbranche hingewiesen.<\/p>\n<p><strong>Antr\u00e4ge f\u00fcr die November- und Dezemberhilfe<\/strong> k\u00f6nnen <strong>jetzt bis zum 30. April 2021<\/strong> gestellt werden (vormals bis 31. Januar bzw. 31. M\u00e4rz). Die <strong>Antragsfrist f\u00fcr die \u00dcberbr\u00fcckungshilfe<\/strong> endet nun am <strong>31. M\u00e4rz 2021<\/strong> (vormals 31. Januar).<br \/>\nAlle Infos zu den Corona-Hilfen der Bundesregierung finden Interessierte auf www.ueberbrueckungshilfe-unternehmen.de.<\/p>\n<p>&nbsp;<\/p>\n<p>&nbsp;<\/p>\n<p>Bild: Das Bundeswirtschaftsministerium gew\u00e4hrt mehr Zeit f\u00fcr die Antragsstellung der Wirtschaftshilfen f\u00fcr Busreiseveranstalter<\/p>\n<p>Bildquelle: pixabay\/Free-Photos<\/p>\n<\/div>\n<\/div><\/div><\/div><div id=\"pgc-15362-0-1\"  class=\"panel-grid-cell\" ><div id=\"panel-15362-0-1-0\" class=\"so-panel widget widget_sow-image panel-first-child panel-last-child\" data-index=\"1\" ><div\n\t\t\t\n\t\t\tclass=\"so-widget-sow-image so-widget-sow-image-default-8b5b6f678277-15362\"\n\t\t\t\n\t\t>\n<div class=\"sow-image-container\">\n\t\t<img \n\tsrc=\"https:\/\/www.bustreff.de\/busmagazin\/wp-content\/uploads\/2021\/01\/blogging-pixabay-free-Photos-512x341.jpg\" width=\"512\" height=\"341\" srcset=\"https:\/\/www.bustreff.de\/busmagazin\/wp-content\/uploads\/2021\/01\/blogging-pixabay-free-Photos-512x341.jpg 512w, https:\/\/www.bustreff.de\/busmagazin\/wp-content\/uploads\/2021\/01\/blogging-pixabay-free-Photos-200x133.jpg 200w, https:\/\/www.bustreff.de\/busmagazin\/wp-content\/uploads\/2021\/01\/blogging-pixabay-free-Photos-768x512.jpg 768w, https:\/\/www.bustreff.de\/busmagazin\/wp-content\/uploads\/2021\/01\/blogging-pixabay-free-Photos-1536x1024.jpg 1536w, https:\/\/www.bustreff.de\/busmagazin\/wp-content\/uploads\/2021\/01\/blogging-pixabay-free-Photos-2048x1365.jpg 2048w, https:\/\/www.bustreff.de\/busmagazin\/wp-content\/uploads\/2021\/01\/blogging-pixabay-free-Photos-272x182.jpg 272w\" sizes=\"(max-width: 512px) 100vw, 512px\" title=\"blogging- pixabay free-Photos\" alt=\"\" \t\tclass=\"so-widget-image\"\/>\n\t<\/div>\n\n<\/div><\/div><\/div><\/div><\/div>","protected":false},"excerpt":{"rendered":"<p>Wie das Bundeswirtschaftsministerium gestern mitteilte, werden die Fristen zur Antragstellung f\u00fcr die November- und Dezemberhilfe sowie f\u00fcr die \u00dcberbr\u00fcckungshilfe II f\u00fcr Busreiseveranstalter und Unternehmen der Tourismusbranche verl\u00e4ngert. Am Vortag hatte RDA-Pr\u00e4sident Benedikt Esser auf die \u201emit Blick auf am 31. Januar ablaufende Antragsfrist\u201c zeitnahe Korrektur der Vorlage im Hinblick auf die Ermittlung des Vergleichsumsatzes und &#8230; <a href=\"https:\/\/www.bustreff.de\/busmagazin\/november-dezember-und-ueberbrueckungshilfe-ii-fristen-werden-verlaengert\/\" class=\"more-link\">mehr<\/a><\/p>\n","protected":false},"author":7,"featured_media":15363,"comment_status":"closed","ping_status":"closed","sticky":false,"template":"","format":"standard","meta":{"footnotes":""},"categories":[5],"tags":[],"class_list":["post-15362","post","type-post","status-publish","format-standard","has-post-thumbnail","hentry","category-busmagazin"],"_links":{"self":[{"href":"https:\/\/www.bustreff.de\/busmagazin\/wp-json\/wp\/v2\/posts\/15362","targetHints":{"allow":["GET"]}}],"collection":[{"href":"https:\/\/www.bustreff.de\/busmagazin\/wp-json\/wp\/v2\/posts"}],"about":[{"href":"https:\/\/www.bustreff.de\/busmagazin\/wp-json\/wp\/v2\/types\/post"}],"author":[{"embeddable":true,"href":"https:\/\/www.bustreff.de\/busmagazin\/wp-json\/wp\/v2\/users\/7"}],"replies":[{"embeddable":true,"href":"https:\/\/www.bustreff.de\/busmagazin\/wp-json\/wp\/v2\/comments?post=15362"}],"version-history":[{"count":5,"href":"https:\/\/www.bustreff.de\/busmagazin\/wp-json\/wp\/v2\/posts\/15362\/revisions"}],"predecessor-version":[{"id":15366,"href":"https:\/\/www.bustreff.de\/busmagazin\/wp-json\/wp\/v2\/posts\/15362\/revisions\/15366"}],"wp:featuredmedia":[{"embeddable":true,"href":"https:\/\/www.bustreff.de\/busmagazin\/wp-json\/wp\/v2\/media\/15363"}],"wp:attachment":[{"href":"https:\/\/www.bustreff.de\/busmagazin\/wp-json\/wp\/v2\/media?parent=15362"}],"wp:term":[{"taxonomy":"category","embeddable":true,"href":"https:\/\/www.bustreff.de\/busmagazin\/wp-json\/wp\/v2\/categories?post=15362"},{"taxonomy":"post_tag","embeddable":true,"href":"https:\/\/www.bustreff.de\/busmagazin\/wp-json\/wp\/v2\/tags?post=15362"}],"curies":[{"name":"wp","href":"https:\/\/api.w.org\/{rel}","templated":true}]}}