{"id":15397,"date":"2021-01-20T11:02:54","date_gmt":"2021-01-20T10:02:54","guid":{"rendered":"https:\/\/www.bustreff.de\/busmagazin\/?p=15397"},"modified":"2021-01-20T11:03:01","modified_gmt":"2021-01-20T10:03:01","slug":"oeffnungsstrategie-tourismusbranche-bietet-mitarbeit-an","status":"publish","type":"post","link":"https:\/\/www.bustreff.de\/busmagazin\/oeffnungsstrategie-tourismusbranche-bietet-mitarbeit-an\/","title":{"rendered":"\u00d6ffnungsstrategie: Tourismusbranche bietet Mitarbeit an"},"content":{"rendered":"<div id=\"pl-15397\"  class=\"panel-layout\" ><div id=\"pg-15397-0\"  class=\"panel-grid panel-no-style\" ><div id=\"pgc-15397-0-0\"  class=\"panel-grid-cell\" ><div id=\"panel-15397-0-0-0\" class=\"so-panel widget widget_sow-editor panel-first-child panel-last-child\" data-index=\"0\" ><div\n\t\t\t\n\t\t\tclass=\"so-widget-sow-editor so-widget-sow-editor-base\"\n\t\t\t\n\t\t>\n<div class=\"siteorigin-widget-tinymce textwidget\">\n\t<p>Nach der gestrigen Konferenz (19.2.2021) der Bundeskanzlerin mit den Regierungschefs der L\u00e4nder soll eine Bund-L\u00e4nder-Arbeitsgruppe damit beauftragt werden, eine sichere und gerechte \u00d6ffnungsstrategie zu erarbeiten. Hierzu erkl\u00e4ren der Gesch\u00e4ftsf\u00fchrer des Deutschen Tourismusverbandes (DTV), Norbert Kunz, der Hauptgesch\u00e4ftsf\u00fchrer des Deutschen Reiseverbandes (DRV), Dirk Inger, der Pr\u00e4sident des Internationalen Bustouristik-Verbandes (RDA), Benedikt Esser, und der Vorstand des Verbandes Internet Reisevertrieb (VIR), Michael Buller:<\/p>\n<p>\u201eEs ist gut, dass Bund und L\u00e4nder nun endlich eine \u00d6ffnungsstrategie angehen. Die Tourismusbranche fordert seit langem ein stimmiges Konzept und bietet ihre Mitarbeit an. Gerade der Tourismus braucht Perspektiven f\u00fcr den Neustart. Trotz aller Appelle und Gespr\u00e4chsangebote der Branche hat der Bund bisher nichts an Konzepten f\u00fcr den Restart des Tourismus vorzuweisen. Dabei muss schon jetzt vorbereitet werden, in welchen Schritten, wie und wann es anschlie\u00dfend wieder losgehen kann. Wir mahnen seit dem ersten Lockdown eine Tourismus-Taskforce aus Politik und Branchenexperten und einen Tourismusgipfel an.<\/p>\n<p>Wir sind \u00fcberzeugt: Mit einem abgestimmten Konzept, das stimmige Quarant\u00e4ne- sowie Teststrategien beinhaltet, klare Hygiene- und Schutzregeln und eine differenzierte Betrachtung der einzelnen touristischen Segmente enth\u00e4lt, ist sicheres Reisen nach der zweiten Corona-Welle wieder m\u00f6glich. Wir, die Tourismusbranche, sind bereit, uns und unsere Konzepte in die Planung einer funktionierenden Restart-Konzeption aktiv einzubringen und den Neustart gemeinsam anzugehen\u201c.<\/p>\n<p>&nbsp;<\/p>\n<p>Bildquelle: pixabay\/Gerd Altmann<\/p>\n<\/div>\n<\/div><\/div><\/div><div id=\"pgc-15397-0-1\"  class=\"panel-grid-cell\" ><div id=\"panel-15397-0-1-0\" class=\"so-panel widget widget_sow-image panel-first-child panel-last-child\" data-index=\"1\" ><div\n\t\t\t\n\t\t\tclass=\"so-widget-sow-image so-widget-sow-image-default-8b5b6f678277-15397\"\n\t\t\t\n\t\t>\n<div class=\"sow-image-container\">\n\t\t<img \n\tsrc=\"https:\/\/www.bustreff.de\/busmagazin\/wp-content\/uploads\/2021\/01\/corona-4914549-512x341.png\" width=\"512\" height=\"341\" srcset=\"https:\/\/www.bustreff.de\/busmagazin\/wp-content\/uploads\/2021\/01\/corona-4914549-512x341.png 512w, https:\/\/www.bustreff.de\/busmagazin\/wp-content\/uploads\/2021\/01\/corona-4914549-200x133.png 200w, https:\/\/www.bustreff.de\/busmagazin\/wp-content\/uploads\/2021\/01\/corona-4914549-768x512.png 768w, https:\/\/www.bustreff.de\/busmagazin\/wp-content\/uploads\/2021\/01\/corona-4914549-1536x1024.png 1536w, https:\/\/www.bustreff.de\/busmagazin\/wp-content\/uploads\/2021\/01\/corona-4914549-2048x1365.png 2048w, https:\/\/www.bustreff.de\/busmagazin\/wp-content\/uploads\/2021\/01\/corona-4914549-272x182.png 272w\" sizes=\"(max-width: 512px) 100vw, 512px\" alt=\"\" \t\tclass=\"so-widget-image\"\/>\n\t<\/div>\n\n<\/div><\/div><\/div><\/div><\/div>","protected":false},"excerpt":{"rendered":"<p>Nach der gestrigen Konferenz (19.2.2021) der Bundeskanzlerin mit den Regierungschefs der L\u00e4nder soll eine Bund-L\u00e4nder-Arbeitsgruppe damit beauftragt werden, eine sichere und gerechte \u00d6ffnungsstrategie zu erarbeiten. Hierzu erkl\u00e4ren der Gesch\u00e4ftsf\u00fchrer des Deutschen Tourismusverbandes (DTV), Norbert Kunz, der Hauptgesch\u00e4ftsf\u00fchrer des Deutschen Reiseverbandes (DRV), Dirk Inger, der Pr\u00e4sident des Internationalen Bustouristik-Verbandes (RDA), Benedikt Esser, und der Vorstand des &#8230; <a href=\"https:\/\/www.bustreff.de\/busmagazin\/oeffnungsstrategie-tourismusbranche-bietet-mitarbeit-an\/\" class=\"more-link\">mehr<\/a><\/p>\n","protected":false},"author":6,"featured_media":15398,"comment_status":"closed","ping_status":"closed","sticky":false,"template":"","format":"standard","meta":{"footnotes":""},"categories":[5],"tags":[],"class_list":["post-15397","post","type-post","status-publish","format-standard","has-post-thumbnail","hentry","category-busmagazin"],"_links":{"self":[{"href":"https:\/\/www.bustreff.de\/busmagazin\/wp-json\/wp\/v2\/posts\/15397","targetHints":{"allow":["GET"]}}],"collection":[{"href":"https:\/\/www.bustreff.de\/busmagazin\/wp-json\/wp\/v2\/posts"}],"about":[{"href":"https:\/\/www.bustreff.de\/busmagazin\/wp-json\/wp\/v2\/types\/post"}],"author":[{"embeddable":true,"href":"https:\/\/www.bustreff.de\/busmagazin\/wp-json\/wp\/v2\/users\/6"}],"replies":[{"embeddable":true,"href":"https:\/\/www.bustreff.de\/busmagazin\/wp-json\/wp\/v2\/comments?post=15397"}],"version-history":[{"count":6,"href":"https:\/\/www.bustreff.de\/busmagazin\/wp-json\/wp\/v2\/posts\/15397\/revisions"}],"predecessor-version":[{"id":15404,"href":"https:\/\/www.bustreff.de\/busmagazin\/wp-json\/wp\/v2\/posts\/15397\/revisions\/15404"}],"wp:featuredmedia":[{"embeddable":true,"href":"https:\/\/www.bustreff.de\/busmagazin\/wp-json\/wp\/v2\/media\/15398"}],"wp:attachment":[{"href":"https:\/\/www.bustreff.de\/busmagazin\/wp-json\/wp\/v2\/media?parent=15397"}],"wp:term":[{"taxonomy":"category","embeddable":true,"href":"https:\/\/www.bustreff.de\/busmagazin\/wp-json\/wp\/v2\/categories?post=15397"},{"taxonomy":"post_tag","embeddable":true,"href":"https:\/\/www.bustreff.de\/busmagazin\/wp-json\/wp\/v2\/tags?post=15397"}],"curies":[{"name":"wp","href":"https:\/\/api.w.org\/{rel}","templated":true}]}}