{"id":15481,"date":"2021-01-26T09:09:27","date_gmt":"2021-01-26T08:09:27","guid":{"rendered":"https:\/\/www.bustreff.de\/busmagazin\/?p=15481"},"modified":"2021-01-26T09:09:32","modified_gmt":"2021-01-26T08:09:32","slug":"neun-setra-fuer-merz-reisen","status":"publish","type":"post","link":"https:\/\/www.bustreff.de\/busmagazin\/neun-setra-fuer-merz-reisen\/","title":{"rendered":"Neun Setra f\u00fcr Merz Reisen"},"content":{"rendered":"<div id=\"pl-15481\"  class=\"panel-layout\" ><div id=\"pg-15481-0\"  class=\"panel-grid panel-no-style\" ><div id=\"pgc-15481-0-0\"  class=\"panel-grid-cell\" ><div id=\"panel-15481-0-0-0\" class=\"so-panel widget widget_sow-editor panel-first-child panel-last-child\" data-index=\"0\" ><div\n\t\t\t\n\t\t\tclass=\"so-widget-sow-editor so-widget-sow-editor-base\"\n\t\t\t\n\t\t>\n<div class=\"siteorigin-widget-tinymce textwidget\">\n\t<p>Die Merz Reisen GmbH hat ihre Setra Busflotte ausgebaut. Das Familienunternehmen in der dritten Generation aus dem s\u00fcd\u00f6stlich von N\u00fcrnberg gelegenen Gnadenberg \u00fcbernahm acht Low Entry Busse der Setra MultiClass. Die sechs S\u00a0415\u00a0LE\u00a0business und zwei S\u00a0418\u00a0LE\u00a0business werden nach gem\u00e4\u00df einer europaweiten Ausschreibung auf verschiedenen Strecken im Landkreis Neumarkt eingesetzt.<\/p>\n<p>Merz Reisen f\u00e4hrt vor allem f\u00fcr den Verkehrsverbund Gro\u00dfraum N\u00fcrnberg (VGN). Hier sind \u00fcber 130 Verkehrsunternehmen organisiert, die 778 Linien bedienen und ca. 252 Mio. Fahrg\u00e4ste in regul\u00e4ren Jahren bef\u00f6rdern.<\/p>\n<p>Neben den Niederflurbussen \u00fcbernahm die gesch\u00e4ftsf\u00fchrende Gesellschafterin Patricia Ehbauer im Neu-Ulmer Kundencenter von Axel Stokinger, dem Gesch\u00e4ftsleiter der Vertriebsorganisation Deutschland, zudem einen S\u00a0516\u00a0HD der Setra ComfortClass.<\/p>\n<p>Der 5-Sterne Superior Bus bietet 40 Reiseg\u00e4sten Platz und ist mit den modernsten Fahrer- und Sicherheitsassistenzsystemen ausger\u00fcstet, die Daimler Buses zur Verf\u00fcgung stellt. Insgesamt hat der 1929 gegr\u00fcndete Familienbetrieb aus der Oberpfalz in seinem reinen Setra Fuhrpark nun 36 Fahrzeuge der Ulmer Marke im Einsatz.<\/p>\n<p>Im Jubil\u00e4umsjahr 2019 orderte Merz Reisen sogar einen TopClass-Bus mit 2+1-VIP-Bestuhlung (Setra Ambassador).<\/p>\n<p>&nbsp;<\/p>\n<p>Bildquelle: Daimler AG<\/p>\n<\/div>\n<\/div><\/div><\/div><div id=\"pgc-15481-0-1\"  class=\"panel-grid-cell\" ><div id=\"panel-15481-0-1-0\" class=\"so-panel widget widget_sow-image panel-first-child panel-last-child\" data-index=\"1\" ><div\n\t\t\t\n\t\t\tclass=\"so-widget-sow-image so-widget-sow-image-default-8b5b6f678277-15481\"\n\t\t\t\n\t\t>\n<div class=\"sow-image-container\">\n\t\t<img \n\tsrc=\"https:\/\/www.bustreff.de\/busmagazin\/wp-content\/uploads\/2021\/01\/20C0763_002-512x334.jpg\" width=\"512\" height=\"334\" srcset=\"https:\/\/www.bustreff.de\/busmagazin\/wp-content\/uploads\/2021\/01\/20C0763_002-512x334.jpg 512w, https:\/\/www.bustreff.de\/busmagazin\/wp-content\/uploads\/2021\/01\/20C0763_002-200x130.jpg 200w, https:\/\/www.bustreff.de\/busmagazin\/wp-content\/uploads\/2021\/01\/20C0763_002-768x500.jpg 768w, https:\/\/www.bustreff.de\/busmagazin\/wp-content\/uploads\/2021\/01\/20C0763_002-1536x1001.jpg 1536w, https:\/\/www.bustreff.de\/busmagazin\/wp-content\/uploads\/2021\/01\/20C0763_002-2048x1334.jpg 2048w\" sizes=\"(max-width: 512px) 100vw, 512px\" title=\"Die Merz Reisen GmbH \u00fcbernahm im Neu-Ulmer Kundencenter der Marke Setra neun Fahrzeuge.\n\n \n\nMerz Reisen GmbH took over nine Setra brand vehicles at the Neu-Ulm customer center.\" alt=\"\" \t\tclass=\"so-widget-image\"\/>\n\t<\/div>\n\n<\/div><\/div><\/div><\/div><\/div>","protected":false},"excerpt":{"rendered":"<p>Die Merz Reisen GmbH hat ihre Setra Busflotte ausgebaut. Das Familienunternehmen in der dritten Generation aus dem s\u00fcd\u00f6stlich von N\u00fcrnberg gelegenen Gnadenberg \u00fcbernahm acht Low Entry Busse der Setra MultiClass. Die sechs S\u00a0415\u00a0LE\u00a0business und zwei S\u00a0418\u00a0LE\u00a0business werden nach gem\u00e4\u00df einer europaweiten Ausschreibung auf verschiedenen Strecken im Landkreis Neumarkt eingesetzt. Merz Reisen f\u00e4hrt vor allem f\u00fcr &#8230; <a href=\"https:\/\/www.bustreff.de\/busmagazin\/neun-setra-fuer-merz-reisen\/\" class=\"more-link\">mehr<\/a><\/p>\n","protected":false},"author":6,"featured_media":15484,"comment_status":"closed","ping_status":"closed","sticky":false,"template":"","format":"standard","meta":{"footnotes":""},"categories":[5],"tags":[],"class_list":["post-15481","post","type-post","status-publish","format-standard","has-post-thumbnail","hentry","category-busmagazin"],"_links":{"self":[{"href":"https:\/\/www.bustreff.de\/busmagazin\/wp-json\/wp\/v2\/posts\/15481","targetHints":{"allow":["GET"]}}],"collection":[{"href":"https:\/\/www.bustreff.de\/busmagazin\/wp-json\/wp\/v2\/posts"}],"about":[{"href":"https:\/\/www.bustreff.de\/busmagazin\/wp-json\/wp\/v2\/types\/post"}],"author":[{"embeddable":true,"href":"https:\/\/www.bustreff.de\/busmagazin\/wp-json\/wp\/v2\/users\/6"}],"replies":[{"embeddable":true,"href":"https:\/\/www.bustreff.de\/busmagazin\/wp-json\/wp\/v2\/comments?post=15481"}],"version-history":[{"count":6,"href":"https:\/\/www.bustreff.de\/busmagazin\/wp-json\/wp\/v2\/posts\/15481\/revisions"}],"predecessor-version":[{"id":15488,"href":"https:\/\/www.bustreff.de\/busmagazin\/wp-json\/wp\/v2\/posts\/15481\/revisions\/15488"}],"wp:featuredmedia":[{"embeddable":true,"href":"https:\/\/www.bustreff.de\/busmagazin\/wp-json\/wp\/v2\/media\/15484"}],"wp:attachment":[{"href":"https:\/\/www.bustreff.de\/busmagazin\/wp-json\/wp\/v2\/media?parent=15481"}],"wp:term":[{"taxonomy":"category","embeddable":true,"href":"https:\/\/www.bustreff.de\/busmagazin\/wp-json\/wp\/v2\/categories?post=15481"},{"taxonomy":"post_tag","embeddable":true,"href":"https:\/\/www.bustreff.de\/busmagazin\/wp-json\/wp\/v2\/tags?post=15481"}],"curies":[{"name":"wp","href":"https:\/\/api.w.org\/{rel}","templated":true}]}}