{"id":15497,"date":"2021-01-26T14:21:35","date_gmt":"2021-01-26T13:21:35","guid":{"rendered":"https:\/\/www.bustreff.de\/busmagazin\/?p=15497"},"modified":"2021-01-26T14:21:56","modified_gmt":"2021-01-26T13:21:56","slug":"neue-sars-cov-2-arbeitsschutzverordnung","status":"publish","type":"post","link":"https:\/\/www.bustreff.de\/busmagazin\/neue-sars-cov-2-arbeitsschutzverordnung\/","title":{"rendered":"Neue SARS-CoV-2-Arbeitsschutzverordnung"},"content":{"rendered":"<div id=\"pl-15497\"  class=\"panel-layout\" ><div id=\"pg-15497-0\"  class=\"panel-grid panel-no-style\" ><div id=\"pgc-15497-0-0\"  class=\"panel-grid-cell\" ><div id=\"panel-15497-0-0-0\" class=\"so-panel widget widget_sow-editor panel-first-child panel-last-child\" data-index=\"0\" ><div\n\t\t\t\n\t\t\tclass=\"so-widget-sow-editor so-widget-sow-editor-base\"\n\t\t\t\n\t\t>\n<div class=\"siteorigin-widget-tinymce textwidget\">\n\t<p>Der RDA macht aktuell auf die neue <strong>SARS-CoV-2-Arbeitsschutzverordnung<\/strong>, die das Bundesarbeitsministerium (BMAS) auf den Weg gebracht hat, um die Covid-19-Pandemie weiter einzud\u00e4mmen, aufmerksam \u00a0Die Verordnung tritt am 27. Januar in Kraft und ist vorerst bis zum 15. M\u00e4rz 2021 g\u00fcltig. Eine Verl\u00e4ngerung ist jedoch m\u00f6glich.<\/p>\n<p>Die Verordnung schreibt im Wesentlichen Folgendes vor:<\/p>\n<p><u>Kontaktreduktion:<\/u><\/p>\n<ul>\n<li>Der Arbeitgeber hat die <strong>Gef\u00e4hrdungsbeurteilung <\/strong>hinsichtlich Infektionsschutz zu \u00fcberpr\u00fcfen und ggf. zu aktualisieren.<\/li>\n<li>Der Arbeitgeber hat alle geeigneten technischen und organisatorischen Ma\u00dfnahmen zu treffen, um <strong>betriebsbedingte Kontakte zu reduzieren<\/strong>; die gleichzeitige Raumbenutzung ist auf ein Minimum zu reduzieren.<\/li>\n<li>Betriebsnotwendige Zusammenk\u00fcnfte sollen soweit wie m\u00f6glich durch die <strong>Verwendung von Informationstechnologie<\/strong> ersetzt werden; ist dies nicht m\u00f6glich, muss der Arbeitgeber gleichwertige Schutzma\u00dfnahmen ergreifen (L\u00fcften, physische Abtrennungen).<\/li>\n<li>Im Fall von <strong>B\u00fcroarbeiten <\/strong>oder vergleichbaren T\u00e4tigkeiten hat der Arbeitgeber den Besch\u00e4ftigten anzubieten, diese T\u00e4tigkeiten in deren Wohnung auszuf\u00fchren, wenn keine zwingenden betriebsbedingten Gr\u00fcnde entgegenstehen.<\/li>\n<li>Ist die gleichzeitige Raumbenutzung erforderlich, so darf eine <strong>Mindestfl\u00e4che von 10 Quadratmetern<\/strong> f\u00fcr jede im Raum befindliche Person nicht unterschritten werden, soweit die T\u00e4tigkeiten dies zulassen; andernfalls muss der Arbeitsgeber gleichwertige Schutzma\u00dfnahmen ergreifen.<\/li>\n<li>In Betrieben mit mehr als zehn Besch\u00e4ftigten muss der Arbeitgeber die Besch\u00e4ftigten in m\u00f6glichst kleine <strong>Arbeitsgruppen<\/strong> einteilen und zeitversetztes Arbeiten erm\u00f6glichen, soweit die betrieblichen Gegebenheiten dies zulassen.<\/li>\n<\/ul>\n<p><u>Mund-Nase-Schutz:<\/u><\/p>\n<ul>\n<li>Der Arbeitgeber hat medizinische Gesichtsmasken\/FFP2-Masken\/vergleichbare Atemschutzmasken zur Verf\u00fcgung zu stellen, wenn die Anforderungen an die Raumbelegung nicht eingehalten werden k\u00f6nnen, wenn der Mindestabstand von 1,5 m nicht eingehalten werden kann, oder wenn bei den ausge\u00fcbten T\u00e4tigkeiten mit einem erh\u00f6hten Aerosolaussto\u00df zu rechnen ist.<\/li>\n<li>Abweichend hiervon kann der Arbeitgeber andere ebenso wirksame Ma\u00dfnahmen treffen.<\/li>\n<\/ul>\n<p>Die Verordnung finden Sie auch online beim <a href=\"https:\/\/www.bmas.de\/DE\/Service\/Gesetze\/sars-cov-2-arbeitsschutzverordnung.html\">BMAS<\/a>.<\/p>\n<p>&nbsp;<\/p>\n<p>Bildquelle: pixabay\/Orna Wachman<\/p>\n<\/div>\n<\/div><\/div><\/div><div id=\"pgc-15497-0-1\"  class=\"panel-grid-cell\" ><div id=\"panel-15497-0-1-0\" class=\"so-panel widget widget_sow-image panel-first-child panel-last-child\" data-index=\"1\" ><div\n\t\t\t\n\t\t\tclass=\"so-widget-sow-image so-widget-sow-image-default-8b5b6f678277-15497\"\n\t\t\t\n\t\t>\n<div class=\"sow-image-container\">\n\t\t<img \n\tsrc=\"https:\/\/www.bustreff.de\/busmagazin\/wp-content\/uploads\/2021\/01\/corona-4970836-512x341.jpg\" width=\"512\" height=\"341\" srcset=\"https:\/\/www.bustreff.de\/busmagazin\/wp-content\/uploads\/2021\/01\/corona-4970836-512x341.jpg 512w, https:\/\/www.bustreff.de\/busmagazin\/wp-content\/uploads\/2021\/01\/corona-4970836-200x133.jpg 200w, https:\/\/www.bustreff.de\/busmagazin\/wp-content\/uploads\/2021\/01\/corona-4970836-768x512.jpg 768w, https:\/\/www.bustreff.de\/busmagazin\/wp-content\/uploads\/2021\/01\/corona-4970836-1536x1024.jpg 1536w, https:\/\/www.bustreff.de\/busmagazin\/wp-content\/uploads\/2021\/01\/corona-4970836-2048x1365.jpg 2048w, https:\/\/www.bustreff.de\/busmagazin\/wp-content\/uploads\/2021\/01\/corona-4970836-272x182.jpg 272w\" sizes=\"(max-width: 512px) 100vw, 512px\" title=\"corona-4970836\" alt=\"\" \t\tclass=\"so-widget-image\"\/>\n\t<\/div>\n\n<\/div><\/div><\/div><\/div><\/div>","protected":false},"excerpt":{"rendered":"<p>Der RDA macht aktuell auf die neue SARS-CoV-2-Arbeitsschutzverordnung, die das Bundesarbeitsministerium (BMAS) auf den Weg gebracht hat, um die Covid-19-Pandemie weiter einzud\u00e4mmen, aufmerksam \u00a0Die Verordnung tritt am 27. Januar in Kraft und ist vorerst bis zum 15. M\u00e4rz 2021 g\u00fcltig. Eine Verl\u00e4ngerung ist jedoch m\u00f6glich. Die Verordnung schreibt im Wesentlichen Folgendes vor: Kontaktreduktion: Der Arbeitgeber &#8230; <a href=\"https:\/\/www.bustreff.de\/busmagazin\/neue-sars-cov-2-arbeitsschutzverordnung\/\" class=\"more-link\">mehr<\/a><\/p>\n","protected":false},"author":6,"featured_media":15500,"comment_status":"closed","ping_status":"closed","sticky":false,"template":"","format":"standard","meta":{"footnotes":""},"categories":[5],"tags":[],"class_list":["post-15497","post","type-post","status-publish","format-standard","has-post-thumbnail","hentry","category-busmagazin"],"_links":{"self":[{"href":"https:\/\/www.bustreff.de\/busmagazin\/wp-json\/wp\/v2\/posts\/15497","targetHints":{"allow":["GET"]}}],"collection":[{"href":"https:\/\/www.bustreff.de\/busmagazin\/wp-json\/wp\/v2\/posts"}],"about":[{"href":"https:\/\/www.bustreff.de\/busmagazin\/wp-json\/wp\/v2\/types\/post"}],"author":[{"embeddable":true,"href":"https:\/\/www.bustreff.de\/busmagazin\/wp-json\/wp\/v2\/users\/6"}],"replies":[{"embeddable":true,"href":"https:\/\/www.bustreff.de\/busmagazin\/wp-json\/wp\/v2\/comments?post=15497"}],"version-history":[{"count":10,"href":"https:\/\/www.bustreff.de\/busmagazin\/wp-json\/wp\/v2\/posts\/15497\/revisions"}],"predecessor-version":[{"id":15508,"href":"https:\/\/www.bustreff.de\/busmagazin\/wp-json\/wp\/v2\/posts\/15497\/revisions\/15508"}],"wp:featuredmedia":[{"embeddable":true,"href":"https:\/\/www.bustreff.de\/busmagazin\/wp-json\/wp\/v2\/media\/15500"}],"wp:attachment":[{"href":"https:\/\/www.bustreff.de\/busmagazin\/wp-json\/wp\/v2\/media?parent=15497"}],"wp:term":[{"taxonomy":"category","embeddable":true,"href":"https:\/\/www.bustreff.de\/busmagazin\/wp-json\/wp\/v2\/categories?post=15497"},{"taxonomy":"post_tag","embeddable":true,"href":"https:\/\/www.bustreff.de\/busmagazin\/wp-json\/wp\/v2\/tags?post=15497"}],"curies":[{"name":"wp","href":"https:\/\/api.w.org\/{rel}","templated":true}]}}