{"id":15536,"date":"2021-01-29T05:30:08","date_gmt":"2021-01-29T04:30:08","guid":{"rendered":"https:\/\/www.bustreff.de\/busmagazin\/?p=15536"},"modified":"2021-02-04T13:42:35","modified_gmt":"2021-02-04T12:42:35","slug":"busmagazin-sonderveroeffentlichung-februar","status":"publish","type":"post","link":"https:\/\/www.bustreff.de\/busmagazin\/busmagazin-sonderveroeffentlichung-februar\/","title":{"rendered":"BUSMAGAZIN: Sonderver\u00f6ffentlichung Februar"},"content":{"rendered":"<div id=\"pl-15536\"  class=\"panel-layout\" ><div id=\"pg-15536-0\"  class=\"panel-grid panel-no-style\" ><div id=\"pgc-15536-0-0\"  class=\"panel-grid-cell\" ><div id=\"panel-15536-0-0-0\" class=\"so-panel widget widget_sow-editor panel-first-child panel-last-child\" data-index=\"0\" ><div\n\t\t\t\n\t\t\tclass=\"so-widget-sow-editor so-widget-sow-editor-base\"\n\t\t\t\n\t\t>\n<div class=\"siteorigin-widget-tinymce textwidget\">\n\t<p>Auch an BUSMAGAZIN und an der Redaktion ist Corona nicht ganz spurlos vorbeigegangen. Wir legen daher die Printausgaben Februar und M\u00e4rz zusammen. Die kommende Doppelnummer liegt dann Anfang M\u00e4rz in Ihrem Postfach.<\/p>\n<p>Trotzdem wollen wir Ihnen einige der spannenden Themen aus dem Februar nicht vorenthalten und Sie bis zum M\u00e4rz vertr\u00f6sten. Daher haben wir eine Artikelauswahl hier im Internet bei BUSMAGAZIN.de ver\u00f6ffentlicht. Wir laden Sie daher zu einer kleinen Themenreise ein, schicken Sie z. B. im Beitrag zum Klimahaus Bremerhaven 8\u00b0 Ost einmal um die Welt \u2013 eben auf dem L\u00e4ngengrad 8\u00b0 Ost. Von Bremerhaven geht\u2019s \u00fcber die Alpen, durch Afrika, Antarktis und die S\u00fcdsee zur\u00fcck in die norddeutsche Hafenstadt.<\/p>\n<p>Zudem entf\u00fchren wir Sie mittels den Mayrhofner Bergbahnen in die alpine Welt rund um den Actionberg Penken und den Genie\u00dferberg Ahorn. Sommer wie Winter bieten die \u00f6sterreichischen Touristiker f\u00fcr ihre G\u00e4ste, ob klein oder gro\u00df, dort oben ein attraktives Freizeitprogramm.<\/p>\n<p>Wer sich wiederum f\u00fcr Verw\u00f6hnaromen f\u00fcr Zunge und Gaumen interessiert, ist sicherlich bei unserem Beitrag zur Edelbrennerei Feller gut aufgehoben. Die S\u00fcddeutschen haben da etliche bek\u00f6mmliche Sch\u00e4tzchen im Programm.<\/p>\n<p>Die Hoffnung auf den September 2021 und damit auf die j\u00e4hrlichen Highlights im Veranstaltungskalender des Landgest\u00fcts Redefin ist vor Ort sp\u00fcrbar. Denn die Protagonisten der ber\u00fchmten Hengstparade scharren schon mit den Hufen und setzen darauf, dass die traditionsreichen Reiterparaden wie geplant im Herbst dieses Jahres stattfinden k\u00f6nnen. Details dazu finden Sie in dem entsprechenden Beitrag.<\/p>\n<p>2021 ist ebenfalls f\u00fcr die j\u00fcdische Gemeinschaft in Deutschland ein ganz wichtiges Jahr. Denn vor 1700 Jahren wurden sie erstmalig in einem kaiserlichen Schreiben an die Stadt K\u00f6ln erw\u00e4hnt. Dem entsprechend nimmt man dieses zum Anlass, ein Festjahr zu begehen. Der K\u00f6lner Verein \u201e321\u20132021: 1 700 Jahre j\u00fcdisches Leben in Deutschland\u201c (#2021JLID) koordiniert und gestaltet dabei die geplanten Festveranstaltungen.<\/p>\n<p>Ihre Redaktion<\/p>\n<p>Hier geht es zu den: <a href=\"https:\/\/www.bustreff.de\/busmagazin\/wp-content\/uploads\/2021\/01\/BM-2-2021-Kurfassung.pdf\" target=\"_blank\" rel=\"noopener\"><strong>Sonderver\u00f6ffentlichungen<\/strong><\/a><\/p>\n<\/div>\n<\/div><\/div><\/div><div id=\"pgc-15536-0-1\"  class=\"panel-grid-cell\" ><div id=\"panel-15536-0-1-0\" class=\"so-panel widget widget_sow-image panel-first-child panel-last-child\" data-index=\"1\" ><div\n\t\t\t\n\t\t\tclass=\"so-widget-sow-image so-widget-sow-image-default-8b5b6f678277-15536\"\n\t\t\t\n\t\t>\n<div class=\"sow-image-container\">\n\t\t<img \n\tsrc=\"https:\/\/www.bustreff.de\/busmagazin\/wp-content\/uploads\/2021\/01\/Titelbildbustreff-364x512.jpg\" width=\"364\" height=\"512\" srcset=\"https:\/\/www.bustreff.de\/busmagazin\/wp-content\/uploads\/2021\/01\/Titelbildbustreff-364x512.jpg 364w, https:\/\/www.bustreff.de\/busmagazin\/wp-content\/uploads\/2021\/01\/Titelbildbustreff-200x281.jpg 200w, https:\/\/www.bustreff.de\/busmagazin\/wp-content\/uploads\/2021\/01\/Titelbildbustreff-107x150.jpg 107w, https:\/\/www.bustreff.de\/busmagazin\/wp-content\/uploads\/2021\/01\/Titelbildbustreff-768x1079.jpg 768w, https:\/\/www.bustreff.de\/busmagazin\/wp-content\/uploads\/2021\/01\/Titelbildbustreff-1093x1536.jpg 1093w, https:\/\/www.bustreff.de\/busmagazin\/wp-content\/uploads\/2021\/01\/Titelbildbustreff.jpg 1240w\" sizes=\"(max-width: 364px) 100vw, 364px\" alt=\"\" \t\tclass=\"so-widget-image\"\/>\n\t<\/div>\n\n<\/div><\/div><\/div><\/div><\/div>","protected":false},"excerpt":{"rendered":"<p>Auch an BUSMAGAZIN und an der Redaktion ist Corona nicht ganz spurlos vorbeigegangen. Wir legen daher die Printausgaben Februar und M\u00e4rz zusammen. Die kommende Doppelnummer liegt dann Anfang M\u00e4rz in Ihrem Postfach. Trotzdem wollen wir Ihnen einige der spannenden Themen aus dem Februar nicht vorenthalten und Sie bis zum M\u00e4rz vertr\u00f6sten. Daher haben wir eine &#8230; <a href=\"https:\/\/www.bustreff.de\/busmagazin\/busmagazin-sonderveroeffentlichung-februar\/\" class=\"more-link\">mehr<\/a><\/p>\n","protected":false},"author":6,"featured_media":15539,"comment_status":"closed","ping_status":"closed","sticky":false,"template":"","format":"standard","meta":{"footnotes":""},"categories":[5],"tags":[],"class_list":["post-15536","post","type-post","status-publish","format-standard","has-post-thumbnail","hentry","category-busmagazin"],"_links":{"self":[{"href":"https:\/\/www.bustreff.de\/busmagazin\/wp-json\/wp\/v2\/posts\/15536","targetHints":{"allow":["GET"]}}],"collection":[{"href":"https:\/\/www.bustreff.de\/busmagazin\/wp-json\/wp\/v2\/posts"}],"about":[{"href":"https:\/\/www.bustreff.de\/busmagazin\/wp-json\/wp\/v2\/types\/post"}],"author":[{"embeddable":true,"href":"https:\/\/www.bustreff.de\/busmagazin\/wp-json\/wp\/v2\/users\/6"}],"replies":[{"embeddable":true,"href":"https:\/\/www.bustreff.de\/busmagazin\/wp-json\/wp\/v2\/comments?post=15536"}],"version-history":[{"count":14,"href":"https:\/\/www.bustreff.de\/busmagazin\/wp-json\/wp\/v2\/posts\/15536\/revisions"}],"predecessor-version":[{"id":15659,"href":"https:\/\/www.bustreff.de\/busmagazin\/wp-json\/wp\/v2\/posts\/15536\/revisions\/15659"}],"wp:featuredmedia":[{"embeddable":true,"href":"https:\/\/www.bustreff.de\/busmagazin\/wp-json\/wp\/v2\/media\/15539"}],"wp:attachment":[{"href":"https:\/\/www.bustreff.de\/busmagazin\/wp-json\/wp\/v2\/media?parent=15536"}],"wp:term":[{"taxonomy":"category","embeddable":true,"href":"https:\/\/www.bustreff.de\/busmagazin\/wp-json\/wp\/v2\/categories?post=15536"},{"taxonomy":"post_tag","embeddable":true,"href":"https:\/\/www.bustreff.de\/busmagazin\/wp-json\/wp\/v2\/tags?post=15536"}],"curies":[{"name":"wp","href":"https:\/\/api.w.org\/{rel}","templated":true}]}}