{"id":15550,"date":"2021-02-01T12:27:47","date_gmt":"2021-02-01T11:27:47","guid":{"rendered":"https:\/\/www.bustreff.de\/busmagazin\/?p=15550"},"modified":"2021-02-01T12:27:55","modified_gmt":"2021-02-01T11:27:55","slug":"verstoesse-gegen-die-coronaeinreisevo-sind-ordnungswidrigkeiten","status":"publish","type":"post","link":"https:\/\/www.bustreff.de\/busmagazin\/verstoesse-gegen-die-coronaeinreisevo-sind-ordnungswidrigkeiten\/","title":{"rendered":"Verst\u00f6\u00dfe gegen die CoronaEinreiseVO sind Ordnungswidrigkeiten"},"content":{"rendered":"<div id=\"pl-15550\"  class=\"panel-layout\" ><div id=\"pg-15550-0\"  class=\"panel-grid panel-no-style\" ><div id=\"pgc-15550-0-0\"  class=\"panel-grid-cell\" ><div id=\"panel-15550-0-0-0\" class=\"so-panel widget widget_sow-editor panel-first-child panel-last-child\" data-index=\"0\" ><div\n\t\t\t\n\t\t\tclass=\"so-widget-sow-editor so-widget-sow-editor-base\"\n\t\t\t\n\t\t>\n<div class=\"siteorigin-widget-tinymce textwidget\">\n\t<p>Der RDA macht aktuell noch einmal deutlich, dass es sich bei Verst\u00f6\u00dfen gegen die CoronaEinreiseVO um Ordnungswidrigkeiten handelt. Seit dem 30. Januar gilt ein bis zum 17. Februar 2021 befristetes Bef\u00f6rderungsverbot f\u00fcr Einreisende aus Virusvarianten-Gebieten nach Deutschland. (Link zur entsprechenden \u201eCoronavirus-Schutzverordnung \u2013 CoronaSchV\u201c (pdf) des Bundesgesundheitsministeriums (BMG) siehe am Textende.)<\/p>\n<p>Dies gilt f\u00fcr den Personenverkehr per Zug, Bus, Schiff und Flug direkt aus L\u00e4ndern, f\u00fcr die das BMG ein besonders hohes SARS-CoV-2-Infektionsrisiko festgestellt hat, weil dort neuartige Varianten des Virus aufgetreten sind.<\/p>\n<p>Ausnahmen von diesem Bef\u00f6rderungsverbot gelten u.a. f\u00fcr Personen mit Wohnsitz und Aufenthaltsrecht in Deutschland oder Personen, die in Deutschland lediglich in einem Transitbereich eines Verkehrsflughafens umsteigen. Geplante Bef\u00f6rderungen von Personen mit Wohnsitz und Aufenthaltsrecht in Deutschland muss der Bef\u00f6rderer mindestens drei Tage vor Einreise dem Bundespolizeipr\u00e4sidium mitteilen. Weitere Ausnahmen entnehmen Sie bitte der Verordnung im Anhang.<\/p>\n<p>Da es an den Grenzen zu Polen, Tschechien und \u00d6sterreich Verst\u00f6\u00dfe gegen die CoronaEinreiseVO auch durch Busunternehmen gegeben hat (z.B. fehlende Digitale Einreiseanmeldung), weist das Bundesverkehrsministerium in diesem Zusammenhang dringlich darauf hin, dass es sich bei Verst\u00f6\u00dfen gegen die CoronaEinreiseVO und die CoronaSchV um Ordnungswidrigkeiten handelt. Nur wenn sich alle an die Regeln halten, k\u00f6nnen weitere Versch\u00e4rfungen bzw. Verl\u00e4ngerungen der Verbote vermieden werden.<\/p>\n<p>Link zur der Verordnung zum Schutz vor einreisebedingten Infektionsgefahren:<\/p>\n<p><a href=\"https:\/\/www.bmvi.de\/SharedDocs\/DE\/Anlage\/K\/Corona\/Banz-AT-21-12-2020.html\">https:\/\/www.bmvi.de\/SharedDocs\/DE\/Anlage\/K\/Corona\/Banz-AT-21-12-2020.html<\/a><\/p>\n<p>&nbsp;<\/p>\n<p>Bildquelle: Daimler AG (Symbolbild)<\/p>\n<\/div>\n<\/div><\/div><\/div><div id=\"pgc-15550-0-1\"  class=\"panel-grid-cell\" ><div id=\"panel-15550-0-1-0\" class=\"so-panel widget widget_sow-image panel-first-child panel-last-child\" data-index=\"1\" ><div\n\t\t\t\n\t\t\tclass=\"so-widget-sow-image so-widget-sow-image-default-8b5b6f678277-15550\"\n\t\t\t\n\t\t>\n<div class=\"sow-image-container\">\n\t\t<img \n\tsrc=\"https:\/\/www.bustreff.de\/busmagazin\/wp-content\/uploads\/2021\/02\/19C0653_010-512x341.jpg\" width=\"512\" height=\"341\" srcset=\"https:\/\/www.bustreff.de\/busmagazin\/wp-content\/uploads\/2021\/02\/19C0653_010-512x341.jpg 512w, https:\/\/www.bustreff.de\/busmagazin\/wp-content\/uploads\/2021\/02\/19C0653_010-200x133.jpg 200w, https:\/\/www.bustreff.de\/busmagazin\/wp-content\/uploads\/2021\/02\/19C0653_010-768x512.jpg 768w, https:\/\/www.bustreff.de\/busmagazin\/wp-content\/uploads\/2021\/02\/19C0653_010-1536x1024.jpg 1536w, https:\/\/www.bustreff.de\/busmagazin\/wp-content\/uploads\/2021\/02\/19C0653_010-2048x1365.jpg 2048w, https:\/\/www.bustreff.de\/busmagazin\/wp-content\/uploads\/2021\/02\/19C0653_010-272x182.jpg 272w\" sizes=\"(max-width: 512px) 100vw, 512px\" title=\"Mercedes-Benz Tourismo, Exterieur, rauchsilber metallic, OM 470 Euro VI mit 265 kW (360 PS), 10,7 L Hubraum, 6-Gang Schaltgetriebe , Active Brake Assist 4, Sideguard Assist, Predictive Powertrain Control, BiXenon-Scheinwerfer, L\u00e4nge\/Breite\/H\u00f6he: 12.295\/2.550\/3.680 mm, Bestuhlung: 1\/49 \n\nMercedes-Benz Tourismo, Exterior, smoke silver metallic, OM 470 Euro VI rated at 265 kW\/360 hp, displacement 10.7 l, 6-speed transmission, Active Brake Assist 4, Sideguard Assist, Predictive Powertrain Control, BiXenon headlamps, length\/width\/height: 12295\/2550\/3680 mm, seating: 1\/49.\" alt=\"\" \t\tclass=\"so-widget-image\"\/>\n\t<\/div>\n\n<\/div><\/div><\/div><\/div><\/div>","protected":false},"excerpt":{"rendered":"<p>Der RDA macht aktuell noch einmal deutlich, dass es sich bei Verst\u00f6\u00dfen gegen die CoronaEinreiseVO um Ordnungswidrigkeiten handelt. Seit dem 30. Januar gilt ein bis zum 17. Februar 2021 befristetes Bef\u00f6rderungsverbot f\u00fcr Einreisende aus Virusvarianten-Gebieten nach Deutschland. (Link zur entsprechenden \u201eCoronavirus-Schutzverordnung \u2013 CoronaSchV\u201c (pdf) des Bundesgesundheitsministeriums (BMG) siehe am Textende.) Dies gilt f\u00fcr den Personenverkehr &#8230; <a href=\"https:\/\/www.bustreff.de\/busmagazin\/verstoesse-gegen-die-coronaeinreisevo-sind-ordnungswidrigkeiten\/\" class=\"more-link\">mehr<\/a><\/p>\n","protected":false},"author":6,"featured_media":15553,"comment_status":"closed","ping_status":"closed","sticky":false,"template":"","format":"standard","meta":{"footnotes":""},"categories":[5],"tags":[],"class_list":["post-15550","post","type-post","status-publish","format-standard","has-post-thumbnail","hentry","category-busmagazin"],"_links":{"self":[{"href":"https:\/\/www.bustreff.de\/busmagazin\/wp-json\/wp\/v2\/posts\/15550","targetHints":{"allow":["GET"]}}],"collection":[{"href":"https:\/\/www.bustreff.de\/busmagazin\/wp-json\/wp\/v2\/posts"}],"about":[{"href":"https:\/\/www.bustreff.de\/busmagazin\/wp-json\/wp\/v2\/types\/post"}],"author":[{"embeddable":true,"href":"https:\/\/www.bustreff.de\/busmagazin\/wp-json\/wp\/v2\/users\/6"}],"replies":[{"embeddable":true,"href":"https:\/\/www.bustreff.de\/busmagazin\/wp-json\/wp\/v2\/comments?post=15550"}],"version-history":[{"count":10,"href":"https:\/\/www.bustreff.de\/busmagazin\/wp-json\/wp\/v2\/posts\/15550\/revisions"}],"predecessor-version":[{"id":15561,"href":"https:\/\/www.bustreff.de\/busmagazin\/wp-json\/wp\/v2\/posts\/15550\/revisions\/15561"}],"wp:featuredmedia":[{"embeddable":true,"href":"https:\/\/www.bustreff.de\/busmagazin\/wp-json\/wp\/v2\/media\/15553"}],"wp:attachment":[{"href":"https:\/\/www.bustreff.de\/busmagazin\/wp-json\/wp\/v2\/media?parent=15550"}],"wp:term":[{"taxonomy":"category","embeddable":true,"href":"https:\/\/www.bustreff.de\/busmagazin\/wp-json\/wp\/v2\/categories?post=15550"},{"taxonomy":"post_tag","embeddable":true,"href":"https:\/\/www.bustreff.de\/busmagazin\/wp-json\/wp\/v2\/tags?post=15550"}],"curies":[{"name":"wp","href":"https:\/\/api.w.org\/{rel}","templated":true}]}}