{"id":16518,"date":"2021-05-04T11:51:46","date_gmt":"2021-05-04T09:51:46","guid":{"rendered":"https:\/\/www.bustreff.de\/busmagazin\/?p=16518"},"modified":"2026-06-26T15:03:37","modified_gmt":"2026-06-26T13:03:37","slug":"zwei-e-busse-von-ebusco-fuer-holbaek-daenemark","status":"publish","type":"post","link":"https:\/\/www.bustreff.de\/busmagazin\/zwei-e-busse-von-ebusco-fuer-holbaek-daenemark\/","title":{"rendered":"Zwei E-Busse von Ebusco f\u00fcr Holbaek, D\u00e4nemark"},"content":{"rendered":"<div id=\"pl-16518\"  class=\"panel-layout\" >\n<div id=\"pg-16518-0\"  class=\"panel-grid panel-no-style\"  data-style=\"{&quot;background_image_attachment&quot;:false,&quot;background_display&quot;:&quot;tile&quot;,&quot;cell_alignment&quot;:&quot;flex-start&quot;}\" >\n<div id=\"pgc-16518-0-0\"  class=\"panel-grid-cell\"  data-weight=\"0.5\" >\n<div id=\"panel-16518-0-0-0\" class=\"so-panel widget widget_sow-editor panel-first-child panel-last-child\" data-index=\"0\" data-style=\"{&quot;background_image_attachment&quot;:false,&quot;background_display&quot;:&quot;tile&quot;}\" >\n<div class=\"so-widget-sow-editor so-widget-sow-editor-base\">\n<div class=\"siteorigin-widget-tinymce textwidget\">\n<p>Ebusco hat seinen zweiten Auftrag in D\u00e4nemark in diesem Jahr an Land gezogen. Diesmal sind es zwei Ebusco2.2 Regional- und Stadtbusse f\u00fcr die Hafenstadt Holbaek in D\u00e4nemark.<\/p>\n<p>Die 12-m-Busse sollen im Oktober\u00a02021 ausgeliefert werden und gehen an den Betreiber DitoBus, ein Unternehmen mit 60 Jahren Erfahrung, das sowohl im Reise- als auch Linien- und Shuttle-Gesch\u00e4ft aktiv ist.<\/p>\n<p>Die Ebusco2.2 haben eine 432-kWh-Batterie an Bord, die f\u00fcr eine Reichweite von 300 km ausreichen soll. DitoBus hat sich f\u00fcr zweit\u00fcrige Busse mit einer maximalen Kapazit\u00e4t von 80 Fahrg\u00e4sten entschieden.<\/p>\n<p>Die Fahrzeuge werden ab diesem Herbst im aktuellen Stadtbusnetz eingesetzt und dienen dazu, Erfahrungen mit den E-Bussen zu sammeln.<\/p>\n<p>&nbsp;<\/p>\n<p>Bildquelle: Ebusco<\/p>\n<\/div>\n<\/div>\n<\/div>\n<\/div>\n<div id=\"pgc-16518-0-1\"  class=\"panel-grid-cell\"  data-weight=\"0.5\" >\n<div id=\"panel-16518-0-1-0\" class=\"so-panel widget widget_sow-image panel-first-child panel-last-child\" data-index=\"1\" data-style=\"{&quot;background_image_attachment&quot;:false,&quot;background_display&quot;:&quot;tile&quot;}\" >\n<div\n\t\t\t\n\t\t\tclass=\"so-widget-sow-image so-widget-sow-image-default-8b5b6f678277\"\n\t\t\t\n\t\t><\/div>\n<\/div>\n<\/div>\n<\/div>\n<\/div>\n","protected":false},"excerpt":{"rendered":"<p>Ebusco hat seinen zweiten Auftrag in D\u00e4nemark in diesem Jahr an Land gezogen. Diesmal sind es zwei Ebusco2.2 Regional- und Stadtbusse f\u00fcr die Hafenstadt Holbaek in D\u00e4nemark. Die 12-m-Busse sollen im Oktober\u00a02021 ausgeliefert werden und gehen an den Betreiber DitoBus, ein Unternehmen mit 60 Jahren Erfahrung, das sowohl im Reise- als auch Linien- und Shuttle-Gesch\u00e4ft &#8230; <a href=\"https:\/\/www.bustreff.de\/busmagazin\/zwei-e-busse-von-ebusco-fuer-holbaek-daenemark\/\" class=\"more-link\">mehr<\/a><\/p>\n","protected":false},"author":6,"featured_media":16519,"comment_status":"closed","ping_status":"closed","sticky":false,"template":"","format":"standard","meta":{"footnotes":""},"categories":[5],"tags":[],"class_list":["post-16518","post","type-post","status-publish","format-standard","has-post-thumbnail","hentry","category-busmagazin"],"_links":{"self":[{"href":"https:\/\/www.bustreff.de\/busmagazin\/wp-json\/wp\/v2\/posts\/16518","targetHints":{"allow":["GET"]}}],"collection":[{"href":"https:\/\/www.bustreff.de\/busmagazin\/wp-json\/wp\/v2\/posts"}],"about":[{"href":"https:\/\/www.bustreff.de\/busmagazin\/wp-json\/wp\/v2\/types\/post"}],"author":[{"embeddable":true,"href":"https:\/\/www.bustreff.de\/busmagazin\/wp-json\/wp\/v2\/users\/6"}],"replies":[{"embeddable":true,"href":"https:\/\/www.bustreff.de\/busmagazin\/wp-json\/wp\/v2\/comments?post=16518"}],"version-history":[{"count":7,"href":"https:\/\/www.bustreff.de\/busmagazin\/wp-json\/wp\/v2\/posts\/16518\/revisions"}],"predecessor-version":[{"id":20328,"href":"https:\/\/www.bustreff.de\/busmagazin\/wp-json\/wp\/v2\/posts\/16518\/revisions\/20328"}],"wp:featuredmedia":[{"embeddable":true,"href":"https:\/\/www.bustreff.de\/busmagazin\/wp-json\/wp\/v2\/media\/16519"}],"wp:attachment":[{"href":"https:\/\/www.bustreff.de\/busmagazin\/wp-json\/wp\/v2\/media?parent=16518"}],"wp:term":[{"taxonomy":"category","embeddable":true,"href":"https:\/\/www.bustreff.de\/busmagazin\/wp-json\/wp\/v2\/categories?post=16518"},{"taxonomy":"post_tag","embeddable":true,"href":"https:\/\/www.bustreff.de\/busmagazin\/wp-json\/wp\/v2\/tags?post=16518"}],"curies":[{"name":"wp","href":"https:\/\/api.w.org\/{rel}","templated":true}]}}