{"id":16570,"date":"2021-05-06T07:20:37","date_gmt":"2021-05-06T05:20:37","guid":{"rendered":"https:\/\/www.bustreff.de\/busmagazin\/?p=16570"},"modified":"2026-06-26T15:03:37","modified_gmt":"2026-06-26T13:03:37","slug":"vw-nfz-der-neue-multivan-kommt-juni-2021","status":"publish","type":"post","link":"https:\/\/www.bustreff.de\/busmagazin\/vw-nfz-der-neue-multivan-kommt-juni-2021\/","title":{"rendered":"VW Nfz: Der neue Multivan kommt Juni 2021"},"content":{"rendered":"<div id=\"pl-16570\"  class=\"panel-layout\" >\n<div id=\"pg-16570-0\"  class=\"panel-grid panel-no-style\"  data-style=\"{&quot;background_image_attachment&quot;:false,&quot;background_display&quot;:&quot;tile&quot;,&quot;cell_alignment&quot;:&quot;flex-start&quot;}\" >\n<div id=\"pgc-16570-0-0\"  class=\"panel-grid-cell\"  data-weight=\"0.5\" >\n<div id=\"panel-16570-0-0-0\" class=\"so-panel widget widget_sow-editor panel-first-child panel-last-child\" data-index=\"0\" data-style=\"{&quot;background_image_attachment&quot;:false,&quot;background_display&quot;:&quot;tile&quot;}\" >\n<div class=\"so-widget-sow-editor so-widget-sow-editor-base\">\n<div class=\"siteorigin-widget-tinymce textwidget\">\n<p>Mit Juni will Volkswagen Nutzfahrzeuge seinen neuen Multivan pr\u00e4sentieren. Aktuell ver\u00f6ffentlicht der Konzern erste Skizzen des Siebensitzers und erkl\u00e4rt traditionelle Designmerkmale. Die Neuentwicklung, die zuk\u00fcnftig auch im Shuttle-Dienst seine Rolle spielen wird, tr\u00e4gt demnach \u201eunverkennbar die Gene des bekanntesten Van-Designs der Welt in sich\u201c, so Chefdesigner Albert Kirzinger.<\/p>\n<p>\u201eWir haben den unverwechselbaren Charakter dieser Ikone in einem gro\u00dfen Schritt weiterentwickelt und bleiben der typischen Bulli-Linie doch treu. Bewusst zitieren wir zum Beispiel die den K\u00f6rper umfassende horizontale Charakter-Linie eines T3\u201c, betont Kirzinger. Das \u201emonolithische Volumen\u201c sei auch eine Hommage an die erste Generation des VW-Bus, die vor mehr als 35 Jahren deb\u00fctierte. Der neue Multivan nimmt zudem ein Stilmittel des T4 auf, dem ersten VW-Transporter mit Frontmotor: die unterhalb der Windschutzscheibe pr\u00e4gnant nach vorn gezogene Motorhaube. Chefdesigner Kirzinger schw\u00e4rmt: \u201eDie DNA der vielseitigen T-Geschichte lebt weiter. In einem komplett neuen Multivan, der doch auf den ersten Blick ein typischer Bulli ist. Mit charaktervollem, sympathischem Blick und klarem, zeitlosem Design.\u201c<\/p>\n<p>&nbsp;<\/p>\n<p>Bild: Der neue Multivan (Designskizze)<\/p>\n<p>Bildquelle: VW Nutzfahrzeuge<\/p>\n<p>&nbsp;<\/p>\n<\/div>\n<\/div>\n<\/div>\n<\/div>\n<div id=\"pgc-16570-0-1\"  class=\"panel-grid-cell\"  data-weight=\"0.5\" >\n<div id=\"panel-16570-0-1-0\" class=\"so-panel widget widget_sow-image panel-first-child panel-last-child\" data-index=\"1\" data-style=\"{&quot;background_image_attachment&quot;:false,&quot;background_display&quot;:&quot;tile&quot;}\" >\n<div\n\t\t\t\n\t\t\tclass=\"so-widget-sow-image so-widget-sow-image-default-8b5b6f678277\"\n\t\t\t\n\t\t><\/div>\n<\/div>\n<\/div>\n<\/div>\n<\/div>\n","protected":false},"excerpt":{"rendered":"<p>Mit Juni will Volkswagen Nutzfahrzeuge seinen neuen Multivan pr\u00e4sentieren. Aktuell ver\u00f6ffentlicht der Konzern erste Skizzen des Siebensitzers und erkl\u00e4rt traditionelle Designmerkmale. Die Neuentwicklung, die zuk\u00fcnftig auch im Shuttle-Dienst seine Rolle spielen wird, tr\u00e4gt demnach \u201eunverkennbar die Gene des bekanntesten Van-Designs der Welt in sich\u201c, so Chefdesigner Albert Kirzinger. \u201eWir haben den unverwechselbaren Charakter dieser Ikone &#8230; <a href=\"https:\/\/www.bustreff.de\/busmagazin\/vw-nfz-der-neue-multivan-kommt-juni-2021\/\" class=\"more-link\">mehr<\/a><\/p>\n","protected":false},"author":6,"featured_media":16571,"comment_status":"closed","ping_status":"closed","sticky":false,"template":"","format":"standard","meta":{"footnotes":""},"categories":[5],"tags":[],"class_list":["post-16570","post","type-post","status-publish","format-standard","has-post-thumbnail","hentry","category-busmagazin"],"_links":{"self":[{"href":"https:\/\/www.bustreff.de\/busmagazin\/wp-json\/wp\/v2\/posts\/16570","targetHints":{"allow":["GET"]}}],"collection":[{"href":"https:\/\/www.bustreff.de\/busmagazin\/wp-json\/wp\/v2\/posts"}],"about":[{"href":"https:\/\/www.bustreff.de\/busmagazin\/wp-json\/wp\/v2\/types\/post"}],"author":[{"embeddable":true,"href":"https:\/\/www.bustreff.de\/busmagazin\/wp-json\/wp\/v2\/users\/6"}],"replies":[{"embeddable":true,"href":"https:\/\/www.bustreff.de\/busmagazin\/wp-json\/wp\/v2\/comments?post=16570"}],"version-history":[{"count":5,"href":"https:\/\/www.bustreff.de\/busmagazin\/wp-json\/wp\/v2\/posts\/16570\/revisions"}],"predecessor-version":[{"id":20321,"href":"https:\/\/www.bustreff.de\/busmagazin\/wp-json\/wp\/v2\/posts\/16570\/revisions\/20321"}],"wp:featuredmedia":[{"embeddable":true,"href":"https:\/\/www.bustreff.de\/busmagazin\/wp-json\/wp\/v2\/media\/16571"}],"wp:attachment":[{"href":"https:\/\/www.bustreff.de\/busmagazin\/wp-json\/wp\/v2\/media?parent=16570"}],"wp:term":[{"taxonomy":"category","embeddable":true,"href":"https:\/\/www.bustreff.de\/busmagazin\/wp-json\/wp\/v2\/categories?post=16570"},{"taxonomy":"post_tag","embeddable":true,"href":"https:\/\/www.bustreff.de\/busmagazin\/wp-json\/wp\/v2\/tags?post=16570"}],"curies":[{"name":"wp","href":"https:\/\/api.w.org\/{rel}","templated":true}]}}