{"id":4187,"date":"2017-12-04T08:05:20","date_gmt":"2017-12-04T07:05:20","guid":{"rendered":"https:\/\/www.bustreff.de\/busmagazin\/?p=4187"},"modified":"2017-11-24T12:07:57","modified_gmt":"2017-11-24T11:07:57","slug":"bruessel-belgische-hauptstadt-fuehrt-2018-umweltzone-ein","status":"publish","type":"post","link":"https:\/\/www.bustreff.de\/busmagazin\/bruessel-belgische-hauptstadt-fuehrt-2018-umweltzone-ein\/","title":{"rendered":"Br\u00fcssel: Belgische Hauptstadt f\u00fchrt 2018 Umweltzone ein"},"content":{"rendered":"<div id=\"pl-4187\"  class=\"panel-layout\" ><div id=\"pg-4187-0\"  class=\"panel-grid panel-no-style\" ><div id=\"pgc-4187-0-0\"  class=\"panel-grid-cell\" ><div id=\"panel-4187-0-0-0\" class=\"so-panel widget widget_sow-editor panel-first-child panel-last-child\" data-index=\"0\" ><div\n\t\t\t\n\t\t\tclass=\"so-widget-sow-editor so-widget-sow-editor-base\"\n\t\t\t\n\t\t>\n<div class=\"siteorigin-widget-tinymce textwidget\">\n\t<p>Nachdem Antwerpen dieses Jahr den ersten Schritt gemacht hat und eine Umweltzone (Low Emission Zone, LEZ) einf\u00fchrte, zieht Br\u00fcssel zum 1.1.2018 nach. Die belgische Hauptstadt schlie\u00dft vorerst Fahrzeuge der Euro-Abgasnorm 0 und 1 vom Verkehr aus. Eine Ausnahmegenehmigung kann f\u00fcr diese Fahrzeuge erkauft werden, jedoch nur als Tagesticket.<\/p>\n<p>Die Einhaltung der Regeln wird mithilfe von intelligenten \u00dcberwachungs-Kameras vorgenommen. Jedes Fahrzeug wird bei der Einfahrt in die Umweltzone gescannt und mit der st\u00e4dtischen Datenbank abgeglichen. Sogar der Strafzettel wird automatisch verschickt, wenn das Fahrzeug nicht registriert oder zu alt ist, um in die LEZ einzufahren.<\/p>\n<p>Neben Antwerpen und Br\u00fcssel wird es im Jahr 2018 mindestens noch die weiteren Umweltzonen Willebroek und Michelen geben. Auch Gent hat bereits die Einf\u00fchrung einer Umweltzone beschlossen. Somit werden die drei gr\u00f6\u00dften belgischen St\u00e4dte bald Umweltzonen mit sehr unterschiedlichen Einfahrbestimmungen haben, welche von Touristen, Logistikern und Busunternehmen regelm\u00e4\u00dfig durchfahren werden.<\/p>\n<p>\u00a0<\/p>\n<p>Bildquelle: Green-Zones GmbH<\/p>\n<p>\u00a0<\/p>\n<\/div>\n<\/div><\/div><\/div><div id=\"pgc-4187-0-1\"  class=\"panel-grid-cell\" ><div id=\"panel-4187-0-1-0\" class=\"so-panel widget widget_sow-image panel-first-child panel-last-child\" data-index=\"1\" ><div\n\t\t\t\n\t\t\tclass=\"so-widget-sow-image so-widget-sow-image-default-8b5b6f678277-4187\"\n\t\t\t\n\t\t>\n<div class=\"sow-image-container\">\n\t\t<img \n\tsrc=\"https:\/\/www.bustreff.de\/busmagazin\/wp-content\/uploads\/2017\/11\/1q.png\" width=\"375\" height=\"363\" srcset=\"https:\/\/www.bustreff.de\/busmagazin\/wp-content\/uploads\/2017\/11\/1q.png 375w, https:\/\/www.bustreff.de\/busmagazin\/wp-content\/uploads\/2017\/11\/1q-155x150.png 155w, https:\/\/www.bustreff.de\/busmagazin\/wp-content\/uploads\/2017\/11\/1q-200x194.png 200w\" sizes=\"(max-width: 375px) 100vw, 375px\" alt=\"\" \t\tclass=\"so-widget-image\"\/>\n\t<\/div>\n\n<\/div><\/div><\/div><\/div><\/div>","protected":false},"excerpt":{"rendered":"<p>Nachdem Antwerpen dieses Jahr den ersten Schritt gemacht hat und eine Umweltzone (Low Emission Zone, LEZ) einf\u00fchrte, zieht Br\u00fcssel zum 1.1.2018 nach. Die belgische Hauptstadt schlie\u00dft vorerst Fahrzeuge der Euro-Abgasnorm 0 und 1 vom Verkehr aus. Eine Ausnahmegenehmigung kann f\u00fcr diese Fahrzeuge erkauft werden, jedoch nur als Tagesticket. Die Einhaltung der Regeln wird mithilfe von &#8230; <a href=\"https:\/\/www.bustreff.de\/busmagazin\/bruessel-belgische-hauptstadt-fuehrt-2018-umweltzone-ein\/\" class=\"more-link\">mehr<\/a><\/p>\n","protected":false},"author":6,"featured_media":4188,"comment_status":"closed","ping_status":"closed","sticky":false,"template":"","format":"standard","meta":{"footnotes":""},"categories":[5],"tags":[],"class_list":["post-4187","post","type-post","status-publish","format-standard","has-post-thumbnail","hentry","category-busmagazin"],"_links":{"self":[{"href":"https:\/\/www.bustreff.de\/busmagazin\/wp-json\/wp\/v2\/posts\/4187","targetHints":{"allow":["GET"]}}],"collection":[{"href":"https:\/\/www.bustreff.de\/busmagazin\/wp-json\/wp\/v2\/posts"}],"about":[{"href":"https:\/\/www.bustreff.de\/busmagazin\/wp-json\/wp\/v2\/types\/post"}],"author":[{"embeddable":true,"href":"https:\/\/www.bustreff.de\/busmagazin\/wp-json\/wp\/v2\/users\/6"}],"replies":[{"embeddable":true,"href":"https:\/\/www.bustreff.de\/busmagazin\/wp-json\/wp\/v2\/comments?post=4187"}],"version-history":[{"count":4,"href":"https:\/\/www.bustreff.de\/busmagazin\/wp-json\/wp\/v2\/posts\/4187\/revisions"}],"predecessor-version":[{"id":4192,"href":"https:\/\/www.bustreff.de\/busmagazin\/wp-json\/wp\/v2\/posts\/4187\/revisions\/4192"}],"wp:featuredmedia":[{"embeddable":true,"href":"https:\/\/www.bustreff.de\/busmagazin\/wp-json\/wp\/v2\/media\/4188"}],"wp:attachment":[{"href":"https:\/\/www.bustreff.de\/busmagazin\/wp-json\/wp\/v2\/media?parent=4187"}],"wp:term":[{"taxonomy":"category","embeddable":true,"href":"https:\/\/www.bustreff.de\/busmagazin\/wp-json\/wp\/v2\/categories?post=4187"},{"taxonomy":"post_tag","embeddable":true,"href":"https:\/\/www.bustreff.de\/busmagazin\/wp-json\/wp\/v2\/tags?post=4187"}],"curies":[{"name":"wp","href":"https:\/\/api.w.org\/{rel}","templated":true}]}}