{"id":4218,"date":"2017-12-06T07:38:39","date_gmt":"2017-12-06T06:38:39","guid":{"rendered":"https:\/\/www.bustreff.de\/busmagazin\/?p=4218"},"modified":"2017-11-30T11:41:04","modified_gmt":"2017-11-30T10:41:04","slug":"laengerer-handlauf-bei-daimler","status":"publish","type":"post","link":"https:\/\/www.bustreff.de\/busmagazin\/laengerer-handlauf-bei-daimler\/","title":{"rendered":"L\u00e4ngerer Handlauf bei Daimler"},"content":{"rendered":"<div id=\"pl-4218\"  class=\"panel-layout\" ><div id=\"pg-4218-0\"  class=\"panel-grid panel-no-style\" ><div id=\"pgc-4218-0-0\"  class=\"panel-grid-cell\" ><div id=\"panel-4218-0-0-0\" class=\"so-panel widget widget_sow-editor panel-first-child panel-last-child\" data-index=\"0\" ><div\n\t\t\t\n\t\t\tclass=\"so-widget-sow-editor so-widget-sow-editor-base\"\n\t\t\t\n\t\t>\n<div class=\"siteorigin-widget-tinymce textwidget\">\n\t<p>\u00a0Die Konstrukteure von Daimler Buses haben bei ihren Reisewagen der Marken Mercedes-Benz und Setra im Bereich des hinteren Einstiegs mit einem deutlich verl\u00e4ngerten Handlauf eine zus\u00e4tzliche Haltem\u00f6glichkeit geschaffen. Die \u00c4nderung, die auf Anregung des Sozialverbandes VdK Nordrhein-Westfalen durchgef\u00fchrt wurde, soll speziell bei Personen mit k\u00f6rperlichen Einschr\u00e4nkungen f\u00fcr noch mehr Trittfestigkeit, Sicherheit und Komfort sorgen.<\/p>\n<p>Die neue Variante des Handlaufs entspricht auch den gesetzlichen Richtlinien nach ECE-\u00a0R\u00a0107 und ist ab April 2018 in allen Reisebussen der beiden Marken erh\u00e4ltlich \u2013 allerdings nur als Sonderausstattung.<\/p>\n<p>\u00a0<\/p>\n<p>Bildquelle:Daimler<\/p>\n<\/div>\n<\/div><\/div><\/div><div id=\"pgc-4218-0-1\"  class=\"panel-grid-cell\" ><div id=\"panel-4218-0-1-0\" class=\"so-panel widget widget_sow-image panel-first-child panel-last-child\" data-index=\"1\" ><div\n\t\t\t\n\t\t\tclass=\"so-widget-sow-image so-widget-sow-image-default-8b5b6f678277-4218\"\n\t\t\t\n\t\t>\n<div class=\"sow-image-container\">\n\t\t<img \n\tsrc=\"https:\/\/www.bustreff.de\/busmagazin\/wp-content\/uploads\/2017\/11\/17C957_01-340x512.jpg\" width=\"340\" height=\"512\" srcset=\"https:\/\/www.bustreff.de\/busmagazin\/wp-content\/uploads\/2017\/11\/17C957_01-340x512.jpg 340w, https:\/\/www.bustreff.de\/busmagazin\/wp-content\/uploads\/2017\/11\/17C957_01-100x150.jpg 100w, https:\/\/www.bustreff.de\/busmagazin\/wp-content\/uploads\/2017\/11\/17C957_01-200x301.jpg 200w, https:\/\/www.bustreff.de\/busmagazin\/wp-content\/uploads\/2017\/11\/17C957_01-768x1156.jpg 768w\" sizes=\"(max-width: 340px) 100vw, 340px\" title=\"Daimler Buses macht den Ein- und Ausstieg in den Reisebussen der Marken Mercedes-Benz und Setra noch einfacher.\" alt=\"\" \t\tclass=\"so-widget-image\"\/>\n\t<\/div>\n\n<\/div><\/div><\/div><\/div><\/div>","protected":false},"excerpt":{"rendered":"<p>\u00a0Die Konstrukteure von Daimler Buses haben bei ihren Reisewagen der Marken Mercedes-Benz und Setra im Bereich des hinteren Einstiegs mit einem deutlich verl\u00e4ngerten Handlauf eine zus\u00e4tzliche Haltem\u00f6glichkeit geschaffen. Die \u00c4nderung, die auf Anregung des Sozialverbandes VdK Nordrhein-Westfalen durchgef\u00fchrt wurde, soll speziell bei Personen mit k\u00f6rperlichen Einschr\u00e4nkungen f\u00fcr noch mehr Trittfestigkeit, Sicherheit und Komfort sorgen. Die &#8230; <a href=\"https:\/\/www.bustreff.de\/busmagazin\/laengerer-handlauf-bei-daimler\/\" class=\"more-link\">mehr<\/a><\/p>\n","protected":false},"author":6,"featured_media":4221,"comment_status":"closed","ping_status":"closed","sticky":false,"template":"","format":"standard","meta":{"footnotes":""},"categories":[5],"tags":[],"class_list":["post-4218","post","type-post","status-publish","format-standard","has-post-thumbnail","hentry","category-busmagazin"],"_links":{"self":[{"href":"https:\/\/www.bustreff.de\/busmagazin\/wp-json\/wp\/v2\/posts\/4218","targetHints":{"allow":["GET"]}}],"collection":[{"href":"https:\/\/www.bustreff.de\/busmagazin\/wp-json\/wp\/v2\/posts"}],"about":[{"href":"https:\/\/www.bustreff.de\/busmagazin\/wp-json\/wp\/v2\/types\/post"}],"author":[{"embeddable":true,"href":"https:\/\/www.bustreff.de\/busmagazin\/wp-json\/wp\/v2\/users\/6"}],"replies":[{"embeddable":true,"href":"https:\/\/www.bustreff.de\/busmagazin\/wp-json\/wp\/v2\/comments?post=4218"}],"version-history":[{"count":4,"href":"https:\/\/www.bustreff.de\/busmagazin\/wp-json\/wp\/v2\/posts\/4218\/revisions"}],"predecessor-version":[{"id":4223,"href":"https:\/\/www.bustreff.de\/busmagazin\/wp-json\/wp\/v2\/posts\/4218\/revisions\/4223"}],"wp:featuredmedia":[{"embeddable":true,"href":"https:\/\/www.bustreff.de\/busmagazin\/wp-json\/wp\/v2\/media\/4221"}],"wp:attachment":[{"href":"https:\/\/www.bustreff.de\/busmagazin\/wp-json\/wp\/v2\/media?parent=4218"}],"wp:term":[{"taxonomy":"category","embeddable":true,"href":"https:\/\/www.bustreff.de\/busmagazin\/wp-json\/wp\/v2\/categories?post=4218"},{"taxonomy":"post_tag","embeddable":true,"href":"https:\/\/www.bustreff.de\/busmagazin\/wp-json\/wp\/v2\/tags?post=4218"}],"curies":[{"name":"wp","href":"https:\/\/api.w.org\/{rel}","templated":true}]}}