{"id":4247,"date":"2017-12-04T11:21:33","date_gmt":"2017-12-04T10:21:33","guid":{"rendered":"https:\/\/www.bustreff.de\/busmagazin\/?p=4247"},"modified":"2017-12-04T11:21:33","modified_gmt":"2017-12-04T10:21:33","slug":"tag-der-bustouristik-in-saarbruecken-am-8-januar-2018","status":"publish","type":"post","link":"https:\/\/www.bustreff.de\/busmagazin\/tag-der-bustouristik-in-saarbruecken-am-8-januar-2018\/","title":{"rendered":"Tag der Bustouristik in Saarbr\u00fccken am 8. Januar 2018"},"content":{"rendered":"<div id=\"pl-4247\"  class=\"panel-layout\" ><div id=\"pg-4247-0\"  class=\"panel-grid panel-no-style\" ><div id=\"pgc-4247-0-0\"  class=\"panel-grid-cell\" ><div id=\"panel-4247-0-0-0\" class=\"so-panel widget widget_sow-editor panel-first-child panel-last-child\" data-index=\"0\" ><div\n\t\t\t\n\t\t\tclass=\"so-widget-sow-editor so-widget-sow-editor-base\"\n\t\t\t\n\t\t>\n<div class=\"siteorigin-widget-tinymce textwidget\">\n\t<p>Das Saarbr\u00fccker Schloss ist Treffpunkt f\u00fcr den 36. Tag der Bustouristik. Thema des traditionellen Jahresauftaktes unter dem Dach des RDA ist \"<strong>Themenreisen \u2013 Dom\u00e4ne der Bus- und Gruppentouristik?<\/strong>\".<\/p>\n<p>G\u00e4ste und Redner auf dem Tag der Bustouristik sind u.a. Benedikt Esser (Pr\u00e4sident des RDA), Tina Behringer (Behringer Touristik \/ Pr\u00e4sidentin des VPR), Dr. Ulrich Basteck (W\u00f6rlitz Tourist \/ Vizepr\u00e4sident des RDA), Christian St\u00fcckl (Spielleiter Passionsspiele Oberammergau) und Claudia Schwarz (Vorsitzende UNESCO Welterbest\u00e4tten Deutschland e.V.).\u00a0<\/p>\n<p>Die Teilnahme ist f\u00fcr Fachleute aus der Busbranche <strong>kostenlos<\/strong>. Weitere Informationen und Anmeldung unter:\u00a0<br \/><strong><a href=\"http:\/\/www.tag-der-bustouristik.de\/\" target=\"_blank\" rel=\"noopener\">http:\/\/www.tag-der-bustouristik.de\/<\/a><\/strong><\/p>\n<p>\u00a0<\/p>\n<\/div>\n<\/div><\/div><\/div><div id=\"pgc-4247-0-1\"  class=\"panel-grid-cell\" ><div id=\"panel-4247-0-1-0\" class=\"so-panel widget widget_sow-image panel-first-child panel-last-child\" data-index=\"1\" ><div\n\t\t\t\n\t\t\tclass=\"so-widget-sow-image so-widget-sow-image-default-8b5b6f678277-4247\"\n\t\t\t\n\t\t>\n<div class=\"sow-image-container\">\n\t\t<img \n\tsrc=\"https:\/\/www.bustreff.de\/busmagazin\/wp-content\/uploads\/2017\/12\/tdb_2-512x341.png\" width=\"512\" height=\"341\" srcset=\"https:\/\/www.bustreff.de\/busmagazin\/wp-content\/uploads\/2017\/12\/tdb_2.png 512w, https:\/\/www.bustreff.de\/busmagazin\/wp-content\/uploads\/2017\/12\/tdb_2-200x133.png 200w, https:\/\/www.bustreff.de\/busmagazin\/wp-content\/uploads\/2017\/12\/tdb_2-272x182.png 272w\" sizes=\"(max-width: 512px) 100vw, 512px\" alt=\"\" \t\tclass=\"so-widget-image\"\/>\n\t<\/div>\n\n<\/div><\/div><\/div><\/div><\/div>","protected":false},"excerpt":{"rendered":"<p>Das Saarbr\u00fccker Schloss ist Treffpunkt f\u00fcr den 36. Tag der Bustouristik. Thema des traditionellen Jahresauftaktes unter dem Dach des RDA ist &#8222;Themenreisen \u2013 Dom\u00e4ne der Bus- und Gruppentouristik?&#8220;. G\u00e4ste und Redner auf dem Tag der Bustouristik sind u.a. Benedikt Esser (Pr\u00e4sident des RDA), Tina Behringer (Behringer Touristik \/ Pr\u00e4sidentin des VPR), Dr. Ulrich Basteck (W\u00f6rlitz &#8230; <a href=\"https:\/\/www.bustreff.de\/busmagazin\/tag-der-bustouristik-in-saarbruecken-am-8-januar-2018\/\" class=\"more-link\">mehr<\/a><\/p>\n","protected":false},"author":1,"featured_media":4246,"comment_status":"closed","ping_status":"closed","sticky":false,"template":"","format":"standard","meta":{"footnotes":""},"categories":[6],"tags":[],"class_list":["post-4247","post","type-post","status-publish","format-standard","has-post-thumbnail","hentry","category-bustreff-de"],"_links":{"self":[{"href":"https:\/\/www.bustreff.de\/busmagazin\/wp-json\/wp\/v2\/posts\/4247","targetHints":{"allow":["GET"]}}],"collection":[{"href":"https:\/\/www.bustreff.de\/busmagazin\/wp-json\/wp\/v2\/posts"}],"about":[{"href":"https:\/\/www.bustreff.de\/busmagazin\/wp-json\/wp\/v2\/types\/post"}],"author":[{"embeddable":true,"href":"https:\/\/www.bustreff.de\/busmagazin\/wp-json\/wp\/v2\/users\/1"}],"replies":[{"embeddable":true,"href":"https:\/\/www.bustreff.de\/busmagazin\/wp-json\/wp\/v2\/comments?post=4247"}],"version-history":[{"count":11,"href":"https:\/\/www.bustreff.de\/busmagazin\/wp-json\/wp\/v2\/posts\/4247\/revisions"}],"predecessor-version":[{"id":4259,"href":"https:\/\/www.bustreff.de\/busmagazin\/wp-json\/wp\/v2\/posts\/4247\/revisions\/4259"}],"wp:featuredmedia":[{"embeddable":true,"href":"https:\/\/www.bustreff.de\/busmagazin\/wp-json\/wp\/v2\/media\/4246"}],"wp:attachment":[{"href":"https:\/\/www.bustreff.de\/busmagazin\/wp-json\/wp\/v2\/media?parent=4247"}],"wp:term":[{"taxonomy":"category","embeddable":true,"href":"https:\/\/www.bustreff.de\/busmagazin\/wp-json\/wp\/v2\/categories?post=4247"},{"taxonomy":"post_tag","embeddable":true,"href":"https:\/\/www.bustreff.de\/busmagazin\/wp-json\/wp\/v2\/tags?post=4247"}],"curies":[{"name":"wp","href":"https:\/\/api.w.org\/{rel}","templated":true}]}}