{"id":4629,"date":"2018-01-07T08:29:36","date_gmt":"2018-01-07T07:29:36","guid":{"rendered":"https:\/\/www.bustreff.de\/busmagazin\/?p=4629"},"modified":"2018-01-04T18:32:53","modified_gmt":"2018-01-04T17:32:53","slug":"celestyal-cruises-mehr-kreuzfahrten-in-der-aegaeis","status":"publish","type":"post","link":"https:\/\/www.bustreff.de\/busmagazin\/celestyal-cruises-mehr-kreuzfahrten-in-der-aegaeis\/","title":{"rendered":"Celestyal Cruises: Mehr Kreuzfahrten in der \u00c4g\u00e4is"},"content":{"rendered":"<div id=\"pl-4629\"  class=\"panel-layout\" ><div id=\"pg-4629-0\"  class=\"panel-grid panel-no-style\" ><div id=\"pgc-4629-0-0\"  class=\"panel-grid-cell\" ><div id=\"panel-4629-0-0-0\" class=\"so-panel widget widget_sow-editor panel-first-child panel-last-child\" data-index=\"0\" ><div\n\t\t\t\n\t\t\tclass=\"so-widget-sow-editor so-widget-sow-editor-base\"\n\t\t\t\n\t\t>\n<div class=\"siteorigin-widget-tinymce textwidget\">\n\t<p>Celestyal Cruises verl\u00e4ngert die Kreuzfahrtsaison 2018 in der \u00c4g\u00e4is. Das gab H&amp;H Touristik als Generalagentur der Reederei bekannt. Grund f\u00fcr die Entscheidung sei die sehr hohe Nachfrage f\u00fcr Kreuzfahrten in der \u00c4g\u00e4is, hie\u00df es. Ins Programm genommen wurden zwei weitere 3-Tages-Kreuzfahrten, die am 2. November und am 9. November 2018 starten. Auch die 4-Tages-Kreuzfahrt durch die \u00c4g\u00e4is wird mit den Abfahrtsterminen 29. Oktober und 5. November 2018 ausgebaut.<\/p>\n<p>Alle \u00c4g\u00e4is-Kreuzfahrten starten und enden in Pir\u00e4us, die 3- und 4-Tage-Kreuzfahrten machen Station in f\u00fcnf und sechs H\u00e4fen. Die 3-Tage-Kreuzfahrten legen in Mykonos, Samos oder Kusadasi, Patmos, Heraklion und Santorini an. Die 4-Tagesfahrten legen zus\u00e4tzlich in Rhodos an. Beide Programme beinhalten einen ganzen Nachmittag auf Santorini, die 4-Tage-Kreuzfahrt enth\u00e4lt dar\u00fcber hinaus einen zus\u00e4tzlichen ganzen Tag auf Rhodos.<\/p>\n<p>Weitere Informationen unter <a href=\"http:\/\/www.hht-gruppenreisen.de\">www.hht-gruppenreisen.de<\/a> und <a href=\"http:\/\/www.celestyalcruises-deutschland.de\">www.celestyalcruises-deutschland.de<\/a><\/p>\n<p>\u00a0<\/p>\n<p>Bildquelle: H&amp;H Touristik\/Celestyal Cruises<\/p>\n<\/div>\n<\/div><\/div><\/div><div id=\"pgc-4629-0-1\"  class=\"panel-grid-cell\" ><div id=\"panel-4629-0-1-0\" class=\"so-panel widget widget_sow-image panel-first-child panel-last-child\" data-index=\"1\" ><div\n\t\t\t\n\t\t\tclass=\"so-widget-sow-image so-widget-sow-image-default-8b5b6f678277-4629\"\n\t\t\t\n\t\t>\n<div class=\"sow-image-container\">\n\t\t<img \n\tsrc=\"https:\/\/www.bustreff.de\/busmagazin\/wp-content\/uploads\/2018\/01\/celestyal-web-512x274.jpg\" width=\"512\" height=\"274\" srcset=\"https:\/\/www.bustreff.de\/busmagazin\/wp-content\/uploads\/2018\/01\/celestyal-web-512x274.jpg 512w, https:\/\/www.bustreff.de\/busmagazin\/wp-content\/uploads\/2018\/01\/celestyal-web-200x107.jpg 200w, https:\/\/www.bustreff.de\/busmagazin\/wp-content\/uploads\/2018\/01\/celestyal-web-768x412.jpg 768w, https:\/\/www.bustreff.de\/busmagazin\/wp-content\/uploads\/2018\/01\/celestyal-web.jpg 1000w\" sizes=\"(max-width: 512px) 100vw, 512px\" alt=\"\" \t\tclass=\"so-widget-image\"\/>\n\t<\/div>\n\n<\/div><\/div><\/div><\/div><\/div>","protected":false},"excerpt":{"rendered":"<p>Celestyal Cruises verl\u00e4ngert die Kreuzfahrtsaison 2018 in der \u00c4g\u00e4is. Das gab H&amp;H Touristik als Generalagentur der Reederei bekannt. Grund f\u00fcr die Entscheidung sei die sehr hohe Nachfrage f\u00fcr Kreuzfahrten in der \u00c4g\u00e4is, hie\u00df es. Ins Programm genommen wurden zwei weitere 3-Tages-Kreuzfahrten, die am 2. November und am 9. November 2018 starten. Auch die 4-Tages-Kreuzfahrt durch &#8230; <a href=\"https:\/\/www.bustreff.de\/busmagazin\/celestyal-cruises-mehr-kreuzfahrten-in-der-aegaeis\/\" class=\"more-link\">mehr<\/a><\/p>\n","protected":false},"author":10,"featured_media":4630,"comment_status":"closed","ping_status":"closed","sticky":false,"template":"","format":"standard","meta":{"footnotes":""},"categories":[5],"tags":[],"class_list":["post-4629","post","type-post","status-publish","format-standard","has-post-thumbnail","hentry","category-busmagazin"],"_links":{"self":[{"href":"https:\/\/www.bustreff.de\/busmagazin\/wp-json\/wp\/v2\/posts\/4629","targetHints":{"allow":["GET"]}}],"collection":[{"href":"https:\/\/www.bustreff.de\/busmagazin\/wp-json\/wp\/v2\/posts"}],"about":[{"href":"https:\/\/www.bustreff.de\/busmagazin\/wp-json\/wp\/v2\/types\/post"}],"author":[{"embeddable":true,"href":"https:\/\/www.bustreff.de\/busmagazin\/wp-json\/wp\/v2\/users\/10"}],"replies":[{"embeddable":true,"href":"https:\/\/www.bustreff.de\/busmagazin\/wp-json\/wp\/v2\/comments?post=4629"}],"version-history":[{"count":5,"href":"https:\/\/www.bustreff.de\/busmagazin\/wp-json\/wp\/v2\/posts\/4629\/revisions"}],"predecessor-version":[{"id":4635,"href":"https:\/\/www.bustreff.de\/busmagazin\/wp-json\/wp\/v2\/posts\/4629\/revisions\/4635"}],"wp:featuredmedia":[{"embeddable":true,"href":"https:\/\/www.bustreff.de\/busmagazin\/wp-json\/wp\/v2\/media\/4630"}],"wp:attachment":[{"href":"https:\/\/www.bustreff.de\/busmagazin\/wp-json\/wp\/v2\/media?parent=4629"}],"wp:term":[{"taxonomy":"category","embeddable":true,"href":"https:\/\/www.bustreff.de\/busmagazin\/wp-json\/wp\/v2\/categories?post=4629"},{"taxonomy":"post_tag","embeddable":true,"href":"https:\/\/www.bustreff.de\/busmagazin\/wp-json\/wp\/v2\/tags?post=4629"}],"curies":[{"name":"wp","href":"https:\/\/api.w.org\/{rel}","templated":true}]}}