{"id":4643,"date":"2018-01-13T08:00:37","date_gmt":"2018-01-13T07:00:37","guid":{"rendered":"https:\/\/www.bustreff.de\/busmagazin\/?p=4643"},"modified":"2018-01-11T10:05:43","modified_gmt":"2018-01-11T09:05:43","slug":"daimler-der-neue-evito-faehrt-100-150-km-elektrisch","status":"publish","type":"post","link":"https:\/\/www.bustreff.de\/busmagazin\/daimler-der-neue-evito-faehrt-100-150-km-elektrisch\/","title":{"rendered":"Daimler: Der neue eVito f\u00e4hrt 100-150 km elektrisch"},"content":{"rendered":"<div id=\"pl-4643\"  class=\"panel-layout\" ><div id=\"pg-4643-0\"  class=\"panel-grid panel-no-style\" ><div id=\"pgc-4643-0-0\"  class=\"panel-grid-cell\" ><div id=\"panel-4643-0-0-0\" class=\"so-panel widget widget_sow-editor panel-first-child panel-last-child\" data-index=\"0\" ><div\n\t\t\t\n\t\t\tclass=\"so-widget-sow-editor so-widget-sow-editor-base\"\n\t\t\t\n\t\t>\n<div class=\"siteorigin-widget-tinymce textwidget\">\n\t<p>Mercedes-Benz Vans hat im November 2017 angek\u00fcndigt, alle Transportermodelle im gewerblichen Segment auch mit Elektroantrieb anzubieten. <br \/>Den Anfang macht der eVito, der seit Ende November 2017 bestellbar und ab der zweiten Jahresh\u00e4lfte 2018 f\u00fcr Kunden erh\u00e4ltlich ist. Mit einer installierten Batteriekapazit\u00e4t von rund 41\u00a0kWh wird die Reichweite des neuen eVito bei rund 150\u00a0km liegen. Selbst bei ung\u00fcnstigen Rahmenbedingungen wie niedrigen Au\u00dfentemperaturen und voller Beladung steht eine Reichweite von 100\u00a0km zur Verf\u00fcgung \u2013 verspricht Daimler. Damit bringe der Midsize Van beste Voraussetzungen beispielsweise f\u00fcr den innerst\u00e4dtischen Liefer-, Gewerbe- und Personenverkehr mit. Weitere Elektromodelle des Sprinter und des kleinen Transporters Citan (Basis Renault Kangoo) folgen demnach 2019.<\/p>\n<p>\u00a0<\/p>\n<p>Bildquelle: Daimler<\/p>\n<\/div>\n<\/div><\/div><\/div><div id=\"pgc-4643-0-1\"  class=\"panel-grid-cell\" ><div id=\"panel-4643-0-1-0\" class=\"so-panel widget widget_sow-image panel-first-child panel-last-child\" data-index=\"1\" ><div\n\t\t\t\n\t\t\tclass=\"so-widget-sow-image so-widget-sow-image-default-8b5b6f678277-4643\"\n\t\t\t\n\t\t>\n<div class=\"sow-image-container\">\n\t\t<img \n\tsrc=\"https:\/\/www.bustreff.de\/busmagazin\/wp-content\/uploads\/2018\/01\/17C1012_01-512x341.jpg\" width=\"512\" height=\"341\" srcset=\"https:\/\/www.bustreff.de\/busmagazin\/wp-content\/uploads\/2018\/01\/17C1012_01-512x341.jpg 512w, https:\/\/www.bustreff.de\/busmagazin\/wp-content\/uploads\/2018\/01\/17C1012_01-200x133.jpg 200w, https:\/\/www.bustreff.de\/busmagazin\/wp-content\/uploads\/2018\/01\/17C1012_01-768x512.jpg 768w, https:\/\/www.bustreff.de\/busmagazin\/wp-content\/uploads\/2018\/01\/17C1012_01-272x182.jpg 272w\" sizes=\"(max-width: 512px) 100vw, 512px\" title=\"Der Midsize-Van Vito legte 2017 beim Absatz deutlich zu und erreichte einen neuen Gesamtjahresrekord. Der eVito mit Elektroantrieb ist seit Ende November 2017 bestellbar und ab der zweiten Jahresh\u00e4lfte 2018 f\u00fcr Kunden erh\u00e4ltlich. \n\nSales of the midsize van Vito increased significantly in 2017, setting a new record for the full year. Orders for the eVito with electric drive have been taken since late November 2017, with deliveries to start in the second half of 2018.\" alt=\"\" \t\tclass=\"so-widget-image\"\/>\n\t<\/div>\n\n<\/div><\/div><\/div><\/div><\/div>","protected":false},"excerpt":{"rendered":"<p>Mercedes-Benz Vans hat im November 2017 angek\u00fcndigt, alle Transportermodelle im gewerblichen Segment auch mit Elektroantrieb anzubieten. Den Anfang macht der eVito, der seit Ende November 2017 bestellbar und ab der zweiten Jahresh\u00e4lfte 2018 f\u00fcr Kunden erh\u00e4ltlich ist. Mit einer installierten Batteriekapazit\u00e4t von rund 41\u00a0kWh wird die Reichweite des neuen eVito bei rund 150\u00a0km liegen. Selbst &#8230; <a href=\"https:\/\/www.bustreff.de\/busmagazin\/daimler-der-neue-evito-faehrt-100-150-km-elektrisch\/\" class=\"more-link\">mehr<\/a><\/p>\n","protected":false},"author":6,"featured_media":4648,"comment_status":"closed","ping_status":"closed","sticky":false,"template":"","format":"standard","meta":{"footnotes":""},"categories":[5],"tags":[],"class_list":["post-4643","post","type-post","status-publish","format-standard","has-post-thumbnail","hentry","category-busmagazin"],"_links":{"self":[{"href":"https:\/\/www.bustreff.de\/busmagazin\/wp-json\/wp\/v2\/posts\/4643","targetHints":{"allow":["GET"]}}],"collection":[{"href":"https:\/\/www.bustreff.de\/busmagazin\/wp-json\/wp\/v2\/posts"}],"about":[{"href":"https:\/\/www.bustreff.de\/busmagazin\/wp-json\/wp\/v2\/types\/post"}],"author":[{"embeddable":true,"href":"https:\/\/www.bustreff.de\/busmagazin\/wp-json\/wp\/v2\/users\/6"}],"replies":[{"embeddable":true,"href":"https:\/\/www.bustreff.de\/busmagazin\/wp-json\/wp\/v2\/comments?post=4643"}],"version-history":[{"count":7,"href":"https:\/\/www.bustreff.de\/busmagazin\/wp-json\/wp\/v2\/posts\/4643\/revisions"}],"predecessor-version":[{"id":4674,"href":"https:\/\/www.bustreff.de\/busmagazin\/wp-json\/wp\/v2\/posts\/4643\/revisions\/4674"}],"wp:featuredmedia":[{"embeddable":true,"href":"https:\/\/www.bustreff.de\/busmagazin\/wp-json\/wp\/v2\/media\/4648"}],"wp:attachment":[{"href":"https:\/\/www.bustreff.de\/busmagazin\/wp-json\/wp\/v2\/media?parent=4643"}],"wp:term":[{"taxonomy":"category","embeddable":true,"href":"https:\/\/www.bustreff.de\/busmagazin\/wp-json\/wp\/v2\/categories?post=4643"},{"taxonomy":"post_tag","embeddable":true,"href":"https:\/\/www.bustreff.de\/busmagazin\/wp-json\/wp\/v2\/tags?post=4643"}],"curies":[{"name":"wp","href":"https:\/\/api.w.org\/{rel}","templated":true}]}}