{"id":4651,"date":"2018-01-10T08:05:47","date_gmt":"2018-01-10T07:05:47","guid":{"rendered":"https:\/\/www.bustreff.de\/busmagazin\/?p=4651"},"modified":"2018-01-07T17:24:54","modified_gmt":"2018-01-07T16:24:54","slug":"wuerth-gruppe-uebernimmt-liqui-moly","status":"publish","type":"post","link":"https:\/\/www.bustreff.de\/busmagazin\/wuerth-gruppe-uebernimmt-liqui-moly\/","title":{"rendered":"W\u00fcrth-Gruppe \u00fcbernimmt Liqui Moly"},"content":{"rendered":"<div id=\"pl-4651\"  class=\"panel-layout\" ><div id=\"pg-4651-0\"  class=\"panel-grid panel-no-style\" ><div id=\"pgc-4651-0-0\"  class=\"panel-grid-cell\" ><div id=\"panel-4651-0-0-0\" class=\"so-panel widget widget_sow-editor panel-first-child panel-last-child\" data-index=\"0\" ><div\n\t\t\t\n\t\t\tclass=\"so-widget-sow-editor so-widget-sow-editor-base\"\n\t\t\t\n\t\t>\n<div class=\"siteorigin-widget-tinymce textwidget\">\n\t<p>Liqui Moly bekommt einen neuen Eigent\u00fcmer. Zum Jahreswechsel hat der gesch\u00e4ftsf\u00fchrende Gesellschafter Ernst Prost (Foto) seine Unternehmensanteile an die W\u00fcrth-Gruppe verkauft. \u201eDamit stelle ich den Fortbestand von Liqui Moly und M\u00e9guin f\u00fcr eine Zeit sicher, wenn ich selbst einmal nicht mehr am Steuerrad stehen sollte\u201c, so Prost, der Gesch\u00e4ftsf\u00fchrer des Unternehmensverbundes bleibt.<\/p>\n<p>Zur W\u00fcrth-Gruppe mit ihren mehr als 70.000 Mitarbeitern und 12,5 Milliarden Euro Umsatz besteht eine lange Beziehung. Seit fast 20 Jahren ist sie stiller Teilhaber bei Liqui Moly, das ein breites Sortiment an Automotiv-Chemie bietet: Motoren\u00f6le und Additive, Fette und Pasten, Sprays und Autopflege, Klebe- und Dichtstoffe. Gegr\u00fcndet 1957 entwickelt und produziert Liqui Moly ausschlie\u00dflich in Deutschland. Das Unternehmen verkauft seine Produkte in mehr als 120 L\u00e4ndern und erwirtschaftete im vergangenen Jahr einen Umsatz von 489 Millionen Euro.<\/p>\n<p>\u00a0<\/p>\n<p>Bildquelle: Liqui Moly<\/p>\n<\/div>\n<\/div><\/div><\/div><div id=\"pgc-4651-0-1\"  class=\"panel-grid-cell\" ><div id=\"panel-4651-0-1-0\" class=\"so-panel widget widget_sow-image panel-first-child panel-last-child\" data-index=\"1\" ><div\n\t\t\t\n\t\t\tclass=\"so-widget-sow-image so-widget-sow-image-default-8b5b6f678277-4651\"\n\t\t\t\n\t\t>\n<div class=\"sow-image-container\">\n\t\t<img \n\tsrc=\"https:\/\/www.bustreff.de\/busmagazin\/wp-content\/uploads\/2018\/01\/Ernst_Prost_Motoroel_motoroil-303x512.jpg\" width=\"303\" height=\"512\" srcset=\"https:\/\/www.bustreff.de\/busmagazin\/wp-content\/uploads\/2018\/01\/Ernst_Prost_Motoroel_motoroil-303x512.jpg 303w, https:\/\/www.bustreff.de\/busmagazin\/wp-content\/uploads\/2018\/01\/Ernst_Prost_Motoroel_motoroil-89x150.jpg 89w, https:\/\/www.bustreff.de\/busmagazin\/wp-content\/uploads\/2018\/01\/Ernst_Prost_Motoroel_motoroil-200x337.jpg 200w, https:\/\/www.bustreff.de\/busmagazin\/wp-content\/uploads\/2018\/01\/Ernst_Prost_Motoroel_motoroil-768x1296.jpg 768w, https:\/\/www.bustreff.de\/busmagazin\/wp-content\/uploads\/2018\/01\/Ernst_Prost_Motoroel_motoroil.jpg 1400w\" sizes=\"(max-width: 303px) 100vw, 303px\" alt=\"\" \t\tclass=\"so-widget-image\"\/>\n\t<\/div>\n\n<\/div><\/div><\/div><\/div><\/div>","protected":false},"excerpt":{"rendered":"<p>Liqui Moly bekommt einen neuen Eigent\u00fcmer. Zum Jahreswechsel hat der gesch\u00e4ftsf\u00fchrende Gesellschafter Ernst Prost (Foto) seine Unternehmensanteile an die W\u00fcrth-Gruppe verkauft. \u201eDamit stelle ich den Fortbestand von Liqui Moly und M\u00e9guin f\u00fcr eine Zeit sicher, wenn ich selbst einmal nicht mehr am Steuerrad stehen sollte\u201c, so Prost, der Gesch\u00e4ftsf\u00fchrer des Unternehmensverbundes bleibt. Zur W\u00fcrth-Gruppe mit &#8230; <a href=\"https:\/\/www.bustreff.de\/busmagazin\/wuerth-gruppe-uebernimmt-liqui-moly\/\" class=\"more-link\">mehr<\/a><\/p>\n","protected":false},"author":10,"featured_media":4652,"comment_status":"closed","ping_status":"closed","sticky":false,"template":"","format":"standard","meta":{"footnotes":""},"categories":[5],"tags":[],"class_list":["post-4651","post","type-post","status-publish","format-standard","has-post-thumbnail","hentry","category-busmagazin"],"_links":{"self":[{"href":"https:\/\/www.bustreff.de\/busmagazin\/wp-json\/wp\/v2\/posts\/4651","targetHints":{"allow":["GET"]}}],"collection":[{"href":"https:\/\/www.bustreff.de\/busmagazin\/wp-json\/wp\/v2\/posts"}],"about":[{"href":"https:\/\/www.bustreff.de\/busmagazin\/wp-json\/wp\/v2\/types\/post"}],"author":[{"embeddable":true,"href":"https:\/\/www.bustreff.de\/busmagazin\/wp-json\/wp\/v2\/users\/10"}],"replies":[{"embeddable":true,"href":"https:\/\/www.bustreff.de\/busmagazin\/wp-json\/wp\/v2\/comments?post=4651"}],"version-history":[{"count":4,"href":"https:\/\/www.bustreff.de\/busmagazin\/wp-json\/wp\/v2\/posts\/4651\/revisions"}],"predecessor-version":[{"id":4656,"href":"https:\/\/www.bustreff.de\/busmagazin\/wp-json\/wp\/v2\/posts\/4651\/revisions\/4656"}],"wp:featuredmedia":[{"embeddable":true,"href":"https:\/\/www.bustreff.de\/busmagazin\/wp-json\/wp\/v2\/media\/4652"}],"wp:attachment":[{"href":"https:\/\/www.bustreff.de\/busmagazin\/wp-json\/wp\/v2\/media?parent=4651"}],"wp:term":[{"taxonomy":"category","embeddable":true,"href":"https:\/\/www.bustreff.de\/busmagazin\/wp-json\/wp\/v2\/categories?post=4651"},{"taxonomy":"post_tag","embeddable":true,"href":"https:\/\/www.bustreff.de\/busmagazin\/wp-json\/wp\/v2\/tags?post=4651"}],"curies":[{"name":"wp","href":"https:\/\/api.w.org\/{rel}","templated":true}]}}