{"id":6991,"date":"2018-11-21T08:10:30","date_gmt":"2018-11-21T07:10:30","guid":{"rendered":"https:\/\/www.bustreff.de\/busmagazin\/?p=6991"},"modified":"2018-11-15T22:11:47","modified_gmt":"2018-11-15T21:11:47","slug":"grossauftrag-fuer-mercedes-benz-brasilien","status":"publish","type":"post","link":"https:\/\/www.bustreff.de\/busmagazin\/grossauftrag-fuer-mercedes-benz-brasilien\/","title":{"rendered":"Gro\u00dfauftrag f\u00fcr Mercedes-Benz Brasilien"},"content":{"rendered":"<div id=\"pl-6991\"  class=\"panel-layout\" ><div id=\"pg-6991-0\"  class=\"panel-grid panel-no-style\" ><div id=\"pgc-6991-0-0\"  class=\"panel-grid-cell\" ><div id=\"panel-6991-0-0-0\" class=\"so-panel widget widget_sow-editor panel-first-child panel-last-child\" data-index=\"0\" ><div\n\t\t\t\n\t\t\tclass=\"so-widget-sow-editor so-widget-sow-editor-base\"\n\t\t\t\n\t\t>\n<div class=\"siteorigin-widget-tinymce textwidget\">\n\t<p>Mercedes-Benz do Brasil hat einen Auftrag \u00fcber 121 Stadtbusse f\u00fcr die Erneuerung von Busflotten verschiedener Betreiber in Curitiba, der Hauptstadt des s\u00fcdbrasilianischen Bundesstaates Paran\u00e1, erhalten. Die Busse werden innerhalb des \u00d6PNV-Systems von Curitiba eingesetzt. Bis Februar 2019 sollen sie ausgeliefert werden.<\/p>\n<p>Im Jahresverlauf setzte der Bus-Markt in Brasilien seinen Erholungskurs fort. Mercedes-Benz konnte dabei seine Marktf\u00fchrerschaft weiterhin behaupten. Im Zeitraum Januar bis Oktober 2018 erreichte Daimler Buses in Brasilien einen Marktanteil von rund 55 Prozent im Segment der Busse mit einem zul\u00e4ssigen H\u00f6chstgewicht von mehr als 8 Tonnen. Insgesamt stieg der Absatz von Daimler Buses in Brasilien (ohne Mexiko) in den ersten zehn Monaten 2018 um rund 18 Prozent auf 7.200 Fahrgestelle im Vergleich zum Vorjahreszeitraum.<\/p>\n<p>&nbsp;<\/p>\n<p>Bildquelle: Daimler<\/p>\n<\/div>\n<\/div><\/div><\/div><div id=\"pgc-6991-0-1\"  class=\"panel-grid-cell\" ><div id=\"panel-6991-0-1-0\" class=\"so-panel widget widget_sow-image panel-first-child panel-last-child\" data-index=\"1\" ><div\n\t\t\t\n\t\t\tclass=\"so-widget-sow-image so-widget-sow-image-default-8b5b6f678277-6991\"\n\t\t\t\n\t\t>\n<div class=\"sow-image-container\">\n\t\t<img \n\tsrc=\"https:\/\/www.bustreff.de\/busmagazin\/wp-content\/uploads\/2018\/11\/mb-brasil-512x384.jpg\" width=\"512\" height=\"384\" srcset=\"https:\/\/www.bustreff.de\/busmagazin\/wp-content\/uploads\/2018\/11\/mb-brasil-512x384.jpg 512w, https:\/\/www.bustreff.de\/busmagazin\/wp-content\/uploads\/2018\/11\/mb-brasil-200x150.jpg 200w, https:\/\/www.bustreff.de\/busmagazin\/wp-content\/uploads\/2018\/11\/mb-brasil-768x576.jpg 768w, https:\/\/www.bustreff.de\/busmagazin\/wp-content\/uploads\/2018\/11\/mb-brasil.jpg 1024w\" sizes=\"(max-width: 512px) 100vw, 512px\" title=\"Gro\u00dfauftrag f\u00fcr Mercedes-Benz Brasilien: 121 Stadtbusse f\u00fcr die Erneuerung der Busflotte von Curitiba \n\nMajor order for Mercedes-Benz Brazil: 121 urban buses to modernise the bus fleet in Curitiba\" alt=\"\" \t\tclass=\"so-widget-image\"\/>\n\t<\/div>\n\n<\/div><\/div><\/div><\/div><\/div>","protected":false},"excerpt":{"rendered":"<p>Mercedes-Benz do Brasil hat einen Auftrag \u00fcber 121 Stadtbusse f\u00fcr die Erneuerung von Busflotten verschiedener Betreiber in Curitiba, der Hauptstadt des s\u00fcdbrasilianischen Bundesstaates Paran\u00e1, erhalten. Die Busse werden innerhalb des \u00d6PNV-Systems von Curitiba eingesetzt. Bis Februar 2019 sollen sie ausgeliefert werden. Im Jahresverlauf setzte der Bus-Markt in Brasilien seinen Erholungskurs fort. Mercedes-Benz konnte dabei seine &#8230; <a href=\"https:\/\/www.bustreff.de\/busmagazin\/grossauftrag-fuer-mercedes-benz-brasilien\/\" class=\"more-link\">mehr<\/a><\/p>\n","protected":false},"author":10,"featured_media":6992,"comment_status":"closed","ping_status":"closed","sticky":false,"template":"","format":"standard","meta":{"footnotes":""},"categories":[5],"tags":[],"class_list":["post-6991","post","type-post","status-publish","format-standard","has-post-thumbnail","hentry","category-busmagazin"],"_links":{"self":[{"href":"https:\/\/www.bustreff.de\/busmagazin\/wp-json\/wp\/v2\/posts\/6991","targetHints":{"allow":["GET"]}}],"collection":[{"href":"https:\/\/www.bustreff.de\/busmagazin\/wp-json\/wp\/v2\/posts"}],"about":[{"href":"https:\/\/www.bustreff.de\/busmagazin\/wp-json\/wp\/v2\/types\/post"}],"author":[{"embeddable":true,"href":"https:\/\/www.bustreff.de\/busmagazin\/wp-json\/wp\/v2\/users\/10"}],"replies":[{"embeddable":true,"href":"https:\/\/www.bustreff.de\/busmagazin\/wp-json\/wp\/v2\/comments?post=6991"}],"version-history":[{"count":4,"href":"https:\/\/www.bustreff.de\/busmagazin\/wp-json\/wp\/v2\/posts\/6991\/revisions"}],"predecessor-version":[{"id":6996,"href":"https:\/\/www.bustreff.de\/busmagazin\/wp-json\/wp\/v2\/posts\/6991\/revisions\/6996"}],"wp:featuredmedia":[{"embeddable":true,"href":"https:\/\/www.bustreff.de\/busmagazin\/wp-json\/wp\/v2\/media\/6992"}],"wp:attachment":[{"href":"https:\/\/www.bustreff.de\/busmagazin\/wp-json\/wp\/v2\/media?parent=6991"}],"wp:term":[{"taxonomy":"category","embeddable":true,"href":"https:\/\/www.bustreff.de\/busmagazin\/wp-json\/wp\/v2\/categories?post=6991"},{"taxonomy":"post_tag","embeddable":true,"href":"https:\/\/www.bustreff.de\/busmagazin\/wp-json\/wp\/v2\/tags?post=6991"}],"curies":[{"name":"wp","href":"https:\/\/api.w.org\/{rel}","templated":true}]}}