{"id":7036,"date":"2018-11-22T06:22:16","date_gmt":"2018-11-22T05:22:16","guid":{"rendered":"https:\/\/www.bustreff.de\/busmagazin\/?p=7036"},"modified":"2018-11-20T11:23:41","modified_gmt":"2018-11-20T10:23:41","slug":"bmvi-foerderung-von-e-ladestationen","status":"publish","type":"post","link":"https:\/\/www.bustreff.de\/busmagazin\/bmvi-foerderung-von-e-ladestationen\/","title":{"rendered":"BMVI: F\u00f6rderung von E-Ladestationen"},"content":{"rendered":"<div id=\"pl-7036\"  class=\"panel-layout\" ><div id=\"pg-7036-0\"  class=\"panel-grid panel-no-style\" ><div id=\"pgc-7036-0-0\"  class=\"panel-grid-cell\" ><div id=\"panel-7036-0-0-0\" class=\"so-panel widget widget_sow-editor panel-first-child panel-last-child\" data-index=\"0\" ><div\n\t\t\t\n\t\t\tclass=\"so-widget-sow-editor so-widget-sow-editor-base\"\n\t\t\t\n\t\t>\n<div class=\"siteorigin-widget-tinymce textwidget\">\n\t<p>Ab heute (22.11.2018) k\u00f6nnen erneut F\u00f6rderantr\u00e4ge f\u00fcr E-Ladestationen gestellt werden. Mit dem dritten Aufruf des Bundesprogramms Ladeinfrastruktur f\u00f6rdert das Bundesministerium f\u00fcr Verkehr und digitale Infrastruktur (BMVI) die Errichtung von bis zu 10.000 Normal- und 3.000 Schnellladepunkten. Daf\u00fcr stehen rund 70 Mio. Euro bereit. Der Aufruf endet am 20.2.2019.<\/p>\n<p>Das Bundesprogramm Ladeinfrastruktur des BMVI trifft auf eine sehr gro\u00dfe Nachfrage, wie das Ministerium in einer Pressemitteilung unterstreicht. Alle in den ersten beiden F\u00f6rderaufrufen eingegangenen Antr\u00e4ge werden demnach bis Ende dieses Jahres beschieden sein. Bisher wurden Antr\u00e4ge f\u00fcr insgesamt 15.803 Ladepunkte, davon 13.473 Normalladepunkte und 2.330 Schnellladepunkte bewilligt. Das entspricht einem F\u00f6rdervolumen von mehr als 76 Mio. Euro. Damit wurde die Zahl der vorhandenen Ladepunkte mehr als verdoppelt, teilte das Ministerium mit.<\/p>\n<p>Ziel des Bundesprogramms Ladeinfrastruktur ist der Aufbau einer fl\u00e4chendeckenden Ladeinfrastruktur mit bundesweit 15.000 Lades\u00e4ulen. Daf\u00fcr stellt das BMVI bis 2020 insgesamt 300 Mio. Euro bereit. Private Investoren, St\u00e4dte und Gemeinden k\u00f6nnen F\u00f6rderantr\u00e4ge stellen. Die F\u00f6rderung umfasst bis zu 50 % der f\u00f6rderf\u00e4higen Kosten und neben der Errichtung der Lades\u00e4ule auch den Netzanschluss und die Montage. Voraussetzung f\u00fcr die F\u00f6rderung ist u. a., dass die Lades\u00e4ulen \u00f6ffentlich zug\u00e4nglich sind und mit Strom aus erneuerbaren Energien betrieben werden.\u200e<\/p>\n<p>&nbsp;<\/p>\n<p>Bildquelle: BMVI<\/p>\n<\/div>\n<\/div><\/div><\/div><div id=\"pgc-7036-0-1\"  class=\"panel-grid-cell\" ><div id=\"panel-7036-0-1-0\" class=\"so-panel widget widget_sow-image panel-first-child panel-last-child\" data-index=\"1\" ><div\n\t\t\t\n\t\t\tclass=\"so-widget-sow-image so-widget-sow-image-default-8b5b6f678277-7036\"\n\t\t\t\n\t\t>\n<div class=\"sow-image-container\">\n\t\t<img \n\tsrc=\"https:\/\/www.bustreff.de\/busmagazin\/wp-content\/uploads\/2018\/11\/e-ladesaeule-512x288.png\" width=\"512\" height=\"288\" srcset=\"https:\/\/www.bustreff.de\/busmagazin\/wp-content\/uploads\/2018\/11\/e-ladesaeule-512x288.png 512w, https:\/\/www.bustreff.de\/busmagazin\/wp-content\/uploads\/2018\/11\/e-ladesaeule-200x112.png 200w, https:\/\/www.bustreff.de\/busmagazin\/wp-content\/uploads\/2018\/11\/e-ladesaeule-768x431.png 768w, https:\/\/www.bustreff.de\/busmagazin\/wp-content\/uploads\/2018\/11\/e-ladesaeule.png 810w\" sizes=\"(max-width: 512px) 100vw, 512px\" alt=\"\" \t\tclass=\"so-widget-image\"\/>\n\t<\/div>\n\n<\/div><\/div><\/div><\/div><\/div>","protected":false},"excerpt":{"rendered":"<p>Ab heute (22.11.2018) k\u00f6nnen erneut F\u00f6rderantr\u00e4ge f\u00fcr E-Ladestationen gestellt werden. Mit dem dritten Aufruf des Bundesprogramms Ladeinfrastruktur f\u00f6rdert das Bundesministerium f\u00fcr Verkehr und digitale Infrastruktur (BMVI) die Errichtung von bis zu 10.000 Normal- und 3.000 Schnellladepunkten. Daf\u00fcr stehen rund 70 Mio. Euro bereit. Der Aufruf endet am 20.2.2019. Das Bundesprogramm Ladeinfrastruktur des BMVI trifft auf &#8230; <a href=\"https:\/\/www.bustreff.de\/busmagazin\/bmvi-foerderung-von-e-ladestationen\/\" class=\"more-link\">mehr<\/a><\/p>\n","protected":false},"author":6,"featured_media":7039,"comment_status":"closed","ping_status":"closed","sticky":false,"template":"","format":"standard","meta":{"footnotes":""},"categories":[5],"tags":[],"class_list":["post-7036","post","type-post","status-publish","format-standard","has-post-thumbnail","hentry","category-busmagazin"],"_links":{"self":[{"href":"https:\/\/www.bustreff.de\/busmagazin\/wp-json\/wp\/v2\/posts\/7036","targetHints":{"allow":["GET"]}}],"collection":[{"href":"https:\/\/www.bustreff.de\/busmagazin\/wp-json\/wp\/v2\/posts"}],"about":[{"href":"https:\/\/www.bustreff.de\/busmagazin\/wp-json\/wp\/v2\/types\/post"}],"author":[{"embeddable":true,"href":"https:\/\/www.bustreff.de\/busmagazin\/wp-json\/wp\/v2\/users\/6"}],"replies":[{"embeddable":true,"href":"https:\/\/www.bustreff.de\/busmagazin\/wp-json\/wp\/v2\/comments?post=7036"}],"version-history":[{"count":6,"href":"https:\/\/www.bustreff.de\/busmagazin\/wp-json\/wp\/v2\/posts\/7036\/revisions"}],"predecessor-version":[{"id":7043,"href":"https:\/\/www.bustreff.de\/busmagazin\/wp-json\/wp\/v2\/posts\/7036\/revisions\/7043"}],"wp:featuredmedia":[{"embeddable":true,"href":"https:\/\/www.bustreff.de\/busmagazin\/wp-json\/wp\/v2\/media\/7039"}],"wp:attachment":[{"href":"https:\/\/www.bustreff.de\/busmagazin\/wp-json\/wp\/v2\/media?parent=7036"}],"wp:term":[{"taxonomy":"category","embeddable":true,"href":"https:\/\/www.bustreff.de\/busmagazin\/wp-json\/wp\/v2\/categories?post=7036"},{"taxonomy":"post_tag","embeddable":true,"href":"https:\/\/www.bustreff.de\/busmagazin\/wp-json\/wp\/v2\/tags?post=7036"}],"curies":[{"name":"wp","href":"https:\/\/api.w.org\/{rel}","templated":true}]}}